{"id":159356,"date":"2022-09-01T12:32:54","date_gmt":"2022-09-01T17:32:54","guid":{"rendered":"https:\/\/visionpeninsular.com\/mid\/?p=159356"},"modified":"2022-09-01T12:32:58","modified_gmt":"2022-09-01T17:32:58","slug":"empleado-de-la-prepa-2-recibe-medalla-al-merito-universitario-felipe-carillo-puerto","status":"publish","type":"post","link":"https:\/\/visionpeninsular.com\/mid\/empleado-de-la-prepa-2-recibe-medalla-al-merito-universitario-felipe-carillo-puerto\/","title":{"rendered":"Empleado  de la Prepa 2 recibe Medalla al M\u00e9rito Universitario \u201cFelipe Carillo Puerto\u201d"},"content":{"rendered":"\n<p>M\u00e9rida, Yucat\u00e1n, a 31 de agosto de 2022.- \u201cEl ganar este premio, me ayuda a fortalecer mis valores y principios, seguir siendo respetuoso con las personas, porque de eso se trata, de regresar a la sociedad lo que hoy estamos recibiendo\u201d, extern\u00f3 Leovigildo Bernardo Tuyub Coll\u00ed, recipiendario de la Medalla al M\u00e9rito Universitario \u201cFelipe Carillo Puerto\u201d 2022 en la categor\u00eda de Trabajador Manual.<\/p>\n\n\n\n<p>Fue un 4 de mayo de 1995, hace 27 a\u00f1os, cuando Leovigildo comenz\u00f3 a trabajar en la Universidad Aut\u00f3noma de Yucat\u00e1n (UADY), espec\u00edficamente en la Escuela Preparatoria Dos como pe\u00f3n, lo que, de alguna manera, fue un aliciente para superarse y poder cumplir todas sus metas.<\/p>\n\n\n\n<p>\u201cPor necesidad tuve que dejar de estudiar, en 1995 llegu\u00e9 a la Preparatoria Dos, empec\u00e9 como pe\u00f3n, al principio pens\u00e9 que no podr\u00eda concluir mis estudios, pero luego me di cuenta de que dentro de los beneficios que como empleado tengo, est\u00e1n el poder continuar estudiando, as\u00ed que me puse a investigar, empec\u00e9 los tr\u00e1mites y pude ingresar a la Facultad de Antropolog\u00eda a la Licenciatura en Historia\u201d, narr\u00f3.<\/p>\n\n\n\n<p>Durante varios a\u00f1os combin\u00f3 trabajo y estudios, pues \u00e9l ten\u00eda claro su objetivo de concluir una carrera. Al paso del tiempo, lleg\u00f3 un punto en el que los maestros de la Preparatoria Dos, donde continu\u00f3 desempe\u00f1\u00e1ndose como Auxiliar de Limpieza, le ofrecieron dar clases de Historia; sin embargo, \u00e9l se neg\u00f3 porque consider\u00f3 que la docencia requer\u00eda de mucho esfuerzo.<\/p>\n\n\n\n<p>Aunque recuerda con gusto, que s\u00ed deseaba ser maestro, pero deb\u00eda terminar su carrera para poder hacerlo, de manera que continu\u00f3 hasta presentar su tesis sobre la comunidad que lo vio nacer y crecer, la comisar\u00eda de Molas, ubicada al sur de la ciudad de M\u00e9rida, con lo que obtuvo el grado de licenciado en Historia.<\/p>\n\n\n\n<p>\u201cEscrib\u00ed una tesis llamada \u2018La reconstrucci\u00f3n Hist\u00f3rica del pueblo de Molas\u2019, con ella me recib\u00ed de licenciado y siento mucho orgullo en ver que ahora estudiantes de otras carreras la consultan y la citan, adem\u00e1s de que los ni\u00f1os del pueblo tambi\u00e9n la han le\u00eddo\u201d, detall\u00f3.<\/p>\n\n\n\n<p>Una vez concluida esa etapa, Leovigildo regres\u00f3 a las aulas entre los a\u00f1os 2003 y 2010, pero ahora como maestro de Maya, una lengua que, asegura, aprendi\u00f3 con el tiempo a pesar de que sus pap\u00e1s siempre le hablaban en espa\u00f1ol. Fueron varias generaciones de estudiantes de las escuelas Preparatoria Uno y Dos quienes tomaron clases con \u00e9l, logrando un total de seis grupos.<\/p>\n\n\n\n<p>Entre sus logros, tambi\u00e9n se cuenta que ha publicado en la prensa local textos como \u201cTixhualat\u00fan y sus Artesan\u00edas\u201d, as\u00ed como \u201cXtab, Xtabay y Xtabent\u00fan\u201d; y a trav\u00e9s de la editorial Trillas public\u00f3 los cuentos \u201cEl tigre y la Escarabaja\u201d y \u201cPancho y Nicol\u00e1s\u201d, entre otros.<\/p>\n\n\n\n<p>\u201cHoy trabajo como velador, siempre en la Prepa Dos, pero eso no me hace ajeno a la comunidad estudiantil y acad\u00e9mica, sigo siendo parte de los cambios de generaciones, de planes de estudios, las modificaciones f\u00edsicas que tiene la escuela, y si puedo, sigo compartiendo lo que s\u00e9, lo que conozco, porque es una forma de regresar a la Universidad todo lo que ha hecho por m\u00ed\u201d, finaliz\u00f3.<\/p>\n<div class='share-to-whatsapp-wrapper'><div class='share-on-whsp'>Share on: <\/div><a data-text='Empleado  de la Prepa 2 recibe Medalla al M\u00e9rito Universitario \u201cFelipe Carillo Puerto\u201d' data-link='https:\/\/visionpeninsular.com\/mid\/empleado-de-la-prepa-2-recibe-medalla-al-merito-universitario-felipe-carillo-puerto\/' class='whatsapp-button whatsapp-share'>WhatsApp<\/a><div class='clear '><\/div><\/div>","protected":false},"excerpt":{"rendered":"<p>M\u00e9rida, Yucat\u00e1n, a 31 de agosto de 2022.- \u201cEl ganar este premio, me ayuda a fortalecer mis valores y principios, seguir siendo respetuoso con las personas, porque de eso se trata, de regresar a la sociedad lo que hoy estamos recibiendo\u201d, extern\u00f3 Leovigildo Bernardo Tuyub Coll\u00ed, recipiendario de la Medalla al M\u00e9rito Universitario \u201cFelipe Carillo &hellip;<\/p>\n","protected":false},"author":5,"featured_media":159358,"comment_status":"open","ping_status":"open","sticky":false,"template":"","format":"standard","meta":{"_mi_skip_tracking":false},"categories":[50,37],"tags":[32803,32802,9265,32804],"_links":{"self":[{"href":"https:\/\/visionpeninsular.com\/mid\/wp-json\/wp\/v2\/posts\/159356"}],"collection":[{"href":"https:\/\/visionpeninsular.com\/mid\/wp-json\/wp\/v2\/posts"}],"about":[{"href":"https:\/\/visionpeninsular.com\/mid\/wp-json\/wp\/v2\/types\/post"}],"author":[{"embeddable":true,"href":"https:\/\/visionpeninsular.com\/mid\/wp-json\/wp\/v2\/users\/5"}],"replies":[{"embeddable":true,"href":"https:\/\/visionpeninsular.com\/mid\/wp-json\/wp\/v2\/comments?post=159356"}],"version-history":[{"count":1,"href":"https:\/\/visionpeninsular.com\/mid\/wp-json\/wp\/v2\/posts\/159356\/revisions"}],"predecessor-version":[{"id":159359,"href":"https:\/\/visionpeninsular.com\/mid\/wp-json\/wp\/v2\/posts\/159356\/revisions\/159359"}],"wp:featuredmedia":[{"embeddable":true,"href":"https:\/\/visionpeninsular.com\/mid\/wp-json\/wp\/v2\/media\/159358"}],"wp:attachment":[{"href":"https:\/\/visionpeninsular.com\/mid\/wp-json\/wp\/v2\/media?parent=159356"}],"wp:term":[{"taxonomy":"category","embeddable":true,"href":"https:\/\/visionpeninsular.com\/mid\/wp-json\/wp\/v2\/categories?post=159356"},{"taxonomy":"post_tag","embeddable":true,"href":"https:\/\/visionpeninsular.com\/mid\/wp-json\/wp\/v2\/tags?post=159356"}],"curies":[{"name":"wp","href":"https:\/\/api.w.org\/{rel}","templated":true}]}}