{"id":158800,"date":"2022-08-20T10:50:51","date_gmt":"2022-08-20T15:50:51","guid":{"rendered":"https:\/\/visionpeninsular.com\/mid\/?p=158800"},"modified":"2022-08-20T10:50:58","modified_gmt":"2022-08-20T15:50:58","slug":"los-psicologos-de-la-estrategia-cuenta-conmigo-listos-para-el-regreso-a-clases","status":"publish","type":"post","link":"https:\/\/visionpeninsular.com\/mid\/los-psicologos-de-la-estrategia-cuenta-conmigo-listos-para-el-regreso-a-clases\/","title":{"rendered":"Los psic\u00f3logos de la estrategia \u00a1Cuenta conmigo!, listos para el regreso a clases"},"content":{"rendered":"\n<ul><li><strong><em>Con este servicio psicoeducativo se benefician a 38 mil estudiantes de todo el estado<\/em><\/strong><\/li><\/ul>\n\n\n\n<p>Para contribuir a la educaci\u00f3n integral de los estudiantes y el acompa\u00f1amiento en el aspecto socio emocional, el equipo de psic\u00f3logos del Departamento de Desarrollo Humano, est\u00e1n listos para brindar su servicio como parte de la estrategia estatal \u00a1Cuenta Conmigo! para el ciclo escolar que est\u00e1 por iniciar el 29 de agosto.<\/p>\n\n\n\n<p>Siguiendo la instrucci\u00f3n del titular de la Secretar\u00eda de Educaci\u00f3n del Gobierno del Estado de Yucat\u00e1n, Liborio Vidal Aguilar de brindar una atenci\u00f3n de calidad y calidez a la comunidad educativa, para el nuevo curso se prev\u00e9 beneficiar a 38 mil estudiantes de 86 escuelas secundarias p\u00fablicas, ubicadas en 23 municipios del estado.<\/p>\n\n\n\n<p>\u201cMi respeto y reconocimiento a este equipo de profesionales que con dedicaci\u00f3n y vocaci\u00f3n trabajan cada d\u00eda en los planteles para que nuestros j\u00f3venes reciban la orientaci\u00f3n y el apoyo necesario para que su experiencia en esta etapa de la vida sea enriquecedora para su presente y futuro\u201d, expres\u00f3 el Secretario de Educaci\u00f3n.<\/p>\n\n\n\n<p>La directora de Desarrollo Personal y Social,&nbsp; Magally Cruz Nucamendi, \u00e1rea a la que pertenece el Departamento de Desarrollo Humano, explic\u00f3 que esta estrategia apoya en el entorno escolar, para fortalecer a la comunidad educativa de los centros educativos de nivel secundaria de las diversas regiones de la entidad, a trav\u00e9s de un modelo psicoeducativo para el desarrollo acad\u00e9mico y emocional.&nbsp;<\/p>\n\n\n\n<p>Destac\u00f3 que, gracias a todo el trabajo del equipo de profesionales, \u00a1Cuenta conmigo! cumplir\u00e1 15 a\u00f1os de ofrecer asesor\u00edas, orientaci\u00f3n y consejer\u00eda para los estudiantes y sus familias; acciones dirigidas a los alumnos y personal escolar, como encuentros reflexivos, mesas paneles, cine foros, as\u00ed como capacitaci\u00f3n al personal de apoyo de las secundarias como prefectos y trabajadores sociales.<\/p>\n\n\n\n<p>Juan Ram\u00f3n Sosa C\u00e1mara, responsable de la estrategia en la entidad, destac\u00f3 que este nuevo periodo escolar se mantendr\u00e1n las l\u00edneas de atenci\u00f3n y prevenci\u00f3n, tanto de manera individual como grupal. Se\u00f1al\u00f3 que, ante el regreso a clases presenciales, los profesionales de la Psicolog\u00eda asignados a las escuelas, est\u00e1n preparados para recibir a los adolescentes y brindar un acompa\u00f1amiento sensible.<\/p>\n\n\n\n<p>&nbsp;\u201cEstamos listos y particularmente en este ciclo escolar, que los estudiantes entran despu\u00e9s de un proceso complicado de pandemia y confinamiento y ahora ya se incorporan de manera plena a la realidad escolar\u201d, agreg\u00f3.&nbsp;<\/p>\n\n\n\n<p>.<\/p>\n\n\n\n<p>Recomend\u00f3 a las madres, padres de familia y tutores a prepararse con conversaciones sobre el tema, abrir los canales de comunicaci\u00f3n para escuchar las necesidades de los estudiantes y expresarles su apoyo. Con esta medida desde casa y en complemento con los psic\u00f3logos de las escuelas se puede consolidar un trabajo colaborativo y continuo a favor de los adolescentes.<\/p>\n<div class='share-to-whatsapp-wrapper'><div class='share-on-whsp'>Share on: <\/div><a data-text='Los psic\u00f3logos de la estrategia \u00a1Cuenta conmigo!, listos para el regreso a clases' data-link='https:\/\/visionpeninsular.com\/mid\/los-psicologos-de-la-estrategia-cuenta-conmigo-listos-para-el-regreso-a-clases\/' class='whatsapp-button whatsapp-share'>WhatsApp<\/a><div class='clear '><\/div><\/div>","protected":false},"excerpt":{"rendered":"<p>Con este servicio psicoeducativo se benefician a 38 mil estudiantes de todo el estado Para contribuir a la educaci\u00f3n integral de los estudiantes y el acompa\u00f1amiento en el aspecto socio emocional, el equipo de psic\u00f3logos del Departamento de Desarrollo Humano, est\u00e1n listos para brindar su servicio como parte de la estrategia estatal \u00a1Cuenta Conmigo! para &hellip;<\/p>\n","protected":false},"author":5,"featured_media":158802,"comment_status":"open","ping_status":"open","sticky":false,"template":"","format":"standard","meta":{"_mi_skip_tracking":false},"categories":[50,37],"tags":[32670,32669,604],"_links":{"self":[{"href":"https:\/\/visionpeninsular.com\/mid\/wp-json\/wp\/v2\/posts\/158800"}],"collection":[{"href":"https:\/\/visionpeninsular.com\/mid\/wp-json\/wp\/v2\/posts"}],"about":[{"href":"https:\/\/visionpeninsular.com\/mid\/wp-json\/wp\/v2\/types\/post"}],"author":[{"embeddable":true,"href":"https:\/\/visionpeninsular.com\/mid\/wp-json\/wp\/v2\/users\/5"}],"replies":[{"embeddable":true,"href":"https:\/\/visionpeninsular.com\/mid\/wp-json\/wp\/v2\/comments?post=158800"}],"version-history":[{"count":1,"href":"https:\/\/visionpeninsular.com\/mid\/wp-json\/wp\/v2\/posts\/158800\/revisions"}],"predecessor-version":[{"id":158803,"href":"https:\/\/visionpeninsular.com\/mid\/wp-json\/wp\/v2\/posts\/158800\/revisions\/158803"}],"wp:featuredmedia":[{"embeddable":true,"href":"https:\/\/visionpeninsular.com\/mid\/wp-json\/wp\/v2\/media\/158802"}],"wp:attachment":[{"href":"https:\/\/visionpeninsular.com\/mid\/wp-json\/wp\/v2\/media?parent=158800"}],"wp:term":[{"taxonomy":"category","embeddable":true,"href":"https:\/\/visionpeninsular.com\/mid\/wp-json\/wp\/v2\/categories?post=158800"},{"taxonomy":"post_tag","embeddable":true,"href":"https:\/\/visionpeninsular.com\/mid\/wp-json\/wp\/v2\/tags?post=158800"}],"curies":[{"name":"wp","href":"https:\/\/api.w.org\/{rel}","templated":true}]}}