{"id":158660,"date":"2022-08-17T11:21:07","date_gmt":"2022-08-17T16:21:07","guid":{"rendered":"https:\/\/visionpeninsular.com\/mid\/?p=158660"},"modified":"2022-08-17T11:21:11","modified_gmt":"2022-08-17T16:21:11","slug":"sep-presenta-nuevo-plan-de-estudios-educacion-integral-y-humanista-sera-su-proposito","status":"publish","type":"post","link":"https:\/\/visionpeninsular.com\/mid\/sep-presenta-nuevo-plan-de-estudios-educacion-integral-y-humanista-sera-su-proposito\/","title":{"rendered":"SEP presenta nuevo Plan de Estudios, educaci\u00f3n integral y humanista ser\u00e1 su prop\u00f3sito"},"content":{"rendered":"\n<ul><li><strong><em>El plan de estudios comenzar\u00e1 como prueba piloto el 29 de octubre de 2022 en 30 escuelas de cada estado del pa\u00eds.<\/em><\/strong><\/li><li><strong><em>La nueva titular de la SEP, Leticia Ram\u00edrez Amaya, ser\u00e1 la que implemente el Plan de Estudios para Educaci\u00f3n B\u00e1sica<\/em><\/strong><\/li><\/ul>\n\n\n\n<p>Elda Montiel<\/p>\n\n\n\n<p>La nueva escuela mexicana es procurar la formaci\u00f3n integral y humanista desde la educaci\u00f3n inicial hasta la superior como una pol\u00edtica p\u00fablica que no cambie por sexenios expuso la titular saliente de la Secretaria de Educaci\u00f3n P\u00fablica (SEP), Delfina G\u00f3mez \u00c1lvarez al presentar el nuevo plan de Estudios para Educaci\u00f3n B\u00e1sica, que estar\u00e1 bajo la implementaci\u00f3n de la nueva titular, Leticia Ram\u00edrez&nbsp; Amaya.<\/p>\n\n\n\n<p>Delfina G\u00f3mez destac\u00f3 que en la nueva escuela mexicana se articulan los aspectos acad\u00e9micos con las diversas realidades sociales del pa\u00eds con la meta de garantizar una ense\u00f1anza de excelencia acad\u00e9mica con base en los principios de inclusi\u00f3n, pluralidad y colaboraci\u00f3n. As\u00ed como la dignificaci\u00f3n del magisterio, y lo que se\u00f1al\u00f3, como un gran avance de esta administraci\u00f3n.<\/p>\n\n\n\n<p>A manera de informe al frente de la SEP, hizo \u00e9nfasis en la dignificaci\u00f3n del magisterio, \u201cpasamos de la descalificaci\u00f3n al respeto\u201d con un incremento del 7.5 % que beneficio a m\u00e1s de un mill\u00f3n de docentes. En una acci\u00f3n sin precedente, dijo, se basificaron 650 mil plazas y anuncio \u201cvamos por m\u00e1s, 1,000 en el Estado de M\u00e9xico y 500 en Sinaloa en los pr\u00f3ximos d\u00edas. Se asignaron 167 mil plazas, \u201cse hacen las promociones de forma ordenada y transparente\u201d.<\/p>\n\n\n\n<p>Reconoci\u00f3 la labor de su predecesor, Esteban Moctezuma quien instrument\u00f3 en pandemia \u201cAprende en Casa\u201d que hoy es un referente internacional. Tambi\u00e9n durante el proceso de pandemia resalt\u00f3 la vacunaci\u00f3n a los docentes que fueron los terceros despu\u00e9s de las personas adultas mayores y el personal de salud.<\/p>\n\n\n\n<p>Respecto a las becas para los estudiantes sobre todo de zonas marginadas, G\u00f3mez \u00c1lvarez mencion\u00f3 que durante el ciclo 2021-2022 se invirtieron 78&nbsp; mil millones de pesos con lo que fueron beneficiados 3.8 millones de familias,&nbsp; 4.1 millones de beneficiarios en educaci\u00f3n media superior y 410 mil j\u00f3venes escribiendo el futuro.<\/p>\n\n\n\n<figure class=\"wp-block-image size-full\"><img loading=\"lazy\" width=\"500\" height=\"333\" src=\"https:\/\/visionpeninsular.com\/mid\/wp-content\/uploads\/2022\/08\/leticia.jpg\" alt=\"\" class=\"wp-image-158663\" srcset=\"https:\/\/visionpeninsular.com\/mid\/wp-content\/uploads\/2022\/08\/leticia.jpg 500w, https:\/\/visionpeninsular.com\/mid\/wp-content\/uploads\/2022\/08\/leticia-300x200.jpg 300w, https:\/\/visionpeninsular.com\/mid\/wp-content\/uploads\/2022\/08\/leticia-310x205.jpg 310w\" sizes=\"(max-width: 500px) 100vw, 500px\" \/><\/figure>\n\n\n\n<p>En el programa La Escuela es Nuestra se invirti\u00f3 un total de 27 mil millones con 112 mil escuelas atendidas entre 2021 y 2022.<\/p>\n\n\n\n<p>Por su parte la jefa de gobierno, Claudia Sheinbaum Pardo, quien asisti\u00f3 al evento, en su intervenci\u00f3n, parafraseo a Jos\u00e9 Mujica, ex presidente de Uruguay al expresar&nbsp; que un pueblo educado tiene las mejores opciones en la vida y es muy dif\u00edcil que a un pueblo educado lo enga\u00f1en los corruptos y los mentirosos.<\/p>\n\n\n\n<p>Y destac\u00f3 que el nuevo modelo educativo reconoce a los docentes, a las familias, a las ni\u00f1as, ni\u00f1os y adolescentes, as\u00ed como a la diversidad cultural con una visi\u00f3n de igualdad y derechos humanos.<\/p>\n\n\n\n<p>Por su parte, la subsecretaria de Educaci\u00f3n B\u00e1sica, Martha Velda Hern\u00e1ndez Moreno,&nbsp;&nbsp; explic\u00f3 que existe un programa piloto que se pondr\u00e1 en marcha&nbsp; en el ciclo escolar 2022-2023&nbsp; que iniciar\u00e1 el pr\u00f3ximo 29 de octubre, con lo que se apuesta a una nueva relaci\u00f3n entre escuela y comunidad.<\/p>\n\n\n\n<p>El Plan consta de cuatro elementos que es la formaci\u00f3n docente, el codise\u00f1o de programas de estudios a cargo de maestras y maestros, desarrollo de estrategias nacionales y transformaci\u00f3n administrativa y de gesti\u00f3n, indic\u00f3.<\/p>\n\n\n\n<p>La rectora de la Universidad Pedag\u00f3gica Nacional, doctora Rosa Mar\u00eda Torres Hern\u00e1ndez dijo que el Plan Educativo propone la resignificaci\u00f3n del papel de la educaci\u00f3n con principios de igualdad sustantiva, solidaridad, reparaci\u00f3n del da\u00f1o, libertad, interculturalidad, justicia ecol\u00f3gica y social, igualdad de g\u00e9nero, inclusi\u00f3n y di\u00e1logo de saberes.<\/p>\n\n\n\n<p>Y por \u00faltimo, el investigador em\u00e9rito de la UNAM, doctor \u00c1ngel D\u00edaz Barriga, a nombre de los especialistas acad\u00e9micos que participaron en la elaboraci\u00f3n del plan educativo, se\u00f1al\u00f3 que, es un cambio relevante al sistema educativo que se basa en la recuperaci\u00f3n de los saberes, del campo de la did\u00e1ctica. Y dijo que los cientos de mesas que se integraron para la constituci\u00f3n del plan educativo, se basa en tres principios, la integraci\u00f3n curricular, el reconocimiento a la profesionalizaci\u00f3n docente y el reconocimiento de la comunidad y el entorno social.<\/p>\n\n\n\n<p>Durante la ceremonia en el Auditorio de la Escuela Secundaria Anexa a la Normal Superior de M\u00e9xico, asistieron la secretaria del Trabajo, Luisa Mar\u00eda Alcalde Lujan, la gobernadora de Guerrero, Evelyn Salgado Pineda que fue invitada a subir al pres\u00eddium, as\u00ed como tambi\u00e9n directoras y directores de escuelas superiores, legisladoras y legisladores.<\/p>\n\n\n\n<p>SEM\/MG<\/p>\n<div class='share-to-whatsapp-wrapper'><div class='share-on-whsp'>Share on: <\/div><a data-text='SEP presenta nuevo Plan de Estudios, educaci\u00f3n integral y humanista ser\u00e1 su prop\u00f3sito' data-link='https:\/\/visionpeninsular.com\/mid\/sep-presenta-nuevo-plan-de-estudios-educacion-integral-y-humanista-sera-su-proposito\/' class='whatsapp-button whatsapp-share'>WhatsApp<\/a><div class='clear '><\/div><\/div>","protected":false},"excerpt":{"rendered":"<p>El plan de estudios comenzar\u00e1 como prueba piloto el 29 de octubre de 2022 en 30 escuelas de cada estado del pa\u00eds.La nueva titular de la SEP, Leticia Ram\u00edrez Amaya, ser\u00e1 la que implemente el Plan de Estudios para Educaci\u00f3n B\u00e1sica Elda Montiel La nueva escuela mexicana es procurar la formaci\u00f3n integral y humanista desde &hellip;<\/p>\n","protected":false},"author":5,"featured_media":158662,"comment_status":"open","ping_status":"open","sticky":false,"template":"","format":"standard","meta":{"_mi_skip_tracking":false},"categories":[19567],"tags":[32629,32630,1576],"_links":{"self":[{"href":"https:\/\/visionpeninsular.com\/mid\/wp-json\/wp\/v2\/posts\/158660"}],"collection":[{"href":"https:\/\/visionpeninsular.com\/mid\/wp-json\/wp\/v2\/posts"}],"about":[{"href":"https:\/\/visionpeninsular.com\/mid\/wp-json\/wp\/v2\/types\/post"}],"author":[{"embeddable":true,"href":"https:\/\/visionpeninsular.com\/mid\/wp-json\/wp\/v2\/users\/5"}],"replies":[{"embeddable":true,"href":"https:\/\/visionpeninsular.com\/mid\/wp-json\/wp\/v2\/comments?post=158660"}],"version-history":[{"count":1,"href":"https:\/\/visionpeninsular.com\/mid\/wp-json\/wp\/v2\/posts\/158660\/revisions"}],"predecessor-version":[{"id":158664,"href":"https:\/\/visionpeninsular.com\/mid\/wp-json\/wp\/v2\/posts\/158660\/revisions\/158664"}],"wp:featuredmedia":[{"embeddable":true,"href":"https:\/\/visionpeninsular.com\/mid\/wp-json\/wp\/v2\/media\/158662"}],"wp:attachment":[{"href":"https:\/\/visionpeninsular.com\/mid\/wp-json\/wp\/v2\/media?parent=158660"}],"wp:term":[{"taxonomy":"category","embeddable":true,"href":"https:\/\/visionpeninsular.com\/mid\/wp-json\/wp\/v2\/categories?post=158660"},{"taxonomy":"post_tag","embeddable":true,"href":"https:\/\/visionpeninsular.com\/mid\/wp-json\/wp\/v2\/tags?post=158660"}],"curies":[{"name":"wp","href":"https:\/\/api.w.org\/{rel}","templated":true}]}}