{"id":1585,"date":"2016-04-14T06:48:29","date_gmt":"2016-04-14T11:48:29","guid":{"rendered":"http:\/\/visionpeninsular.com\/mid\/?p=1585"},"modified":"2016-04-14T06:49:58","modified_gmt":"2016-04-14T11:49:58","slug":"1585","status":"publish","type":"post","link":"https:\/\/visionpeninsular.com\/mid\/1585\/","title":{"rendered":"Gobierno se compromete a mantener la Justicia en el Estado"},"content":{"rendered":"<p>&#8220;La armon\u00eda social es un bien que vamos a proteger con toda la capacidad del gobierno, fortaleciendo las estrategias de prevenci\u00f3n y de orden formativo para que disminuya a su m\u00ednima expresi\u00f3n el n\u00famero de j\u00f3venes que est\u00e9n en la posibilidad de cometer actos delictivos&#8221;, asever\u00f3 el gobernador Alejandro Moreno C\u00e1rdenas al participar en la reuni\u00f3n de sensibilizaci\u00f3n e informaci\u00f3n para la implementaci\u00f3n del nuevo Sistema de Justicia Penal Acusatorio con delegados federales.<\/p>\n<p>Indic\u00f3 que por la seguridad en Campeche se est\u00e1 trabajando fuerte con importantes inversiones y con una polic\u00eda debidamente acreditada y certificada, pero es necesario hacer m\u00e1s cada d\u00eda para fortalecer el sistema de justicia y para que las familias campechanas vivan en paz y tranquilidad.<\/p>\n<p>Manifest\u00f3 que como nunca antes Campeche est\u00e1 comprometido con su propia seguridad y garantiz\u00f3 que se mantendr\u00e1 como el estado con el menor \u00edndice delictivo del pa\u00eds.<\/p>\n<p>El titular del Ejecutivo estatal asegur\u00f3 que la armon\u00eda social es un bien que se va a proteger con toda la capacidad del gobierno, &#8220;pues queremos a nuestros j\u00f3venes en las escuelas, en las canchas, en las actividades de convivencia; queremos que nuestros j\u00f3venes tengan empleo, que tengan m\u00e1s y mejores oportunidades y eso s\u00f3lo se puede lograr trabajando en equipo entre los tres \u00f3rdenes de gobierno en todo el pa\u00eds y teniendo cada d\u00eda m\u00e1s seguridad, tranquilidad y justicia pronta y expedita&#8221;.<\/p>\n<p>Moreno C\u00e1rdenas asegur\u00f3 que el nuevo Sistema de Justicia Penal va en serio en Campeche y su implementaci\u00f3n est\u00e1 siendo respaldada con todo, pues el compromiso es impulsar y construir un Estado de derecho fuerte y al servicio de los ciudadanos.<\/p>\n<p>Se\u00f1al\u00f3 que la sociedad ve a la seguridad, la justicia y la armon\u00eda como tres conceptos inseparables, debido a que s\u00f3lo hay armon\u00eda si hay seguridad y si hay justicia.<\/p>\n<p>El mandatario estatal hizo referencia a los acontecimientos ocurridos ayer donde lamentablemente un joven perdi\u00f3 la vida y asegur\u00f3 que los responsables tendr\u00e1n el castigo que se merecen. &#8220;Casos como el de ayer tan lamentable, una tragedia en una familia que nos lastima a todos los campechanos, nos impone retos espec\u00edficos m\u00e1s de orden formativo que de seguridad; retos formativos para que disminuya a su m\u00ednima expresi\u00f3n el n\u00famero de j\u00f3venes que est\u00e9n en la posibilidad de cometer actos delictivos&#8221;, precis\u00f3.<\/p>\n<p>Mencion\u00f3 que las estrategias de prevenci\u00f3n tienen que fortalecerse y articularse con una gran cantidad de variables que incidan en la disminuci\u00f3n de ese tipo de casos y remarc\u00f3 que tiene que existir un sistema de justicia tan firme que desaliente la comisi\u00f3n de delitos.<\/p>\n<p>El titular del Ejecutivo subray\u00f3 que &#8220;hacer m\u00e1s es ir a la esencia de lo que los campechanos somos: un pueblo con valores y principios. Somos una sociedad que sabe lo que significa la armon\u00eda. Somos un Campeche esencialmente seguro&#8221;.<\/p>\n<p>Por su parte, el secretario de Seguridad P\u00fablica, Jorge Arg\u00e1ez Uribe coment\u00f3 que de los once municipios, 10 ya trabajan con el nuevo Sistema de Justicia, y que en el municipio de Carmen, el \u00fanico que falta, entrar\u00e1 en vigor a partir del 18 de mayo.<\/p>\n<p>Antes, el delegado de Secretar\u00eda de Gobernaci\u00f3n del Estado, Ricardo Ch\u00e1vez P\u00e9rez mencion\u00f3 que durante esta reuni\u00f3n se trataron diversos temas, se intercambiaron experiencias y aclararon dudas referentes a la justicia penal en M\u00e9xico respecto a la coordinaci\u00f3n policial de traslados, el aseguramiento del lugar de los hechos, la cadena de custodia, la concurrencia de delitos y la atenci\u00f3n a v\u00edctimas.<\/p>\n<div class='share-to-whatsapp-wrapper'><div class='share-on-whsp'>Share on: <\/div><a data-text='Gobierno se compromete a mantener la Justicia en el Estado' data-link='https:\/\/visionpeninsular.com\/mid\/1585\/' class='whatsapp-button whatsapp-share'>WhatsApp<\/a><div class='clear '><\/div><\/div>","protected":false},"excerpt":{"rendered":"<p>&#8220;La armon\u00eda social es un bien que vamos a proteger con toda la capacidad del gobierno, fortaleciendo las estrategias de prevenci\u00f3n y de orden formativo para que disminuya a su m\u00ednima expresi\u00f3n el n\u00famero de j\u00f3venes que est\u00e9n en la posibilidad de cometer actos delictivos&#8221;, asever\u00f3 el gobernador Alejandro Moreno C\u00e1rdenas al participar en la &hellip;<\/p>\n","protected":false},"author":1,"featured_media":1588,"comment_status":"open","ping_status":"closed","sticky":false,"template":"","format":"standard","meta":{"_mi_skip_tracking":false},"categories":[46],"tags":[116],"_links":{"self":[{"href":"https:\/\/visionpeninsular.com\/mid\/wp-json\/wp\/v2\/posts\/1585"}],"collection":[{"href":"https:\/\/visionpeninsular.com\/mid\/wp-json\/wp\/v2\/posts"}],"about":[{"href":"https:\/\/visionpeninsular.com\/mid\/wp-json\/wp\/v2\/types\/post"}],"author":[{"embeddable":true,"href":"https:\/\/visionpeninsular.com\/mid\/wp-json\/wp\/v2\/users\/1"}],"replies":[{"embeddable":true,"href":"https:\/\/visionpeninsular.com\/mid\/wp-json\/wp\/v2\/comments?post=1585"}],"version-history":[{"count":2,"href":"https:\/\/visionpeninsular.com\/mid\/wp-json\/wp\/v2\/posts\/1585\/revisions"}],"predecessor-version":[{"id":1587,"href":"https:\/\/visionpeninsular.com\/mid\/wp-json\/wp\/v2\/posts\/1585\/revisions\/1587"}],"wp:featuredmedia":[{"embeddable":true,"href":"https:\/\/visionpeninsular.com\/mid\/wp-json\/wp\/v2\/media\/1588"}],"wp:attachment":[{"href":"https:\/\/visionpeninsular.com\/mid\/wp-json\/wp\/v2\/media?parent=1585"}],"wp:term":[{"taxonomy":"category","embeddable":true,"href":"https:\/\/visionpeninsular.com\/mid\/wp-json\/wp\/v2\/categories?post=1585"},{"taxonomy":"post_tag","embeddable":true,"href":"https:\/\/visionpeninsular.com\/mid\/wp-json\/wp\/v2\/tags?post=1585"}],"curies":[{"name":"wp","href":"https:\/\/api.w.org\/{rel}","templated":true}]}}