{"id":158354,"date":"2022-08-11T08:29:21","date_gmt":"2022-08-11T13:29:21","guid":{"rendered":"https:\/\/visionpeninsular.com\/mid\/?p=158354"},"modified":"2022-08-11T08:29:25","modified_gmt":"2022-08-11T13:29:25","slug":"supervisa-el-gobernador-mauricio-vila-dosal-el-operativo-de-vacunacion-para-ninas-y-ninos-de-5-a-11-anos-en-ticul","status":"publish","type":"post","link":"https:\/\/visionpeninsular.com\/mid\/supervisa-el-gobernador-mauricio-vila-dosal-el-operativo-de-vacunacion-para-ninas-y-ninos-de-5-a-11-anos-en-ticul\/","title":{"rendered":"Supervisa el Gobernador Mauricio Vila Dosal el operativo de vacunaci\u00f3n para ni\u00f1as y ni\u00f1os de 5 a 11 a\u00f1os en Ticul"},"content":{"rendered":"\n<ul><li><strong><em>-La aplicaci\u00f3n de primeras dosis de Pfizer pedi\u00e1trica se realiza, de manera simult\u00e1nea, Chemax, Tekax, Halach\u00f3, Yaxcab\u00e1, Ticul, Motul, Maxcan\u00fa, Oxkutzcab, Hunucm\u00e1, Peto, Izamal, Acanceh, Tixkokob, Tinum, Akil, Muna, Chichimil\u00e1 y Tekit.<\/em><\/strong><\/li><\/ul>\n\n\n\n<p>Ticul, Yucat\u00e1n, 10 de agosto de 2022.- Botargas, malabaristas en zancos, arcos de globos y m\u00fasica enmarcaron el operativo de vacunaci\u00f3n contra el Coronavirus, para ni\u00f1as y ni\u00f1os de 5 a 11 a\u00f1os de edad, que se realiza en Ticul desde el pasado lunes y, este d\u00eda, supervis\u00f3 el Gobernador Mauricio Vila Dosal, con lo que Yucat\u00e1n sigue avanzando en la preservaci\u00f3n y el cuidado de la salud de su poblaci\u00f3n.<\/p>\n\n\n\n<p>En gira de trabajo por dicho municipio, Vila Dosal acudi\u00f3 al domo de la colonia Obrera, para verificar el inicio de la aplicaci\u00f3n de primeras dosis de Pfizer pedi\u00e1trica para este sector, que de manera simult\u00e1nea, se lleva a cabo en Chemax, Tekax, Halach\u00f3, Yaxcab\u00e1, Ticul, Motul, Maxcan\u00fa, Oxkutzcab, Hunucm\u00e1, Peto, Izamal, Acanceh, Tixkokob, Tinum, Akil, Muna, Chichimil\u00e1 y Tekit.<\/p>\n\n\n\n<figure class=\"wp-block-image size-full\"><img loading=\"lazy\" width=\"500\" height=\"330\" src=\"https:\/\/visionpeninsular.com\/mid\/wp-content\/uploads\/2022\/08\/ticuvila-2.jpg\" alt=\"\" class=\"wp-image-158357\" srcset=\"https:\/\/visionpeninsular.com\/mid\/wp-content\/uploads\/2022\/08\/ticuvila-2.jpg 500w, https:\/\/visionpeninsular.com\/mid\/wp-content\/uploads\/2022\/08\/ticuvila-2-300x198.jpg 300w, https:\/\/visionpeninsular.com\/mid\/wp-content\/uploads\/2022\/08\/ticuvila-2-310x205.jpg 310w\" sizes=\"(max-width: 500px) 100vw, 500px\" \/><\/figure>\n\n\n\n<p>Acompa\u00f1ado del titular de la Secretar\u00eda de Salud (SSY), Mauricio Sauri Vivas, el Gobernador recorri\u00f3 el espacio para constatar que este proceso se desarrolle correctamente y en orden; igual, aprovech\u00f3 para saludar a los infantes y conversar con sus padres, acerca de la importancia de la vacunaci\u00f3n y la tranquilidad que representa para ellos que sus hijos cuenten con esta protecci\u00f3n.<\/p>\n\n\n\n<p>Ah\u00ed,&nbsp; platic\u00f3 con enfermeros de la Jurisdicci\u00f3n Sanitaria 3, que participan en las jornadas de vacunaci\u00f3n y a quienes se inform\u00f3 que se les apoyar\u00e1 con gastos de camino, ya que en ocasiones deben trasladarse a municipios lejanos.&nbsp;<\/p>\n\n\n\n<p>En el sitio, Andrea Cim\u00e9 Chable, madre de un ni\u00f1o de 6 a\u00f1os y una ni\u00f1a de 10, extern\u00f3 que ya se sienten m\u00e1s seguros, pero seguir\u00e1n con los protocolos de prevenci\u00f3n, sobre todo por los menores, pues a esta edad exploran todo a su alrededor y se encuentran m\u00e1s expuestos. &#8220;De verdad, que vacunen a sus ni\u00f1os porque es por su bien, para que tengan una protecci\u00f3n; es algo muy importante para acabar con la pandemia&#8221;, asever\u00f3.<\/p>\n\n\n\n<figure class=\"wp-block-image size-full\"><img loading=\"lazy\" width=\"500\" height=\"374\" src=\"https:\/\/visionpeninsular.com\/mid\/wp-content\/uploads\/2022\/08\/ticuvila-3.jpg\" alt=\"\" class=\"wp-image-158358\" srcset=\"https:\/\/visionpeninsular.com\/mid\/wp-content\/uploads\/2022\/08\/ticuvila-3.jpg 500w, https:\/\/visionpeninsular.com\/mid\/wp-content\/uploads\/2022\/08\/ticuvila-3-300x224.jpg 300w\" sizes=\"(max-width: 500px) 100vw, 500px\" \/><\/figure>\n\n\n\n<p>La nueva jornada para aplicaci\u00f3n de primeras dosis de Pfizer pedi\u00e1trica a este sector se extender\u00e1 hasta el viernes 12 del presente, con apoyo de la Secretar\u00eda del Bienestar federal y las Fuerzas Armadas, en Chemax, Tekax, Maxcan\u00fa, Halach\u00f3, Yaxcab\u00e1, Ticul, Motul, Oxkutzcab, Hunucm\u00e1, Peto, Izamal, Acanceh, Tixkokob, Tinum, Akil, Muna, Chichimil\u00e1, Tekit, Conkal, Sey\u00e9 y Buctzotz.<\/p>\n\n\n\n<p>Por su parte, Eddie Ricardo Avila Garc\u00eda precis\u00f3 que esta vacuna deja a los padres m\u00e1s tranquilos, sobre todo ante el regreso a clases presenciales, pues ahora, tienen m\u00e1s confianza al enviar a sus hijos a la escuela. &#8220;La verdad que el operativo ha sido bastante r\u00e1pido, en comparaci\u00f3n con otros lugares; he salido a otros estados y hay mucha cola. Aqu\u00ed ha sido todo muy agradable, sobre todo para nuestros ni\u00f1os que, con las botargas y los globos, se han distra\u00eddo bastante&#8221;, afirm\u00f3.<\/p>\n\n\n\n<figure class=\"wp-block-image size-full\"><img loading=\"lazy\" width=\"500\" height=\"345\" src=\"https:\/\/visionpeninsular.com\/mid\/wp-content\/uploads\/2022\/08\/ticuvila-4.jpg\" alt=\"\" class=\"wp-image-158359\" srcset=\"https:\/\/visionpeninsular.com\/mid\/wp-content\/uploads\/2022\/08\/ticuvila-4.jpg 500w, https:\/\/visionpeninsular.com\/mid\/wp-content\/uploads\/2022\/08\/ticuvila-4-300x207.jpg 300w, https:\/\/visionpeninsular.com\/mid\/wp-content\/uploads\/2022\/08\/ticuvila-4-110x75.jpg 110w\" sizes=\"(max-width: 500px) 100vw, 500px\" \/><\/figure>\n\n\n\n<p>Para que los menores reciban su vacuna, sus padres o tutores deben presentar, como identificaci\u00f3n oficial, la credencial del Instituto Nacional Electoral (INE), as\u00ed como el acta de nacimiento o Clave \u00danica de Registro de Poblaci\u00f3n (CURP) del infante e impreso de su registro en la plataforma del Gobierno federal, que se obtiene en la p\u00e1gina electr\u00f3nica mivacuna.salud.gob.mx.<\/p>\n\n\n\n<p><strong><em>Se recomienda a la poblaci\u00f3n lo siguiente:<\/em><\/strong><\/p>\n\n\n\n<ul><li><strong>No es necesario llegar con horas de anticipaci\u00f3n.<\/strong><\/li><li><strong>Tomar alimentos antes de acudir a la cita.<\/strong><\/li><li><strong>Usar ropa c\u00f3moda y de manga corta.<\/strong><\/li><\/ul>\n\n\n\n<p>La dependencia estatal reitera que aquellas personas mayores de 18 a\u00f1os, que no han recibido vacuna contra el Coronavirus o requieran completar su esquema, pueden acudir a los m\u00f3dulos permanentes, en M\u00e9rida y el interior del estado, con atenci\u00f3n de lunes a viernes, entre las 8:00 y 18:00 horas.<\/p>\n\n\n\n<p>Para el caso de la capital, las unidades se ubican en el Centro de Salud Urbano de la SSY, en la colonia Santa Rosa, y las Unidades de Medicina Familiar n\u00famero 59 del Instituto Mexicano del Seguro Social (IMSS) y de Seguridad y Servicios Sociales de los Trabajadores del Estado (Issste), en Lindavista.<\/p>\n\n\n\n<p>Tambi\u00e9n, hay m\u00f3dulos en el Hospital General de Tekax y los Centros de Salud tanto de Ticul como Tizim\u00edn; en Valladolid, en el Almac\u00e9n Jurisdiccional de Vacunolog\u00eda; Izamal, el Hospital Rural, y Motul, el General de Subzona n\u00famero 3.<\/p>\n<div class='share-to-whatsapp-wrapper'><div class='share-on-whsp'>Share on: <\/div><a data-text='Supervisa el Gobernador Mauricio Vila Dosal el operativo de vacunaci\u00f3n para ni\u00f1as y ni\u00f1os de 5 a 11 a\u00f1os en Ticul' data-link='https:\/\/visionpeninsular.com\/mid\/supervisa-el-gobernador-mauricio-vila-dosal-el-operativo-de-vacunacion-para-ninas-y-ninos-de-5-a-11-anos-en-ticul\/' class='whatsapp-button whatsapp-share'>WhatsApp<\/a><div class='clear '><\/div><\/div>","protected":false},"excerpt":{"rendered":"<p>-La aplicaci\u00f3n de primeras dosis de Pfizer pedi\u00e1trica se realiza, de manera simult\u00e1nea, Chemax, Tekax, Halach\u00f3, Yaxcab\u00e1, Ticul, Motul, Maxcan\u00fa, Oxkutzcab, Hunucm\u00e1, Peto, Izamal, Acanceh, Tixkokob, Tinum, Akil, Muna, Chichimil\u00e1 y Tekit. Ticul, Yucat\u00e1n, 10 de agosto de 2022.- Botargas, malabaristas en zancos, arcos de globos y m\u00fasica enmarcaron el operativo de vacunaci\u00f3n contra el &hellip;<\/p>\n","protected":false},"author":5,"featured_media":158356,"comment_status":"open","ping_status":"open","sticky":false,"template":"","format":"standard","meta":{"_mi_skip_tracking":false},"categories":[49,37],"tags":[185,32546,2170,1950],"_links":{"self":[{"href":"https:\/\/visionpeninsular.com\/mid\/wp-json\/wp\/v2\/posts\/158354"}],"collection":[{"href":"https:\/\/visionpeninsular.com\/mid\/wp-json\/wp\/v2\/posts"}],"about":[{"href":"https:\/\/visionpeninsular.com\/mid\/wp-json\/wp\/v2\/types\/post"}],"author":[{"embeddable":true,"href":"https:\/\/visionpeninsular.com\/mid\/wp-json\/wp\/v2\/users\/5"}],"replies":[{"embeddable":true,"href":"https:\/\/visionpeninsular.com\/mid\/wp-json\/wp\/v2\/comments?post=158354"}],"version-history":[{"count":1,"href":"https:\/\/visionpeninsular.com\/mid\/wp-json\/wp\/v2\/posts\/158354\/revisions"}],"predecessor-version":[{"id":158360,"href":"https:\/\/visionpeninsular.com\/mid\/wp-json\/wp\/v2\/posts\/158354\/revisions\/158360"}],"wp:featuredmedia":[{"embeddable":true,"href":"https:\/\/visionpeninsular.com\/mid\/wp-json\/wp\/v2\/media\/158356"}],"wp:attachment":[{"href":"https:\/\/visionpeninsular.com\/mid\/wp-json\/wp\/v2\/media?parent=158354"}],"wp:term":[{"taxonomy":"category","embeddable":true,"href":"https:\/\/visionpeninsular.com\/mid\/wp-json\/wp\/v2\/categories?post=158354"},{"taxonomy":"post_tag","embeddable":true,"href":"https:\/\/visionpeninsular.com\/mid\/wp-json\/wp\/v2\/tags?post=158354"}],"curies":[{"name":"wp","href":"https:\/\/api.w.org\/{rel}","templated":true}]}}