{"id":158143,"date":"2022-08-05T21:27:07","date_gmt":"2022-08-06T02:27:07","guid":{"rendered":"https:\/\/visionpeninsular.com\/mid\/?p=158143"},"modified":"2022-08-05T21:30:32","modified_gmt":"2022-08-06T02:30:32","slug":"instalaciones-deportivas-de-primer-nivel-para-los-mayas-tho-fc","status":"publish","type":"post","link":"https:\/\/visionpeninsular.com\/mid\/instalaciones-deportivas-de-primer-nivel-para-los-mayas-tho-fc\/","title":{"rendered":"Instalaciones deportivas de primer nivel para los Mayas Tho FC"},"content":{"rendered":"\n<h2 class=\"has-text-align-center\"><strong>\u2022Con respeto, nos permitimos reproducir el art\u00edculo de Man\u00fa Garrido en Adrenalina Deportiva<\/strong><\/h2>\n\n\n\n<p>M\u00e9rida, Yucat\u00e1n, a 5 de agosto de 2022.\u2013 Los Mayas Tho FC, uno de los dos equipos yucatecos que participar\u00e1n en la Liga Premier (Segunda Divisi\u00f3n Profesional), fueron presentados de manera oficial y jugar\u00e1n la Serie B en Hom\u00fan, mientras terminan su estadio en Ticop\u00f3, comisar\u00eda de Acanceh.<\/p>\n\n\n\n<p>En una primera etapa del Estadio, el proyecto contar\u00e1 con cuatro canchas de car\u00e1cter oficial y dos m\u00e1s de Fut7, as\u00ed como un \u00e1rea de restaurantes y hotel, que se espera sea inaugurado en mayo del pr\u00f3ximo a\u00f1o.<\/p>\n\n\n\n<p>En la segunda etapa, la obra tendr\u00eda una capacidad para 35 mil aficionados, buscando albergar juegos internacionales y del sureste.<\/p>\n\n\n\n<p>El conjunto aborigen fue presentado de manera oficial y estar\u00e1 bajo el mando, como les hab\u00edamos adelantado en Adrenalina Deportiva, por el director t\u00e9cnico David Pati\u00f1o, campe\u00f3n con M\u00e9rida FC en 2009 en la Primera Divisi\u00f3n A (Liga de Expasi\u00f3n MX).<\/p>\n\n\n\n<p>Dentro de la estructura est\u00e1 su presidente, el yucateco Carlos Calvo, quien jug\u00f3 en la primera divisi\u00f3n con Atlante, Toluca, entre otros; Fernando Gamboa, vicepresidente; Daniel Ben\u00edtez y Carlos Moguel, director operativo y deportivo, respectivamente.<\/p>\n\n\n\n<p>Dentro de sus principales objetivos es consolidarse y en un mediano plazo ser el mejor proyecto del sureste mexican, buscando el ascenso a la Liga de Expansi\u00f3n MX.<\/p>\n\n\n\n<p>Su debut en la Liga Premier Serie B ser\u00e1 el s\u00e1bado 27 de agosto, a las 4 de la tarde, en el Hip\u00f3lito Tzab, en Hom\u00fan, ante el club poblano, Angelopolis.<\/p>\n\n\n\n<div class=\"wp-block-image\"><figure class=\"aligncenter size-full\"><img loading=\"lazy\" width=\"1024\" height=\"769\" src=\"https:\/\/visionpeninsular.com\/mid\/wp-content\/uploads\/2022\/08\/WhatsApp-Image-2022-08-05-at-4.38.13-PM-1.jpeg\" alt=\"\" class=\"wp-image-158145\" srcset=\"https:\/\/visionpeninsular.com\/mid\/wp-content\/uploads\/2022\/08\/WhatsApp-Image-2022-08-05-at-4.38.13-PM-1.jpeg 1024w, https:\/\/visionpeninsular.com\/mid\/wp-content\/uploads\/2022\/08\/WhatsApp-Image-2022-08-05-at-4.38.13-PM-1-300x225.jpeg 300w, https:\/\/visionpeninsular.com\/mid\/wp-content\/uploads\/2022\/08\/WhatsApp-Image-2022-08-05-at-4.38.13-PM-1-768x577.jpeg 768w\" sizes=\"(max-width: 1024px) 100vw, 1024px\" \/><figcaption>Presentaci\u00f3n de los Mayas Tho FC, uno de los dos equipos yucatecos que participar\u00e1n en la Liga Premier (Segunda Divisi\u00f3n Profesional). Abajo, las im\u00e1genes de la obra que se construir\u00e1 en dos etapas (CR\u00c9DITOS: Cortes\u00eda)<\/figcaption><\/figure><\/div>\n\n\n\n<figure class=\"wp-block-image size-full\"><img loading=\"lazy\" width=\"960\" height=\"720\" src=\"https:\/\/visionpeninsular.com\/mid\/wp-content\/uploads\/2022\/08\/WhatsApp-Image-2022-08-05-at-4.38.13-PM.jpeg\" alt=\"\" class=\"wp-image-158146\" srcset=\"https:\/\/visionpeninsular.com\/mid\/wp-content\/uploads\/2022\/08\/WhatsApp-Image-2022-08-05-at-4.38.13-PM.jpeg 960w, https:\/\/visionpeninsular.com\/mid\/wp-content\/uploads\/2022\/08\/WhatsApp-Image-2022-08-05-at-4.38.13-PM-300x225.jpeg 300w, https:\/\/visionpeninsular.com\/mid\/wp-content\/uploads\/2022\/08\/WhatsApp-Image-2022-08-05-at-4.38.13-PM-768x576.jpeg 768w\" sizes=\"(max-width: 960px) 100vw, 960px\" \/><\/figure>\n<div class='share-to-whatsapp-wrapper'><div class='share-on-whsp'>Share on: <\/div><a data-text='Instalaciones deportivas de primer nivel para los Mayas Tho FC' data-link='https:\/\/visionpeninsular.com\/mid\/instalaciones-deportivas-de-primer-nivel-para-los-mayas-tho-fc\/' class='whatsapp-button whatsapp-share'>WhatsApp<\/a><div class='clear '><\/div><\/div>","protected":false},"excerpt":{"rendered":"<p>\u2022Con respeto, nos permitimos reproducir el art\u00edculo de Man\u00fa Garrido en Adrenalina Deportiva M\u00e9rida, Yucat\u00e1n, a 5 de agosto de 2022.\u2013 Los Mayas Tho FC, uno de los dos equipos yucatecos que participar\u00e1n en la Liga Premier (Segunda Divisi\u00f3n Profesional), fueron presentados de manera oficial y jugar\u00e1n la Serie B en Hom\u00fan, mientras terminan su &hellip;<\/p>\n","protected":false},"author":11,"featured_media":158145,"comment_status":"open","ping_status":"open","sticky":false,"template":"","format":"standard","meta":{"_mi_skip_tracking":false},"categories":[49,37],"tags":[4885,32471,32473,32472,32474,3316,32468,32467,32469],"_links":{"self":[{"href":"https:\/\/visionpeninsular.com\/mid\/wp-json\/wp\/v2\/posts\/158143"}],"collection":[{"href":"https:\/\/visionpeninsular.com\/mid\/wp-json\/wp\/v2\/posts"}],"about":[{"href":"https:\/\/visionpeninsular.com\/mid\/wp-json\/wp\/v2\/types\/post"}],"author":[{"embeddable":true,"href":"https:\/\/visionpeninsular.com\/mid\/wp-json\/wp\/v2\/users\/11"}],"replies":[{"embeddable":true,"href":"https:\/\/visionpeninsular.com\/mid\/wp-json\/wp\/v2\/comments?post=158143"}],"version-history":[{"count":2,"href":"https:\/\/visionpeninsular.com\/mid\/wp-json\/wp\/v2\/posts\/158143\/revisions"}],"predecessor-version":[{"id":158148,"href":"https:\/\/visionpeninsular.com\/mid\/wp-json\/wp\/v2\/posts\/158143\/revisions\/158148"}],"wp:featuredmedia":[{"embeddable":true,"href":"https:\/\/visionpeninsular.com\/mid\/wp-json\/wp\/v2\/media\/158145"}],"wp:attachment":[{"href":"https:\/\/visionpeninsular.com\/mid\/wp-json\/wp\/v2\/media?parent=158143"}],"wp:term":[{"taxonomy":"category","embeddable":true,"href":"https:\/\/visionpeninsular.com\/mid\/wp-json\/wp\/v2\/categories?post=158143"},{"taxonomy":"post_tag","embeddable":true,"href":"https:\/\/visionpeninsular.com\/mid\/wp-json\/wp\/v2\/tags?post=158143"}],"curies":[{"name":"wp","href":"https:\/\/api.w.org\/{rel}","templated":true}]}}