{"id":1581,"date":"2016-04-14T06:46:12","date_gmt":"2016-04-14T11:46:12","guid":{"rendered":"http:\/\/visionpeninsular.com\/mid\/?p=1581"},"modified":"2016-04-14T06:50:37","modified_gmt":"2016-04-14T11:50:37","slug":"1581","status":"publish","type":"post","link":"https:\/\/visionpeninsular.com\/mid\/1581\/","title":{"rendered":"Es necesario trabajar juntos para mantener la paz de Campeche, dice AMC"},"content":{"rendered":"<p>(OEM-Informex).- El gobernador Alejandro Moreno C\u00e1rdenas, tras convocar a los campechanos a trabajar juntos para mantener la paz, la tranquilidad y la seguridad en la entidad, en el marco de la celebraci\u00f3n del D\u00eda del Jubilado Estatal, comprometi\u00f3 toda su capacidad, inteligencia y fuerza para que a la gente le vaya bien, \u201cy no tengan ni la menor duda que no le voy a fallar a Campeche, que voy a transformar este Estado\u201d<\/p>\n<p>Al convivir con los exservidores estatales en su d\u00eda, Moreno C\u00e1rdenas se\u00f1al\u00f3 que quien genere violencia, quien critique y no proponga; quien no hable bien del Estado, no merece la confianza de los campechanos, no quiere el desarrollo de Campeche, por lo que conmin\u00f3 dejar atr\u00e1s la \u201cpol\u00edtica del cangrejo\u201d.<\/p>\n<p>\u201cYo soy gobernador de Campeche gracias al voto de los campechanos, y mi \u00fanico compromiso es con ustedes, es con la gente. Yo solo tengo compromiso con el pueblo, porque fue el pueblo el que dispuso que hoy estemos al frente del Gobierno del Estado\u201d, destac\u00f3.<\/p>\n<p>Dijo que como servidor p\u00fablico est\u00e1 para atender a la gente, para atender a los ciudadanos, \u201cpor ello, todos los d\u00edas, desde que iniciamos nuestra jornada de trabajo, lo hacemos con gusto, lo hacemos para resolver los asuntos del pueblo\u201d.<\/p>\n<p>Ratific\u00f3 que el gobernador y el Gobierno no tienen problemas, tienen asuntos qu\u00e9 resolver; y que desde su posici\u00f3n trabaja para resolver todos y cada uno de los asuntos que se presentan todos los d\u00edas. Hoy, tenemos que redoblar esfuerzos todos los d\u00edas, porque Campeche ha crecido, hoy somos m\u00e1s habitantes, mencion\u00f3.<\/p>\n<p>Adelant\u00f3, que en las pr\u00f3ximas semanas har\u00e1 anuncios importantes de gestiones, ante el Gobierno federal, que los campechanos se merecen y necesitan. \u201cTodos ustedes saben qui\u00e9n trabaja y qui\u00e9n no trabaja, por eso les pido su respaldo y su apoyo para que en Campeche, para que en el Estado, haya oportunidades y empleo\u201d.<\/p>\n<p>Signific\u00f3, que se tiene que trabajar con determinaci\u00f3n para tener un Campeche de \u00e9xito, un Campeche fuerte, que rinda beneficios a las familias, \u201cpero les reitero, amigas y amigos, Campeche cuenta con un gran aliado, un gran aliado que es el presidente de la Rep\u00fablica, Enrique Pe\u00f1a Nieto, que apoya al Estado y que me apoya todo el tiempo para que a Campeche le vaya mejor\u201d.<\/p>\n<p>Los actuales, son tiempos de trabajo permanente, en que la justicia y la seguridad son parte primordial para detonar el turismo, para trabajar en coordinaci\u00f3n y en equipo entre los tres \u00f3rdenes de Gobierno a favor de las familias que menos tienen, subray\u00f3.<\/p>\n<p>\u201cEse Campeche, es el Campeche que queremos para nuestros hijos y para las futuras generaciones. Y aqu\u00ed est\u00e1 la fortaleza, aqu\u00ed est\u00e1 su gente, aqu\u00ed est\u00e1 la gente comprometida que en los hechos le demostr\u00f3 a Campeche servicio por muchos a\u00f1os\u201d, refiri\u00f3 ante cientos de jubilados en su d\u00eda.<\/p>\n<div class='share-to-whatsapp-wrapper'><div class='share-on-whsp'>Share on: <\/div><a data-text='Es necesario trabajar juntos para mantener la paz de Campeche, dice AMC' data-link='https:\/\/visionpeninsular.com\/mid\/1581\/' class='whatsapp-button whatsapp-share'>WhatsApp<\/a><div class='clear '><\/div><\/div>","protected":false},"excerpt":{"rendered":"<p>(OEM-Informex).- El gobernador Alejandro Moreno C\u00e1rdenas, tras convocar a los campechanos a trabajar juntos para mantener la paz, la tranquilidad y la seguridad en la entidad, en el marco de la celebraci\u00f3n del D\u00eda del Jubilado Estatal, comprometi\u00f3 toda su capacidad, inteligencia y fuerza para que a la gente le vaya bien, \u201cy no tengan &hellip;<\/p>\n","protected":false},"author":1,"featured_media":1582,"comment_status":"open","ping_status":"closed","sticky":false,"template":"","format":"standard","meta":{"_mi_skip_tracking":false},"categories":[46],"tags":[182,55,76],"_links":{"self":[{"href":"https:\/\/visionpeninsular.com\/mid\/wp-json\/wp\/v2\/posts\/1581"}],"collection":[{"href":"https:\/\/visionpeninsular.com\/mid\/wp-json\/wp\/v2\/posts"}],"about":[{"href":"https:\/\/visionpeninsular.com\/mid\/wp-json\/wp\/v2\/types\/post"}],"author":[{"embeddable":true,"href":"https:\/\/visionpeninsular.com\/mid\/wp-json\/wp\/v2\/users\/1"}],"replies":[{"embeddable":true,"href":"https:\/\/visionpeninsular.com\/mid\/wp-json\/wp\/v2\/comments?post=1581"}],"version-history":[{"count":2,"href":"https:\/\/visionpeninsular.com\/mid\/wp-json\/wp\/v2\/posts\/1581\/revisions"}],"predecessor-version":[{"id":1584,"href":"https:\/\/visionpeninsular.com\/mid\/wp-json\/wp\/v2\/posts\/1581\/revisions\/1584"}],"wp:featuredmedia":[{"embeddable":true,"href":"https:\/\/visionpeninsular.com\/mid\/wp-json\/wp\/v2\/media\/1582"}],"wp:attachment":[{"href":"https:\/\/visionpeninsular.com\/mid\/wp-json\/wp\/v2\/media?parent=1581"}],"wp:term":[{"taxonomy":"category","embeddable":true,"href":"https:\/\/visionpeninsular.com\/mid\/wp-json\/wp\/v2\/categories?post=1581"},{"taxonomy":"post_tag","embeddable":true,"href":"https:\/\/visionpeninsular.com\/mid\/wp-json\/wp\/v2\/tags?post=1581"}],"curies":[{"name":"wp","href":"https:\/\/api.w.org\/{rel}","templated":true}]}}