{"id":15770,"date":"2016-11-01T16:11:59","date_gmt":"2016-11-01T22:11:59","guid":{"rendered":"http:\/\/visionpeninsular.com\/mid\/?p=15770"},"modified":"2016-11-01T16:11:59","modified_gmt":"2016-11-01T22:11:59","slug":"quejas-regidores-destituyen-al-director-ecologia-del-ayuntamiento-progreso","status":"publish","type":"post","link":"https:\/\/visionpeninsular.com\/mid\/quejas-regidores-destituyen-al-director-ecologia-del-ayuntamiento-progreso\/","title":{"rendered":"Por quejas de regidores,  destituyen  al director de Ecolog\u00eda del Ayuntamiento de Progreso"},"content":{"rendered":"<p>Arturo Quezada Pech, coordinador de Ecolog\u00eda del Ayuntamiento de Progreso, fue destituido de su cargo de la Comuna por decisi\u00f3n del Cabildo, seg\u00fan se expuso, porque hab\u00eda descuidado sus actividades administrativas y pesaban sobre \u00e9l las quejas de varios regidores, como, por ejemplo, la lentitud en la respuesta de oficios y solicitudes.<\/p>\n<p>Los funcionarios  coincidieron en que cometi\u00f3  diversas faltas administrativas,  pues en lo operativo no hubo quejas de su trabajo en la Comuna; votaron  por unanimidad, y designaron a Edgar Barrag\u00e1n como encargado temporal del departamento.<\/p>\n<p>La priista Margarita Peniche Linot,    fue una de las regidoras que m\u00e1s critic\u00f3 a Arturo Quezada,  fue quien se quej\u00f3 de la presencia de numerosos perros callejeros en el malec\u00f3n, y dijo en ese sentido que \u201cecolog\u00eda no est\u00e1 trabajando\u201d.<\/p>\n<p>Aunque el despido fue aprobado por los regidores, d\u00edas despu\u00e9s se realiz\u00f3 la notificaci\u00f3n del cese.<\/p>\n<p>Arturo Quezada fue notificado por el s\u00edndico Enrique Ordaz Mart\u00ednez,  por el regidor de Ecolog\u00eda, el panista Jorge Casanova Sim\u00e1, y por el director de Servicios P\u00fablicos y Ecolog\u00eda, Manuel Ganzo Figueroa.<\/p>\n<p>Cabe mencionar que el funcionario fue despedido sin que se le informaran los motivos de su cese, s\u00f3lo se le entreg\u00f3 un oficio para informarle de su baja y para solicitarle la entrega del departamento.<\/p>\n<p>Es el primer despido que el alcalde Jos\u00e9 Cort\u00e9s somete a consideraci\u00f3n del Cabildo.<\/p>\n<div class='share-to-whatsapp-wrapper'><div class='share-on-whsp'>Share on: <\/div><a data-text='Por quejas de regidores,  destituyen  al director de Ecolog\u00eda del Ayuntamiento de Progreso' data-link='https:\/\/visionpeninsular.com\/mid\/quejas-regidores-destituyen-al-director-ecologia-del-ayuntamiento-progreso\/' class='whatsapp-button whatsapp-share'>WhatsApp<\/a><div class='clear '><\/div><\/div>","protected":false},"excerpt":{"rendered":"<p>Arturo Quezada Pech, coordinador de Ecolog\u00eda del Ayuntamiento de Progreso, fue destituido de su cargo de la Comuna por decisi\u00f3n del Cabildo, seg\u00fan se expuso, porque hab\u00eda descuidado sus actividades administrativas y pesaban sobre \u00e9l las quejas de varios regidores, como, por ejemplo, la lentitud en la respuesta de oficios y solicitudes. Los funcionarios coincidieron &hellip;<\/p>\n","protected":false},"author":5,"featured_media":15771,"comment_status":"open","ping_status":"open","sticky":false,"template":"","format":"standard","meta":{"_mi_skip_tracking":false},"categories":[50],"tags":[3516,3515],"_links":{"self":[{"href":"https:\/\/visionpeninsular.com\/mid\/wp-json\/wp\/v2\/posts\/15770"}],"collection":[{"href":"https:\/\/visionpeninsular.com\/mid\/wp-json\/wp\/v2\/posts"}],"about":[{"href":"https:\/\/visionpeninsular.com\/mid\/wp-json\/wp\/v2\/types\/post"}],"author":[{"embeddable":true,"href":"https:\/\/visionpeninsular.com\/mid\/wp-json\/wp\/v2\/users\/5"}],"replies":[{"embeddable":true,"href":"https:\/\/visionpeninsular.com\/mid\/wp-json\/wp\/v2\/comments?post=15770"}],"version-history":[{"count":1,"href":"https:\/\/visionpeninsular.com\/mid\/wp-json\/wp\/v2\/posts\/15770\/revisions"}],"predecessor-version":[{"id":15772,"href":"https:\/\/visionpeninsular.com\/mid\/wp-json\/wp\/v2\/posts\/15770\/revisions\/15772"}],"wp:featuredmedia":[{"embeddable":true,"href":"https:\/\/visionpeninsular.com\/mid\/wp-json\/wp\/v2\/media\/15771"}],"wp:attachment":[{"href":"https:\/\/visionpeninsular.com\/mid\/wp-json\/wp\/v2\/media?parent=15770"}],"wp:term":[{"taxonomy":"category","embeddable":true,"href":"https:\/\/visionpeninsular.com\/mid\/wp-json\/wp\/v2\/categories?post=15770"},{"taxonomy":"post_tag","embeddable":true,"href":"https:\/\/visionpeninsular.com\/mid\/wp-json\/wp\/v2\/tags?post=15770"}],"curies":[{"name":"wp","href":"https:\/\/api.w.org\/{rel}","templated":true}]}}