{"id":157627,"date":"2022-07-25T10:22:14","date_gmt":"2022-07-25T15:22:14","guid":{"rendered":"https:\/\/visionpeninsular.com\/mid\/?p=157627"},"modified":"2022-07-25T10:22:16","modified_gmt":"2022-07-25T15:22:16","slug":"menores-de-5-a-11-anos-de-kanasin-valladolid-tizimin-progreso-y-uman-recibiran-vacuna-contra-el-coronavirus","status":"publish","type":"post","link":"https:\/\/visionpeninsular.com\/mid\/menores-de-5-a-11-anos-de-kanasin-valladolid-tizimin-progreso-y-uman-recibiran-vacuna-contra-el-coronavirus\/","title":{"rendered":"Menores de 5 a 11 a\u00f1os de Kanas\u00edn, Valladolid, Tizim\u00edn, Progreso y Um\u00e1n recibir\u00e1n vacuna contra el Coronavirus"},"content":{"rendered":"\n<ul><li><strong><em>La nueva jornada de vacunaci\u00f3n se llevar\u00e1 a cabo del pr\u00f3ximo martes 26 al viernes 29 de julio en la que se aplicar\u00e1 la primera dosis de Pfizer pedi\u00e1trica.<\/em><\/strong><\/li><\/ul>\n\n\n\n<p>M\u00e9rida, Yucat\u00e1n, 24 de julio de 2022.- A partir del pr\u00f3ximo martes 26 de julio, menores de 5 a 11 a\u00f1os que viven en los municipios de Kanas\u00edn, Valladolid, Tizim\u00edn, Progreso y Um\u00e1n comenzar\u00e1n a recibir la primera dosis contra el Coronavirus, con lo que contin\u00faa avanzando a buen ritmo la protecci\u00f3n a las ni\u00f1as y ni\u00f1os yucatecos de esta enfermedad, inform\u00f3 la Secretar\u00eda de Salud del estado (SSY).<\/p>\n\n\n\n<p>La dependencia estatal inform\u00f3 que el proceso de aplicaci\u00f3n de la primera dosis de la vacuna Pfizer pedi\u00e1trica para este sector de la poblaci\u00f3n, se realizar\u00e1 del 26 al 29 de julio en los 5 municipios del interior del estado con el apoyo de la Secretar\u00eda del Bienestar y las Fuerzas Armadas.<\/p>\n\n\n\n<p>De acuerdo con lo programado, el operativo de aplicaci\u00f3n de la primera dosis a los menores en este rango de edad se llevar\u00e1 a cabo en las siguientes sedes: en Kanas\u00edn, en el Instituto Mexicano del Seguro Social (IMSS) y el Domo Municipal \u201cV\u00edctor Cervera Pacheco\u201d; en Valladolid, en el Deportivo \u201cEl \u00c1guila\u201d; en Tizim\u00edn, en la cancha \u201cValencia\u201d, en Progreso, la sede ser\u00e1 la escuela Secundaria \u201cCarlos Marx\u201d y en Um\u00e1n, el proceso se llevar\u00e1 a cabo en el Deportivo Polifuncional.<\/p>\n\n\n\n<p>Para que los menores sean vacunados, los padres o tutores deber\u00e1n presentar como identificaci\u00f3n oficial la credencial del Instituto Nacional Electoral (INE), as\u00ed como el acta de nacimiento o Clave \u00danica de Registro de Poblaci\u00f3n (CURP) del ni\u00f1o y el impreso de su registro en la plataforma del Gobierno federal, que se obtiene en la p\u00e1gina electr\u00f3nica mivacuna.salud.gob.mx.<\/p>\n\n\n\n<p><strong>Se recomienda a la poblaci\u00f3n lo siguiente:<\/strong><\/p>\n\n\n\n<ul><li><strong><em>No es necesario llegar con horas de anticipaci\u00f3n.<\/em><\/strong><\/li><li><strong><em>Tomar alimentos antes de acudir a la cita.<\/em><\/strong><\/li><li><strong><em>Usar ropa c\u00f3moda y de manga corta.<\/em><\/strong><\/li><\/ul>\n\n\n\n<p>La dependencia estatal reitera que aquellas personas mayores de 18 a\u00f1os que no hayan recibido vacuna alguna o requieran completar su esquema contra el Coronavirus, pueden acudir a los m\u00f3dulos permanentes ubicados en M\u00e9rida y en el interior del estado, con horario de atenci\u00f3n de lunes a viernes, de 8:00 a 18:00 horas.<\/p>\n\n\n\n<p>Para el caso de M\u00e9rida, las unidades se ubican en el Centro de Salud Urbano de la colonia Santa Rosa de la SSY y las Unidades de Medicina Familiar n\u00famero 59 del IMSS y del Instituto de Seguridad y Servicios Sociales de los Trabajadores del Estado (Issste) en la colonia Lindavista.<\/p>\n\n\n\n<p>En el interior del estado, los m\u00f3dulos est\u00e1n ubicados en el Hospital General de Tekax y el Centro de Salud de Ticul; en Valladolid, en el Almac\u00e9n Jurisdiccional de Vacunolog\u00eda; en Izamal, en el Hospital Rural; en Motul, en el Hospital General de Subzona n\u00famero 3, y en Tizim\u00edn, en el Centro de Salud.<\/p>\n<div class='share-to-whatsapp-wrapper'><div class='share-on-whsp'>Share on: <\/div><a data-text='Menores de 5 a 11 a\u00f1os de Kanas\u00edn, Valladolid, Tizim\u00edn, Progreso y Um\u00e1n recibir\u00e1n vacuna contra el Coronavirus' data-link='https:\/\/visionpeninsular.com\/mid\/menores-de-5-a-11-anos-de-kanasin-valladolid-tizimin-progreso-y-uman-recibiran-vacuna-contra-el-coronavirus\/' class='whatsapp-button whatsapp-share'>WhatsApp<\/a><div class='clear '><\/div><\/div>","protected":false},"excerpt":{"rendered":"<p>La nueva jornada de vacunaci\u00f3n se llevar\u00e1 a cabo del pr\u00f3ximo martes 26 al viernes 29 de julio en la que se aplicar\u00e1 la primera dosis de Pfizer pedi\u00e1trica. M\u00e9rida, Yucat\u00e1n, 24 de julio de 2022.- A partir del pr\u00f3ximo martes 26 de julio, menores de 5 a 11 a\u00f1os que viven en los municipios &hellip;<\/p>\n","protected":false},"author":5,"featured_media":157629,"comment_status":"open","ping_status":"open","sticky":false,"template":"","format":"standard","meta":{"_mi_skip_tracking":false},"categories":[49,37],"tags":[32304,185,2170,1950],"_links":{"self":[{"href":"https:\/\/visionpeninsular.com\/mid\/wp-json\/wp\/v2\/posts\/157627"}],"collection":[{"href":"https:\/\/visionpeninsular.com\/mid\/wp-json\/wp\/v2\/posts"}],"about":[{"href":"https:\/\/visionpeninsular.com\/mid\/wp-json\/wp\/v2\/types\/post"}],"author":[{"embeddable":true,"href":"https:\/\/visionpeninsular.com\/mid\/wp-json\/wp\/v2\/users\/5"}],"replies":[{"embeddable":true,"href":"https:\/\/visionpeninsular.com\/mid\/wp-json\/wp\/v2\/comments?post=157627"}],"version-history":[{"count":1,"href":"https:\/\/visionpeninsular.com\/mid\/wp-json\/wp\/v2\/posts\/157627\/revisions"}],"predecessor-version":[{"id":157630,"href":"https:\/\/visionpeninsular.com\/mid\/wp-json\/wp\/v2\/posts\/157627\/revisions\/157630"}],"wp:featuredmedia":[{"embeddable":true,"href":"https:\/\/visionpeninsular.com\/mid\/wp-json\/wp\/v2\/media\/157629"}],"wp:attachment":[{"href":"https:\/\/visionpeninsular.com\/mid\/wp-json\/wp\/v2\/media?parent=157627"}],"wp:term":[{"taxonomy":"category","embeddable":true,"href":"https:\/\/visionpeninsular.com\/mid\/wp-json\/wp\/v2\/categories?post=157627"},{"taxonomy":"post_tag","embeddable":true,"href":"https:\/\/visionpeninsular.com\/mid\/wp-json\/wp\/v2\/tags?post=157627"}],"curies":[{"name":"wp","href":"https:\/\/api.w.org\/{rel}","templated":true}]}}