{"id":157298,"date":"2022-07-16T11:22:28","date_gmt":"2022-07-16T16:22:28","guid":{"rendered":"https:\/\/visionpeninsular.com\/mid\/?p=157298"},"modified":"2022-07-16T11:22:30","modified_gmt":"2022-07-16T16:22:30","slug":"a-prision-por-violar-a-una-menor-en-kanasin","status":"publish","type":"post","link":"https:\/\/visionpeninsular.com\/mid\/a-prision-por-violar-a-una-menor-en-kanasin\/","title":{"rendered":"A prisi\u00f3n por violar a una menor en Kanas\u00edn"},"content":{"rendered":"\n<p>Kanas\u00edn, Yucat\u00e1n; 15 de julio de 2022.- Tras ejecutarse una orden de aprehensi\u00f3n a cargo de elementos de la Fiscal\u00eda General del Estado (FGE) y agentes de la Polic\u00eda Estatal de Investigaci\u00f3n (PEI) de la Secretar\u00eda de Seguridad P\u00fablica (SSP), esta representaci\u00f3n social formul\u00f3 la imputaci\u00f3n a P.I.C.C. por los delitos de violaci\u00f3n equiparada agravada y abuso sexual equiparado agravado, denunciados despu\u00e9s de los hechos ocurridos en Kanas\u00edn en agravio de una menor de edad e identidad reservada, por lo que se le impuso la medida cautelar de prisi\u00f3n preventiva oficiosa.<\/p>\n\n\n\n<p>En la audiencia celebrada ante la Juez de Control del Segundo Distrito Judicial con sede en Kanas\u00edn, los fiscales de litigaci\u00f3n formularon la imputaci\u00f3n del delito y expusieron los datos de prueba para solicitar la vinculaci\u00f3n a proceso del acusado, quien se acogi\u00f3 al plazo de 144 horas para resolver su situaci\u00f3n legal, por lo que la Juez de Control estableci\u00f3 que la audiencia se reanude el pr\u00f3ximo 19 de julio.<\/p>\n\n\n\n<p>De los hechos, reunidos en la carpeta de investigaci\u00f3n de la causa penal 101\/2022, ocurrieron en un predio de ubicaci\u00f3n reservada en el municipio de Kanas\u00edn, entre los meses de marzo y abril del a\u00f1o 2019, cuando haciendo uso de la violencia f\u00edsica y moral, el acusado le impuso la c\u00f3pula a la menor, a quien ten\u00eda acceso por ser su cu\u00f1ado.<\/p>\n\n\n\n<p>Cabe precisar, que durante la indagatoria se pudo establecer que previo a los hechos, en el a\u00f1o 2017, el imputado ya hab\u00eda realizado tocamientos lascivos en agravio de la citada v\u00edctima.<\/p>\n\n\n\n<p>Antes de concluir la audiencia, los fiscales de litigaci\u00f3n expusieron los argumentos para sustentar la solicitud de la medida cautelar de prisi\u00f3n preventiva oficiosa, la cual fue concedida por la Juez de Control por todo el tiempo que dure el proceso.<\/p>\n<div class='share-to-whatsapp-wrapper'><div class='share-on-whsp'>Share on: <\/div><a data-text='A prisi\u00f3n por violar a una menor en Kanas\u00edn' data-link='https:\/\/visionpeninsular.com\/mid\/a-prision-por-violar-a-una-menor-en-kanasin\/' class='whatsapp-button whatsapp-share'>WhatsApp<\/a><div class='clear '><\/div><\/div>","protected":false},"excerpt":{"rendered":"<p>Kanas\u00edn, Yucat\u00e1n; 15 de julio de 2022.- Tras ejecutarse una orden de aprehensi\u00f3n a cargo de elementos de la Fiscal\u00eda General del Estado (FGE) y agentes de la Polic\u00eda Estatal de Investigaci\u00f3n (PEI) de la Secretar\u00eda de Seguridad P\u00fablica (SSP), esta representaci\u00f3n social formul\u00f3 la imputaci\u00f3n a P.I.C.C. por los delitos de violaci\u00f3n equiparada agravada &hellip;<\/p>\n","protected":false},"author":5,"featured_media":147457,"comment_status":"open","ping_status":"open","sticky":false,"template":"","format":"standard","meta":{"_mi_skip_tracking":false},"categories":[50,37],"tags":[32203,666,1499],"_links":{"self":[{"href":"https:\/\/visionpeninsular.com\/mid\/wp-json\/wp\/v2\/posts\/157298"}],"collection":[{"href":"https:\/\/visionpeninsular.com\/mid\/wp-json\/wp\/v2\/posts"}],"about":[{"href":"https:\/\/visionpeninsular.com\/mid\/wp-json\/wp\/v2\/types\/post"}],"author":[{"embeddable":true,"href":"https:\/\/visionpeninsular.com\/mid\/wp-json\/wp\/v2\/users\/5"}],"replies":[{"embeddable":true,"href":"https:\/\/visionpeninsular.com\/mid\/wp-json\/wp\/v2\/comments?post=157298"}],"version-history":[{"count":1,"href":"https:\/\/visionpeninsular.com\/mid\/wp-json\/wp\/v2\/posts\/157298\/revisions"}],"predecessor-version":[{"id":157300,"href":"https:\/\/visionpeninsular.com\/mid\/wp-json\/wp\/v2\/posts\/157298\/revisions\/157300"}],"wp:featuredmedia":[{"embeddable":true,"href":"https:\/\/visionpeninsular.com\/mid\/wp-json\/wp\/v2\/media\/147457"}],"wp:attachment":[{"href":"https:\/\/visionpeninsular.com\/mid\/wp-json\/wp\/v2\/media?parent=157298"}],"wp:term":[{"taxonomy":"category","embeddable":true,"href":"https:\/\/visionpeninsular.com\/mid\/wp-json\/wp\/v2\/categories?post=157298"},{"taxonomy":"post_tag","embeddable":true,"href":"https:\/\/visionpeninsular.com\/mid\/wp-json\/wp\/v2\/tags?post=157298"}],"curies":[{"name":"wp","href":"https:\/\/api.w.org\/{rel}","templated":true}]}}