{"id":15718,"date":"2016-11-01T06:08:47","date_gmt":"2016-11-01T12:08:47","guid":{"rendered":"http:\/\/visionpeninsular.com\/mid\/?p=15718"},"modified":"2016-11-01T06:08:47","modified_gmt":"2016-11-01T12:08:47","slug":"segob-debe-acabar-uber-taxistas","status":"publish","type":"post","link":"https:\/\/visionpeninsular.com\/mid\/segob-debe-acabar-uber-taxistas\/","title":{"rendered":"SEGOB debe acabar con Uber: Taxistas"},"content":{"rendered":"<p>Los Taxistas de Campeche no abandonan la petici\u00f3n de sacar a Uber de circulaci\u00f3n, no s\u00f3lo a nivel local sino nacional, pues de la petici\u00f3n enviada a la Secretar\u00eda de Gobernaci\u00f3n se espera una respuesta que acate la petici\u00f3n de expulsar a esta \u201cempresa il\u00edcita\u201d, externaron. <\/p>\n<p>Al respecto, Jos\u00e9 Arjona Jim\u00e9nez, Secretario General del Frente \u00danico de Trabajadores del Volante (FUTV) se\u00f1al\u00f3 que los taxistas campechanos se mantienen firmes en la petici\u00f3n de sacar a Uber pues en la mega marcha nacional participaron m\u00e1s de 50 taxistas en representaci\u00f3n de los ruleteros de Campeche. <\/p>\n<p>El l\u00edder sindical indic\u00f3: \u201cLos taxistas de Campeche, as\u00ed como de otras entidades, estamos en espera de la respuesta para sacar del pa\u00eds a Uber, que adem\u00e1s de pretender desplazar a los ruleteros, dan el servicio de manera ilegal, violentando las leyes estatales de transporte\u201d. <\/p>\n<p>Asimismo, Arjona Jim\u00e9nez, indic\u00f3 que en Campeche el Gobierno Estatal se mantiene firme en no permitir la violaci\u00f3n de las leyes de transporte y prohibir el trabajo ilegal de Uber. <\/p>\n<div class='share-to-whatsapp-wrapper'><div class='share-on-whsp'>Share on: <\/div><a data-text='SEGOB debe acabar con Uber: Taxistas' data-link='https:\/\/visionpeninsular.com\/mid\/segob-debe-acabar-uber-taxistas\/' class='whatsapp-button whatsapp-share'>WhatsApp<\/a><div class='clear '><\/div><\/div>","protected":false},"excerpt":{"rendered":"<p>Los Taxistas de Campeche no abandonan la petici\u00f3n de sacar a Uber de circulaci\u00f3n, no s\u00f3lo a nivel local sino nacional, pues de la petici\u00f3n enviada a la Secretar\u00eda de Gobernaci\u00f3n se espera una respuesta que acate la petici\u00f3n de expulsar a esta \u201cempresa il\u00edcita\u201d, externaron. Al respecto, Jos\u00e9 Arjona Jim\u00e9nez, Secretario General del Frente &hellip;<\/p>\n","protected":false},"author":1,"featured_media":13623,"comment_status":"open","ping_status":"open","sticky":false,"template":"","format":"standard","meta":{"_mi_skip_tracking":false},"categories":[45],"tags":[922,1235,2851,207],"_links":{"self":[{"href":"https:\/\/visionpeninsular.com\/mid\/wp-json\/wp\/v2\/posts\/15718"}],"collection":[{"href":"https:\/\/visionpeninsular.com\/mid\/wp-json\/wp\/v2\/posts"}],"about":[{"href":"https:\/\/visionpeninsular.com\/mid\/wp-json\/wp\/v2\/types\/post"}],"author":[{"embeddable":true,"href":"https:\/\/visionpeninsular.com\/mid\/wp-json\/wp\/v2\/users\/1"}],"replies":[{"embeddable":true,"href":"https:\/\/visionpeninsular.com\/mid\/wp-json\/wp\/v2\/comments?post=15718"}],"version-history":[{"count":1,"href":"https:\/\/visionpeninsular.com\/mid\/wp-json\/wp\/v2\/posts\/15718\/revisions"}],"predecessor-version":[{"id":15719,"href":"https:\/\/visionpeninsular.com\/mid\/wp-json\/wp\/v2\/posts\/15718\/revisions\/15719"}],"wp:featuredmedia":[{"embeddable":true,"href":"https:\/\/visionpeninsular.com\/mid\/wp-json\/wp\/v2\/media\/13623"}],"wp:attachment":[{"href":"https:\/\/visionpeninsular.com\/mid\/wp-json\/wp\/v2\/media?parent=15718"}],"wp:term":[{"taxonomy":"category","embeddable":true,"href":"https:\/\/visionpeninsular.com\/mid\/wp-json\/wp\/v2\/categories?post=15718"},{"taxonomy":"post_tag","embeddable":true,"href":"https:\/\/visionpeninsular.com\/mid\/wp-json\/wp\/v2\/tags?post=15718"}],"curies":[{"name":"wp","href":"https:\/\/api.w.org\/{rel}","templated":true}]}}