{"id":157060,"date":"2022-07-11T11:19:22","date_gmt":"2022-07-11T16:19:22","guid":{"rendered":"https:\/\/visionpeninsular.com\/mid\/?p=157060"},"modified":"2022-07-11T11:19:29","modified_gmt":"2022-07-11T16:19:29","slug":"las-calesas-electricas-permitiran-alternativas-turisticas-innovadoras-y-un-mayor-bienestar-de-la-fauna-en-el-municipio","status":"publish","type":"post","link":"https:\/\/visionpeninsular.com\/mid\/las-calesas-electricas-permitiran-alternativas-turisticas-innovadoras-y-un-mayor-bienestar-de-la-fauna-en-el-municipio\/","title":{"rendered":"Las calesas el\u00e9ctricas permitir\u00e1n alternativas tur\u00edsticas innovadoras y un mayor bienestar de la fauna en el Municipio"},"content":{"rendered":"\n<ul><li><strong><em>Representantes de c\u00e1maras empresariales y asociaciones civiles consideran este programa del Ayuntamiento de M\u00e9rida como una innovaci\u00f3n para el Municipio.<\/em><\/strong><\/li><\/ul>\n\n\n\n<p>M\u00e9rida, Yucat\u00e1n a 10 de julio de 2022.-Con el arranque del programa de calesas el\u00e9ctricas que el Ayuntamiento de M\u00e9rida que encabeza el Alcalde Ren\u00e1n Barrera Concha inici\u00f3 el pasado viernes, l\u00edderes de c\u00e1maras empresariales y asociaciones civiles consideraron que ser\u00e1 una acci\u00f3n que permitir\u00e1 incrementar el cuidado de la fauna e innovar\u00e1n los atractivos tur\u00edsticos de la ciudad.<\/p>\n\n\n\n<p>Con el banderazo de salida de las seis primeras calesas el\u00e9ctricas del Municipio que se realiz\u00f3 el pasado viernes en el remate del Paseo de Montejo, los&nbsp; empresarios y representantes de organizaciones civiles consideraron que en M\u00e9rida siempre debe prevalecer la armon\u00eda y la paz social, as\u00ed como un fuerte compromiso entre las acciones del gobierno y la sociedad para llevar a buen puerto a la ciudad, actualmente considerada como una de las mejores a nivel nacional a internacional.<\/p>\n\n\n\n<figure class=\"wp-block-image size-large\"><img loading=\"lazy\" width=\"1024\" height=\"682\" src=\"https:\/\/visionpeninsular.com\/mid\/wp-content\/uploads\/2022\/07\/Calesas-2.jpg-1024x682.jpeg\" alt=\"\" class=\"wp-image-157063\" srcset=\"https:\/\/visionpeninsular.com\/mid\/wp-content\/uploads\/2022\/07\/Calesas-2.jpg-1024x682.jpeg 1024w, https:\/\/visionpeninsular.com\/mid\/wp-content\/uploads\/2022\/07\/Calesas-2.jpg-300x200.jpeg 300w, https:\/\/visionpeninsular.com\/mid\/wp-content\/uploads\/2022\/07\/Calesas-2.jpg-768x512.jpeg 768w, https:\/\/visionpeninsular.com\/mid\/wp-content\/uploads\/2022\/07\/Calesas-2.jpg-310x205.jpeg 310w, https:\/\/visionpeninsular.com\/mid\/wp-content\/uploads\/2022\/07\/Calesas-2.jpg.jpeg 1280w\" sizes=\"(max-width: 1024px) 100vw, 1024px\" \/><\/figure>\n\n\n\n<p>As\u00ed, Jorge Charruf C\u00e1ceres, presidente de la C\u00e1mara Nacional de la Industria de Transformaci\u00f3n, Delegaci\u00f3n Yucat\u00e1n (CANACINTRA Delegaci\u00f3n Yucat\u00e1n), reconoci\u00f3 el esfuerzo y compromiso del Alcalde Ren\u00e1n Barrera al emprender acciones que fomentan el cuidado ambiental y el desarrollo econ\u00f3mico de M\u00e9rida.<\/p>\n\n\n\n<p>Al referirse al tema de las calesas el\u00e9ctricas puestas en funcionamiento recientemente, el empresario consider\u00f3 que esta nueva opci\u00f3n de movilidad que se ofrece al turismo, adem\u00e1s de ser innovadora, atraer\u00e1 m\u00e1s visitantes a la ciudad.<\/p>\n\n\n\n<p>\u201cSin duda la ciudad de M\u00e9rida tiene trazada una ruta hacia la sustentabilidad y con este lanzamiento de las calesas el\u00e9ctricas pues se da un gran paso para que tengamos una ciudad m\u00e1s amigable con el medio ambiente\u201d, se\u00f1al\u00f3.<\/p>\n\n\n\n<p>Agreg\u00f3 que este tipo de acciones, demuestran una vez m\u00e1s, el compromiso asumido por el Alcalde Ren\u00e1n Barrera con el desarrollo sustentable del Municipio, trabajo que le da mucho gusto porque se realiza en conjunto con la sociedad, permitiendo que la transformaci\u00f3n y mejor\u00eda de nuestro entorno sea una labor que involucre a todas y todos.<\/p>\n\n\n\n<p>A su vez, Lidia Saleh Angulo, presidenta del Albergue Franciscano Del Animal Desprotegido, A.C. (AFAD), calific\u00f3 este hecho como algo trascendente en la historia de la capital yucateca, debido a que viene concretar en una primera etapa, una de las peticiones m\u00e1s solicitadas por parte de las y los meridanos, como es el cuidado y protecci\u00f3n de los animales.<\/p>\n\n\n\n<p>\u201cRealmente me parece un gran inicio para erradicar este tema de la violencia hacia los animales, es un buen n\u00famero estas primeras seis calesas el\u00e9ctricas y creo que tanto el turismo como los meridanos poco a poco nos iremos sumando a utilizar este tipo de veh\u00edculos en vez de los carruajes tirados por caballos\u201d, coment\u00f3.<\/p>\n\n\n\n<p>Celebro de verdad, abund\u00f3, que el Alcalde Ren\u00e1n Barrera concretara este proyecto que ha sido por tantos a\u00f1os uno de los m\u00e1s acariciados y anhelados por la ciudadan\u00eda, sin duda es un excelente inicio, pero nos falta seguir caminando como sociedad.<\/p>\n\n\n\n<figure class=\"wp-block-image size-large\"><img loading=\"lazy\" width=\"1024\" height=\"682\" src=\"https:\/\/visionpeninsular.com\/mid\/wp-content\/uploads\/2022\/07\/Calesas-3.jpg-1024x682.jpeg\" alt=\"\" class=\"wp-image-157064\" srcset=\"https:\/\/visionpeninsular.com\/mid\/wp-content\/uploads\/2022\/07\/Calesas-3.jpg-1024x682.jpeg 1024w, https:\/\/visionpeninsular.com\/mid\/wp-content\/uploads\/2022\/07\/Calesas-3.jpg-300x200.jpeg 300w, https:\/\/visionpeninsular.com\/mid\/wp-content\/uploads\/2022\/07\/Calesas-3.jpg-768x512.jpeg 768w, https:\/\/visionpeninsular.com\/mid\/wp-content\/uploads\/2022\/07\/Calesas-3.jpg-310x205.jpeg 310w, https:\/\/visionpeninsular.com\/mid\/wp-content\/uploads\/2022\/07\/Calesas-3.jpg.jpeg 1280w\" sizes=\"(max-width: 1024px) 100vw, 1024px\" \/><\/figure>\n\n\n\n<p>Finalmente, la activista consider\u00f3 que el que el Alcalde impulse proyectos e iniciativas de gran trascendencia, impactan positivamente en la calidad de vida del Municipio, por lo que hizo un llamado a la ciudadan\u00eda para sumarse al trabajo que realiza en Ayuntamiento de M\u00e9rida en pro del cuidado de los animales y del medio ambiente.<\/p>\n<div class='share-to-whatsapp-wrapper'><div class='share-on-whsp'>Share on: <\/div><a data-text='Las calesas el\u00e9ctricas permitir\u00e1n alternativas tur\u00edsticas innovadoras y un mayor bienestar de la fauna en el Municipio' data-link='https:\/\/visionpeninsular.com\/mid\/las-calesas-electricas-permitiran-alternativas-turisticas-innovadoras-y-un-mayor-bienestar-de-la-fauna-en-el-municipio\/' class='whatsapp-button whatsapp-share'>WhatsApp<\/a><div class='clear '><\/div><\/div>","protected":false},"excerpt":{"rendered":"<p>Representantes de c\u00e1maras empresariales y asociaciones civiles consideran este programa del Ayuntamiento de M\u00e9rida como una innovaci\u00f3n para el Municipio. M\u00e9rida, Yucat\u00e1n a 10 de julio de 2022.-Con el arranque del programa de calesas el\u00e9ctricas que el Ayuntamiento de M\u00e9rida que encabeza el Alcalde Ren\u00e1n Barrera Concha inici\u00f3 el pasado viernes, l\u00edderes de c\u00e1maras empresariales &hellip;<\/p>\n","protected":false},"author":5,"featured_media":157062,"comment_status":"open","ping_status":"open","sticky":false,"template":"","format":"standard","meta":{"_mi_skip_tracking":false},"categories":[49,37],"tags":[32131,13587,32132,12819],"_links":{"self":[{"href":"https:\/\/visionpeninsular.com\/mid\/wp-json\/wp\/v2\/posts\/157060"}],"collection":[{"href":"https:\/\/visionpeninsular.com\/mid\/wp-json\/wp\/v2\/posts"}],"about":[{"href":"https:\/\/visionpeninsular.com\/mid\/wp-json\/wp\/v2\/types\/post"}],"author":[{"embeddable":true,"href":"https:\/\/visionpeninsular.com\/mid\/wp-json\/wp\/v2\/users\/5"}],"replies":[{"embeddable":true,"href":"https:\/\/visionpeninsular.com\/mid\/wp-json\/wp\/v2\/comments?post=157060"}],"version-history":[{"count":1,"href":"https:\/\/visionpeninsular.com\/mid\/wp-json\/wp\/v2\/posts\/157060\/revisions"}],"predecessor-version":[{"id":157065,"href":"https:\/\/visionpeninsular.com\/mid\/wp-json\/wp\/v2\/posts\/157060\/revisions\/157065"}],"wp:featuredmedia":[{"embeddable":true,"href":"https:\/\/visionpeninsular.com\/mid\/wp-json\/wp\/v2\/media\/157062"}],"wp:attachment":[{"href":"https:\/\/visionpeninsular.com\/mid\/wp-json\/wp\/v2\/media?parent=157060"}],"wp:term":[{"taxonomy":"category","embeddable":true,"href":"https:\/\/visionpeninsular.com\/mid\/wp-json\/wp\/v2\/categories?post=157060"},{"taxonomy":"post_tag","embeddable":true,"href":"https:\/\/visionpeninsular.com\/mid\/wp-json\/wp\/v2\/tags?post=157060"}],"curies":[{"name":"wp","href":"https:\/\/api.w.org\/{rel}","templated":true}]}}