{"id":157046,"date":"2022-07-08T21:16:29","date_gmt":"2022-07-09T02:16:29","guid":{"rendered":"https:\/\/visionpeninsular.com\/mid\/?p=157046"},"modified":"2022-07-08T21:16:39","modified_gmt":"2022-07-09T02:16:39","slug":"las-calesas-electricas-una-tradicion-meridana-que-se-moderniza","status":"publish","type":"post","link":"https:\/\/visionpeninsular.com\/mid\/las-calesas-electricas-una-tradicion-meridana-que-se-moderniza\/","title":{"rendered":"Las calesas el\u00e9ctricas, una tradici\u00f3n meridana que se moderniza"},"content":{"rendered":"\n<h2 class=\"has-text-align-center\"><strong>\u2022El alcalde Ren\u00e1n Barrera Concha conf\u00eda en que este tipo de veh\u00edculos tendr\u00e1n gran \u00e9xito de los visitantes nacionales e internacionales<\/strong><\/h2>\n\n\n\n<p>M\u00e9rida, Yucat\u00e1n, a 8 de julio de 2022.\u2013 La puesta en marcha de las primeras seis calesas el\u00e9ctricas representa el primer paso para la transici\u00f3n a la modernidad de una tradici\u00f3n que tiene unos 200 a\u00f1os de historia en el coraz\u00f3n de M\u00e9rida.<\/p>\n\n\n\n<p>Entrevistado posterior al banderazo de los carruajes, el alcalde Ren\u00e1n Barrera Concha cifr\u00f3 sus expectativas de tipo de veh\u00edculos tendr\u00e1n buena respuesta de los turistas nacionales e internacionales, pues del \u00e9xito de esta primera etapa depender\u00e1 si se incrementa el n\u00famero de coches el\u00e9ctricos que sustituir\u00e1n a las calesas tradicionales.<\/p>\n\n\n\n<p>El primer edil conf\u00eda que las calesas el\u00e9ctricas despertar\u00e1n el inter\u00e9s de m\u00e1s aurigas e, incluso, de las empresas yucatecas que, a trav\u00e9s de los anuncios de alg\u00fan producto, pudieran patrocinar estos veh\u00edculos lo que podr\u00eda generar un ingreso adicional para la unidad.<\/p>\n\n\n\n<p>\u00abComo todo servicio nuevo, llamar\u00e1 la atenci\u00f3n y estar\u00e1 reconocido en toda la ciudad\u00bb, coment\u00f3 Barrera Concha. Esta primera etapa funcionar\u00e1 durante el resto del a\u00f1o para conocer los resultados y la participaci\u00f3n de la clientela para ver si en los a\u00f1os subsecuentes, el n\u00famero de los coches el\u00e9ctricos pueden aumentar.<\/p>\n\n\n\n<p>Para el programa, el concejal destac\u00f3 la importancia de la suma de voluntades. &nbsp;\u00abHa sido un trabajo bien cuidado de di\u00e1logo, de socializaci\u00f3n con los propios caleseros, de apoyo econ\u00f3mico por parte del Ayuntamiento; la Secretaria de Seguridad P\u00fablica (SSP) ya cre\u00f3 el concepto de conductor de calesa el\u00e9ctrica. Es importante adaptarnos todos los sectores del gobierno para empujar a una innovaci\u00f3n con las calesas el\u00e9ctricas\u00bb, coment\u00f3.<\/p>\n\n\n\n<p>Tambi\u00e9n se\u00f1al\u00f3 que los choferes probaron los carruajes el\u00e9ctricos, se capacitaron y conocieron los esquemas de financiamiento del Ayuntamiento de M\u00e9rida.<\/p>\n\n\n\n<p>Barrera Concha precis\u00f3 que las calesas tradicionales continuar\u00e1n y en la medida que el proyecto sea exitoso m\u00e1s caleseros adoptar\u00e1n dicha tecnolog\u00eda.<\/p>\n\n\n\n<p>\u00abEl uso de caballos para las calesas es un tema que contempla la ley de movilidad, no es un tema que el Ayuntamiento pueda o no permitir. Entonces, van a convivir en este esquema h\u00edbrido\u00bb, finaliz\u00f3.<\/p>\n\n\n\n<div class=\"wp-block-image\"><figure class=\"aligncenter size-large\"><img loading=\"lazy\" width=\"1024\" height=\"1024\" src=\"https:\/\/visionpeninsular.com\/mid\/wp-content\/uploads\/2022\/07\/WhatsApp-Image-2022-07-08-at-9.05.02-PM-1024x1024.jpeg\" alt=\"\" class=\"wp-image-157048\" srcset=\"https:\/\/visionpeninsular.com\/mid\/wp-content\/uploads\/2022\/07\/WhatsApp-Image-2022-07-08-at-9.05.02-PM-1024x1024.jpeg 1024w, https:\/\/visionpeninsular.com\/mid\/wp-content\/uploads\/2022\/07\/WhatsApp-Image-2022-07-08-at-9.05.02-PM-300x300.jpeg 300w, https:\/\/visionpeninsular.com\/mid\/wp-content\/uploads\/2022\/07\/WhatsApp-Image-2022-07-08-at-9.05.02-PM-150x150.jpeg 150w, https:\/\/visionpeninsular.com\/mid\/wp-content\/uploads\/2022\/07\/WhatsApp-Image-2022-07-08-at-9.05.02-PM-768x768.jpeg 768w, https:\/\/visionpeninsular.com\/mid\/wp-content\/uploads\/2022\/07\/WhatsApp-Image-2022-07-08-at-9.05.02-PM.jpeg 1280w\" sizes=\"(max-width: 1024px) 100vw, 1024px\" \/><figcaption>El alcalde Ren\u00e1n Barrera Concha y el gobernador Mauricio Vila Dosal pruebas las calesas el\u00e9ctricas. En el lado derecho, los primeros veh\u00edculos que circular\u00e1n en el Centro Hist\u00f3rico (CR\u00c9DITOS DE LA IMAGEN: Visi\u00f3n Peninsular)<\/figcaption><\/figure><\/div>\n<div class='share-to-whatsapp-wrapper'><div class='share-on-whsp'>Share on: <\/div><a data-text='Las calesas el\u00e9ctricas, una tradici\u00f3n meridana que se moderniza' data-link='https:\/\/visionpeninsular.com\/mid\/las-calesas-electricas-una-tradicion-meridana-que-se-moderniza\/' class='whatsapp-button whatsapp-share'>WhatsApp<\/a><div class='clear '><\/div><\/div>","protected":false},"excerpt":{"rendered":"<p>\u2022El alcalde Ren\u00e1n Barrera Concha conf\u00eda en que este tipo de veh\u00edculos tendr\u00e1n gran \u00e9xito de los visitantes nacionales e internacionales M\u00e9rida, Yucat\u00e1n, a 8 de julio de 2022.\u2013 La puesta en marcha de las primeras seis calesas el\u00e9ctricas representa el primer paso para la transici\u00f3n a la modernidad de una tradici\u00f3n que tiene unos &hellip;<\/p>\n","protected":false},"author":11,"featured_media":157048,"comment_status":"open","ping_status":"open","sticky":false,"template":"","format":"standard","meta":{"_mi_skip_tracking":false},"categories":[49,37],"tags":[12819],"_links":{"self":[{"href":"https:\/\/visionpeninsular.com\/mid\/wp-json\/wp\/v2\/posts\/157046"}],"collection":[{"href":"https:\/\/visionpeninsular.com\/mid\/wp-json\/wp\/v2\/posts"}],"about":[{"href":"https:\/\/visionpeninsular.com\/mid\/wp-json\/wp\/v2\/types\/post"}],"author":[{"embeddable":true,"href":"https:\/\/visionpeninsular.com\/mid\/wp-json\/wp\/v2\/users\/11"}],"replies":[{"embeddable":true,"href":"https:\/\/visionpeninsular.com\/mid\/wp-json\/wp\/v2\/comments?post=157046"}],"version-history":[{"count":1,"href":"https:\/\/visionpeninsular.com\/mid\/wp-json\/wp\/v2\/posts\/157046\/revisions"}],"predecessor-version":[{"id":157049,"href":"https:\/\/visionpeninsular.com\/mid\/wp-json\/wp\/v2\/posts\/157046\/revisions\/157049"}],"wp:featuredmedia":[{"embeddable":true,"href":"https:\/\/visionpeninsular.com\/mid\/wp-json\/wp\/v2\/media\/157048"}],"wp:attachment":[{"href":"https:\/\/visionpeninsular.com\/mid\/wp-json\/wp\/v2\/media?parent=157046"}],"wp:term":[{"taxonomy":"category","embeddable":true,"href":"https:\/\/visionpeninsular.com\/mid\/wp-json\/wp\/v2\/categories?post=157046"},{"taxonomy":"post_tag","embeddable":true,"href":"https:\/\/visionpeninsular.com\/mid\/wp-json\/wp\/v2\/tags?post=157046"}],"curies":[{"name":"wp","href":"https:\/\/api.w.org\/{rel}","templated":true}]}}