{"id":156949,"date":"2022-07-06T07:15:00","date_gmt":"2022-07-06T12:15:00","guid":{"rendered":"https:\/\/visionpeninsular.com\/mid\/?p=156949"},"modified":"2022-07-05T21:12:27","modified_gmt":"2022-07-06T02:12:27","slug":"juez-solicita-que-la-scjn-atraiga-amparo-contra-la-reforma-al-poder-judicial","status":"publish","type":"post","link":"https:\/\/visionpeninsular.com\/mid\/juez-solicita-que-la-scjn-atraiga-amparo-contra-la-reforma-al-poder-judicial\/","title":{"rendered":"Juez solicita que la SCJN atraiga amparo contra la reforma al Poder Judicial"},"content":{"rendered":"\n<h2 class=\"has-text-align-center\"><strong>\u2022\u00abEsa es una solicitud que hago, bas\u00e1ndome en que no son los perfiles id\u00f3neos\u00bb, afirm\u00f3 el maestro en Derecho Constitucional y Amparo Santos Alfredo May Tinal<\/strong><\/h2>\n\n\n\n<p>M\u00e9rida, Yucat\u00e1n, a 6 de julio de 2022.\u2013 Debido a que los magistrados y las magistradas designadas no cumplieron con los perfiles de idoneidad, el juez Santos Alfredo May Tinal solicit\u00f3 a la Suprema Corte de Justicia de la Naci\u00f3n (SCJN) que atraiga el amparo para que desech\u00e9 la reforma al Poder Judicial que el Congreso del Estado aprob\u00f3 el pasado 28 de abril.<\/p>\n\n\n\n<p>\u00abYo no tengo nada en contra de los magistrados electos y quienes conformaron las ternas. No tengo nada en contra de ellos, si me preocupa que llega gente que no tiene el perfil para desempe\u00f1arse adecuadamente\u00bb, precis\u00f3 el maestro en derecho constitucional y amparo.<\/p>\n\n\n\n<p>Los magistrados y las magistradas no cumplieron con el perfil id\u00f3neo, as\u00ed como quienes integraron las ternas, ya que los profesionistas postulados se desempe\u00f1aban en \u00e1reas administrativas y no jurisdiccionales.<\/p>\n\n\n\n<p>\u2013La Constituci\u00f3n Federal establece un rango de preferencia. Dice: \u00abPreferentemente, se atender\u00e1 a la carrera judicial o a la idoneidad o probidad en el desempe\u00f1o de la funci\u00f3n jurisdiccional\u00bb. Entonces, por qu\u00e9 el Ejecutivo Estatal eligi\u00f3 otros perfiles administraciones que jurisdiccionales \u2013expuso en rueda de prensa realizada la tarde de ayer.<\/p>\n\n\n\n<p>En caso de que SCJN atraiga el amparo los ocho magistrados designados y que rindieron protesta quedar\u00edan sin efecto. \u00abEsa es una solicitud que hago, bas\u00e1ndome en que no son los perfiles id\u00f3neos\u00bb, coment\u00f3.<\/p>\n\n\n\n<p>En otro tema, Patricia Eugenia Sol\u00eds P\u00e9rez y Luisa In\u00e9s Mart\u00edn Puc, secretarias generales de los sindicatos de Trabajadores al Servicio del Poder Judicial del Estado de Yucat\u00e1n y Progresista de los Trabajadores del Poder Judicial del Estado de Yucat\u00e1n, dieron a conocer que se promovieron cuatro demandas de amparo, dos en contra del reglamento de la carrera judicial y dos contra la reforma al Poder Judicial.<\/p>\n\n\n\n<div class=\"wp-block-image\"><figure class=\"aligncenter size-large\"><img loading=\"lazy\" width=\"1024\" height=\"571\" src=\"https:\/\/visionpeninsular.com\/mid\/wp-content\/uploads\/2022\/07\/WhatsApp-Image-2022-07-05-at-3.15.01-PM-1024x571.jpeg\" alt=\"\" class=\"wp-image-156951\" srcset=\"https:\/\/visionpeninsular.com\/mid\/wp-content\/uploads\/2022\/07\/WhatsApp-Image-2022-07-05-at-3.15.01-PM-1024x571.jpeg 1024w, https:\/\/visionpeninsular.com\/mid\/wp-content\/uploads\/2022\/07\/WhatsApp-Image-2022-07-05-at-3.15.01-PM-300x167.jpeg 300w, https:\/\/visionpeninsular.com\/mid\/wp-content\/uploads\/2022\/07\/WhatsApp-Image-2022-07-05-at-3.15.01-PM-768x428.jpeg 768w, https:\/\/visionpeninsular.com\/mid\/wp-content\/uploads\/2022\/07\/WhatsApp-Image-2022-07-05-at-3.15.01-PM-1536x856.jpeg 1536w, https:\/\/visionpeninsular.com\/mid\/wp-content\/uploads\/2022\/07\/WhatsApp-Image-2022-07-05-at-3.15.01-PM.jpeg 1600w\" sizes=\"(max-width: 1024px) 100vw, 1024px\" \/><figcaption>En el orden habitual: Patricia Eugenia Sol\u00eds Reyes, secretaria general del Sindicato de Trabajadores al Servicio del Poder Judicial del Estado de Yucat\u00e1n (STSPJEY); Luisa In\u00e9s Mart\u00edn Puc, secretaria general del Sindicato Progresista de Trabajadores al Servicio del Poder Judicial del Estado de Yucat\u00e1n (SPTSPJEY) y el juez Santos Alfredo May Tinal en rueda de prensa (CR\u00c9DITO: Visi\u00f3n Peninsular)<\/figcaption><\/figure><\/div>\n<div class='share-to-whatsapp-wrapper'><div class='share-on-whsp'>Share on: <\/div><a data-text='Juez solicita que la SCJN atraiga amparo contra la reforma al Poder Judicial' data-link='https:\/\/visionpeninsular.com\/mid\/juez-solicita-que-la-scjn-atraiga-amparo-contra-la-reforma-al-poder-judicial\/' class='whatsapp-button whatsapp-share'>WhatsApp<\/a><div class='clear '><\/div><\/div>","protected":false},"excerpt":{"rendered":"<p>\u2022\u00abEsa es una solicitud que hago, bas\u00e1ndome en que no son los perfiles id\u00f3neos\u00bb, afirm\u00f3 el maestro en Derecho Constitucional y Amparo Santos Alfredo May Tinal M\u00e9rida, Yucat\u00e1n, a 6 de julio de 2022.\u2013 Debido a que los magistrados y las magistradas designadas no cumplieron con los perfiles de idoneidad, el juez Santos Alfredo May &hellip;<\/p>\n","protected":false},"author":11,"featured_media":156951,"comment_status":"open","ping_status":"open","sticky":false,"template":"","format":"standard","meta":{"_mi_skip_tracking":false},"categories":[49,37],"tags":[27523,32102,32100,32101,31989],"_links":{"self":[{"href":"https:\/\/visionpeninsular.com\/mid\/wp-json\/wp\/v2\/posts\/156949"}],"collection":[{"href":"https:\/\/visionpeninsular.com\/mid\/wp-json\/wp\/v2\/posts"}],"about":[{"href":"https:\/\/visionpeninsular.com\/mid\/wp-json\/wp\/v2\/types\/post"}],"author":[{"embeddable":true,"href":"https:\/\/visionpeninsular.com\/mid\/wp-json\/wp\/v2\/users\/11"}],"replies":[{"embeddable":true,"href":"https:\/\/visionpeninsular.com\/mid\/wp-json\/wp\/v2\/comments?post=156949"}],"version-history":[{"count":1,"href":"https:\/\/visionpeninsular.com\/mid\/wp-json\/wp\/v2\/posts\/156949\/revisions"}],"predecessor-version":[{"id":156952,"href":"https:\/\/visionpeninsular.com\/mid\/wp-json\/wp\/v2\/posts\/156949\/revisions\/156952"}],"wp:featuredmedia":[{"embeddable":true,"href":"https:\/\/visionpeninsular.com\/mid\/wp-json\/wp\/v2\/media\/156951"}],"wp:attachment":[{"href":"https:\/\/visionpeninsular.com\/mid\/wp-json\/wp\/v2\/media?parent=156949"}],"wp:term":[{"taxonomy":"category","embeddable":true,"href":"https:\/\/visionpeninsular.com\/mid\/wp-json\/wp\/v2\/categories?post=156949"},{"taxonomy":"post_tag","embeddable":true,"href":"https:\/\/visionpeninsular.com\/mid\/wp-json\/wp\/v2\/tags?post=156949"}],"curies":[{"name":"wp","href":"https:\/\/api.w.org\/{rel}","templated":true}]}}