{"id":156804,"date":"2022-07-02T07:00:00","date_gmt":"2022-07-02T12:00:00","guid":{"rendered":"https:\/\/visionpeninsular.com\/mid\/?p=156804"},"modified":"2022-07-02T11:15:50","modified_gmt":"2022-07-02T16:15:50","slug":"queremos-que-nos-dejen-nuestras-casas-vecinos-de-la-plancha-ante-un-desalojo-de-fonatur","status":"publish","type":"post","link":"https:\/\/visionpeninsular.com\/mid\/queremos-que-nos-dejen-nuestras-casas-vecinos-de-la-plancha-ante-un-desalojo-de-fonatur\/","title":{"rendered":"\u00abQueremos que nos dejen nuestras casas\u00bb: vecinos de La Plancha ante un desalojo de FONATUR"},"content":{"rendered":"\n<h2 class=\"has-text-align-center\"><strong>\u2022Los posesionarios de los predios de la calle 43-A aseguran que recibieron la propiedad en comodato por el ex presidente Vicente Fox Quezada<\/strong><\/h2>\n\n\n\n<p>M\u00e9rida, Yucat\u00e1n, a 2 de julio de 2022.\u2013 Familias que viven en la calle 43-A, frente al parque Art\u00edculo 123 Constitucional, temen que el gobierno federal los desaloje de las viviendas, que habitan desde hace 80 a\u00f1os; pues el pasado 28 de junio, personal del&nbsp; Fondo Nacional de Fomento al Turismo (FONATUR) se present\u00f3 el con solicitudes para autorizar el aval\u00fao.<\/p>\n\n\n\n<p>La incertidumbre crece, pues el plazo venci\u00f3 y los funcionarios federales nunca se presentaron para disipar sus dudas, especialmente, cuando les dieron un mes para desalojar sus viviendas. Las 11 familias perjudicadas no cuentan con los documentos que los acreditan como propietarios, pero si tienen c\u00f3mo comprobar la posesi\u00f3n de unos terrenos que recibieron en comodato al ser una zona federal.<\/p>\n\n\n\n<p>Lilian Carolina Herrera P\u00e9rez, quien fue heredera de la casa, record\u00f3 que desde hace dos a\u00f1os no hab\u00eda registro de sus propiedades en el Catastro Municipal.&nbsp; \u00abEra una l\u00ednea negra esto\u00bb, expres\u00f3. &nbsp;<\/p>\n\n\n\n<p>Actualmente, la situaci\u00f3n ha cambiado pues s\u00ed aparecen en los croquis de la ciudad con documentos respaldados por la Secretar\u00eda de Comunicaciones y Transportes (SCT) y Ferrocarriles de M\u00e9xico.<\/p>\n\n\n\n<p>Ayer en la tarde, los vecinos se reunieron con el prop\u00f3sito de llegar a los acuerdos y las acciones que tomar\u00e1n con respecto al requerimiento, pues no son propietarios de los predios, aunque un se\u00f1or coment\u00f3 que, durante la administraci\u00f3n de Vicente Fox Quesada, se emiti\u00f3 un decreto para que las familias de los ferrocarrileros reciban los documentos de los terrenos en donde han construido sus propiedades con mucho esfuerzo. <\/p>\n\n\n\n<p>Tambi\u00e9n comentaron que algunos quieren vender sus propiedades a un precio justo, pero otros de plano se niegan por los recuerdos que atesoran. \u00abLo \u00fanico que queremos es que nos dejen nuestras casas\u00bb, expres\u00f3 una vecina.<\/p>\n\n\n\n<p>Sin embargo, hay familias que solicitan la reubicaci\u00f3n de sus viviendas en la misma zona y no en otro lado de la ciudad. Adem\u00e1s, que las nuevas casas que les lleguen a entregar tengan los mismos metros cuadrados de construicci\u00f3n y, en el caso de los predios, tengan el mismo per\u00edmetro. <\/p>\n\n\n\n<p>Recordaron que en esos terrenos se iban a construir una terminal del Tren Maya, pero fue modificada la ruta y las propuestas hechas a los vecinos quedaron al aire incluida la reubicaci\u00f3n de las familias a 300 metros, que no se las volvieron a plantear. Ahora, llegaron las notificaciones que les han quitado la tranquilidad a las familias.<\/p>\n\n\n\n<p>Los vecinos precisaron que no son paraca\u00edditas ni especuladores de tierra. Por el contrario, si no familias que habitan ese pol\u00edgono desde hace 80 a\u00f1os y piden el di\u00e1logo con el presidente Andr\u00e9s Manuel L\u00f3pez Obrador, al igual que con el actual titular de FONATUR, Javier May Rodr\u00edguez. <\/p>\n\n\n\n<div class=\"wp-block-image\"><figure class=\"aligncenter size-large\"><img loading=\"lazy\" width=\"1024\" height=\"1024\" src=\"https:\/\/visionpeninsular.com\/mid\/wp-content\/uploads\/2022\/07\/WhatsApp-Image-2022-07-01-at-11.55.02-PM-1024x1024.jpeg\" alt=\"\" class=\"wp-image-156807\" srcset=\"https:\/\/visionpeninsular.com\/mid\/wp-content\/uploads\/2022\/07\/WhatsApp-Image-2022-07-01-at-11.55.02-PM-1024x1024.jpeg 1024w, https:\/\/visionpeninsular.com\/mid\/wp-content\/uploads\/2022\/07\/WhatsApp-Image-2022-07-01-at-11.55.02-PM-300x300.jpeg 300w, https:\/\/visionpeninsular.com\/mid\/wp-content\/uploads\/2022\/07\/WhatsApp-Image-2022-07-01-at-11.55.02-PM-150x150.jpeg 150w, https:\/\/visionpeninsular.com\/mid\/wp-content\/uploads\/2022\/07\/WhatsApp-Image-2022-07-01-at-11.55.02-PM-768x768.jpeg 768w, https:\/\/visionpeninsular.com\/mid\/wp-content\/uploads\/2022\/07\/WhatsApp-Image-2022-07-01-at-11.55.02-PM-1536x1536.jpeg 1536w, https:\/\/visionpeninsular.com\/mid\/wp-content\/uploads\/2022\/07\/WhatsApp-Image-2022-07-01-at-11.55.02-PM.jpeg 1599w\" sizes=\"(max-width: 1024px) 100vw, 1024px\" \/><figcaption>Un vecino muestra la solicitud de aval\u00fao que personal del FONATUR les entreg\u00f3, pues tienen un mes para desalojar sus predios. Abajo, las viviendas construidas en una zona federal, que poseen en comodato, desde 1947 (CR\u00c9DITO: Cortes\u00eda)<\/figcaption><\/figure><\/div>\n<div class='share-to-whatsapp-wrapper'><div class='share-on-whsp'>Share on: <\/div><a data-text='\u00abQueremos que nos dejen nuestras casas\u00bb: vecinos de La Plancha ante un desalojo de FONATUR' data-link='https:\/\/visionpeninsular.com\/mid\/queremos-que-nos-dejen-nuestras-casas-vecinos-de-la-plancha-ante-un-desalojo-de-fonatur\/' class='whatsapp-button whatsapp-share'>WhatsApp<\/a><div class='clear '><\/div><\/div>","protected":false},"excerpt":{"rendered":"<p>\u2022Los posesionarios de los predios de la calle 43-A aseguran que recibieron la propiedad en comodato por el ex presidente Vicente Fox Quezada M\u00e9rida, Yucat\u00e1n, a 2 de julio de 2022.\u2013 Familias que viven en la calle 43-A, frente al parque Art\u00edculo 123 Constitucional, temen que el gobierno federal los desaloje de las viviendas, que &hellip;<\/p>\n","protected":false},"author":11,"featured_media":156807,"comment_status":"open","ping_status":"open","sticky":false,"template":"","format":"standard","meta":{"_mi_skip_tracking":false},"categories":[49,37],"tags":[32054,5020,13607,11798,447],"_links":{"self":[{"href":"https:\/\/visionpeninsular.com\/mid\/wp-json\/wp\/v2\/posts\/156804"}],"collection":[{"href":"https:\/\/visionpeninsular.com\/mid\/wp-json\/wp\/v2\/posts"}],"about":[{"href":"https:\/\/visionpeninsular.com\/mid\/wp-json\/wp\/v2\/types\/post"}],"author":[{"embeddable":true,"href":"https:\/\/visionpeninsular.com\/mid\/wp-json\/wp\/v2\/users\/11"}],"replies":[{"embeddable":true,"href":"https:\/\/visionpeninsular.com\/mid\/wp-json\/wp\/v2\/comments?post=156804"}],"version-history":[{"count":3,"href":"https:\/\/visionpeninsular.com\/mid\/wp-json\/wp\/v2\/posts\/156804\/revisions"}],"predecessor-version":[{"id":156823,"href":"https:\/\/visionpeninsular.com\/mid\/wp-json\/wp\/v2\/posts\/156804\/revisions\/156823"}],"wp:featuredmedia":[{"embeddable":true,"href":"https:\/\/visionpeninsular.com\/mid\/wp-json\/wp\/v2\/media\/156807"}],"wp:attachment":[{"href":"https:\/\/visionpeninsular.com\/mid\/wp-json\/wp\/v2\/media?parent=156804"}],"wp:term":[{"taxonomy":"category","embeddable":true,"href":"https:\/\/visionpeninsular.com\/mid\/wp-json\/wp\/v2\/categories?post=156804"},{"taxonomy":"post_tag","embeddable":true,"href":"https:\/\/visionpeninsular.com\/mid\/wp-json\/wp\/v2\/tags?post=156804"}],"curies":[{"name":"wp","href":"https:\/\/api.w.org\/{rel}","templated":true}]}}