{"id":156734,"date":"2022-06-30T11:17:20","date_gmt":"2022-06-30T16:17:20","guid":{"rendered":"https:\/\/visionpeninsular.com\/mid\/?p=156734"},"modified":"2022-06-30T11:21:38","modified_gmt":"2022-06-30T16:21:38","slug":"jaguar-de-oro-del-turismo-con-cambios-este-ano-entregaran-una-edicion-especial-de-oro","status":"publish","type":"post","link":"https:\/\/visionpeninsular.com\/mid\/jaguar-de-oro-del-turismo-con-cambios-este-ano-entregaran-una-edicion-especial-de-oro\/","title":{"rendered":"\u201cJaguar de Turismo&#8221; con cambios; este a\u00f1o entregar\u00e1n una edici\u00f3n especial \u201cde oro\u201d"},"content":{"rendered":"\n<p>En su quinta edici\u00f3n, el reconocimiento Jaguar del Turismo presentar\u00e1 ciertas modificaciones en su organizaci\u00f3n como la entrega de una categor\u00eda especial denominada \u201cde Oro\u201d, una cena baile, el cuidado del agua y el apoyo a una causa social, seg\u00fan se dio a conocer en rueda de prensa efectuada en el Hotel El Conquistador, en pleno Paseo de Montejo.<\/p>\n\n\n\n<p>Este galard\u00f3n se concedi\u00f3 por primera ocasi\u00f3n el 20 de enero del 2018 y a la fecha se han otorgado 19 designaciones a ciudadanos, acad\u00e9micos, cooperativas tur\u00edsticas, a mujer del a\u00f1o y un homenaje p\u00f3stumo.<\/p>\n\n\n\n<p>El consejo valuador, encabezado por Rosa Garc\u00eda Pantoja, est\u00e1 integrado por empresarios y profesionistas que fomentan e incentivan para ser agentes de cambio con buenas pr\u00e1cticas, dando soporte a movimientos sociales de alto impacto.<\/p>\n\n\n\n<p>Del mismo modo, pretende hacer conciencia y sensibilizar al sector p\u00fablico, gubernamental e iniciativa privada sobre la importancia de la conservaci\u00f3n de los patrimonios hist\u00f3ricos, cultural y el medio ambiente.<\/p>\n\n\n\n<p>\u201cTenemos un Consejo diversificado, inclusivo, hay equidad de g\u00e9nero, pero las personas que lo conforman son hombres y mujeres comprometidos con la sostenibilidad y la parte de alto impacto en causas sociales. Buscamos evolucionar, estar de acuerdo a las necesidades actuales, es por eso que haremos varios cambios a diferencia de ediciones anteriores\u201d, indic\u00f3 Garc\u00eda Pantoja.<\/p>\n\n\n\n<p>\u201cEstamos conscientes de la gran problem\u00e1tica mundial que tenemos por la escasez de agua, en esta ocasi\u00f3n la convocatoria del Jaguar del Turismo tiene un punto muy importante que es el cuidado de la huella h\u00eddrica, en la cual los aspirantes al galard\u00f3n tienen que comprobar sus procesos y elaboraci\u00f3n de ese legado que van a dejar de acuerdo a sus productos y servicios, con la idea de que las empresas y la sociedad empiecen a tomar conciencia del cuidado del vital l\u00edquido\u201d, agreg\u00f3.<\/p>\n\n\n\n<p>La entrega est\u00e1 programada para el 26 de noviembre pr\u00f3ximo, en el Sal\u00f3n Mirador del Hotel El Conquistador, con una cena baile, donde parte de lo recaudado ser\u00e1 donado a una noble causa.<\/p>\n\n\n\n<p>\u201cYucat\u00e1n ocupa uno de los primeros lugares a nivel nacional con m\u00e1s de 46 mil casos y sumando en discapacidad motriz y auditiva, conocemos esta problem\u00e1tica social y queremos ser solidarios. Actualmente, todos los liderazgos deben ser transformadores tanto empresariales como pol\u00edticos, hay que ser m\u00e1s resilientes, m\u00e1s sociales, m\u00e1s emp\u00e1ticos con la sociedad\u201d, expres\u00f3.<\/p>\n\n\n\n<p>Cabe destacar que por primera ocasi\u00f3n desde su creaci\u00f3n se entregar\u00e1 el \u201cJaguar del Turismo de Oro\u201d como categor\u00eda especial, que se otorgar\u00e1 exclusivamente a empresarios tur\u00edsticos, cuya trayectoria personal est\u00e9 avalada por sus reconocimientos cosechados en materia tur\u00edstica a nivel nacional e internacional, as\u00ed como el impulso y contribuci\u00f3n de las actividades de promoci\u00f3n y difusi\u00f3n como embajador en el extranjero de nuestro pa\u00eds.<\/p>\n\n\n\n<p>\u201cSabemos el compromiso que tenemos hacia el turismo sostenible, cada d\u00eda se suman m\u00e1s directivos y gobierno, debemos cuidar nuestros activos tur\u00edstico. Este premio significa reconocer a las personas que se han esforzado bastante, sin ning\u00fan inter\u00e9s, simplemente hacer ciertas cosas de la manera correcta, este quinto aniversario tendr\u00e1 su toque especial y qu\u00e9 mejor que ser\u00e1 con causa, podemos ayudar a los yucatecos que tienen alguna necesidad\u201d, dijo Jorge Carrillo S\u00e1enz, presidente del Consejo Empresarial Tur\u00edstico (Cetur).<\/p>\n\n\n\n<p>La distinci\u00f3n abarca categor\u00edas como \u201cTurismo social y responsable\u201d, \u201cMujer del a\u00f1o\u201d, \u201cDesarrollo e Innovaci\u00f3n Acad\u00e9mica\u201d, \u201cSostenibilidad Empresarial\u201d, \u201cTurismo Sostenible\u201d y \u201cTrayectoria Empresarial Tur\u00edstica\u201d. La convocatoria para recibirlo propuestas de aspirantes cerrar\u00e1 el 31 de agosto y reconoce a la base importante del desarrollo econ\u00f3mico y tur\u00edstico de Yucat\u00e1n, especialmente al turismo socialmente responsable.<\/p>\n\n\n\n<p>A la presentaci\u00f3n asistieron igualmente autoridades como Wendy Basto Gonz\u00e1lez, por parte del Ayuntamiento de M\u00e9rida; as\u00ed como Evelio Echeverr\u00eda Chan, representante de los Cenotes \u201cSanta B\u00e1rbara\u201d de Hom\u00fan.<\/p>\n<div class='share-to-whatsapp-wrapper'><div class='share-on-whsp'>Share on: <\/div><a data-text='\u201cJaguar de Turismo\" con cambios; este a\u00f1o entregar\u00e1n una edici\u00f3n especial \u201cde oro\u201d' data-link='https:\/\/visionpeninsular.com\/mid\/jaguar-de-oro-del-turismo-con-cambios-este-ano-entregaran-una-edicion-especial-de-oro\/' class='whatsapp-button whatsapp-share'>WhatsApp<\/a><div class='clear '><\/div><\/div>","protected":false},"excerpt":{"rendered":"<p>En su quinta edici\u00f3n, el reconocimiento Jaguar del Turismo presentar\u00e1 ciertas modificaciones en su organizaci\u00f3n como la entrega de una categor\u00eda especial denominada \u201cde Oro\u201d, una cena baile, el cuidado del agua y el apoyo a una causa social, seg\u00fan se dio a conocer en rueda de prensa efectuada en el Hotel El Conquistador, en &hellip;<\/p>\n","protected":false},"author":5,"featured_media":156736,"comment_status":"open","ping_status":"open","sticky":false,"template":"","format":"standard","meta":{"_mi_skip_tracking":false},"categories":[50,37],"tags":[32030,32031,77],"_links":{"self":[{"href":"https:\/\/visionpeninsular.com\/mid\/wp-json\/wp\/v2\/posts\/156734"}],"collection":[{"href":"https:\/\/visionpeninsular.com\/mid\/wp-json\/wp\/v2\/posts"}],"about":[{"href":"https:\/\/visionpeninsular.com\/mid\/wp-json\/wp\/v2\/types\/post"}],"author":[{"embeddable":true,"href":"https:\/\/visionpeninsular.com\/mid\/wp-json\/wp\/v2\/users\/5"}],"replies":[{"embeddable":true,"href":"https:\/\/visionpeninsular.com\/mid\/wp-json\/wp\/v2\/comments?post=156734"}],"version-history":[{"count":3,"href":"https:\/\/visionpeninsular.com\/mid\/wp-json\/wp\/v2\/posts\/156734\/revisions"}],"predecessor-version":[{"id":156739,"href":"https:\/\/visionpeninsular.com\/mid\/wp-json\/wp\/v2\/posts\/156734\/revisions\/156739"}],"wp:featuredmedia":[{"embeddable":true,"href":"https:\/\/visionpeninsular.com\/mid\/wp-json\/wp\/v2\/media\/156736"}],"wp:attachment":[{"href":"https:\/\/visionpeninsular.com\/mid\/wp-json\/wp\/v2\/media?parent=156734"}],"wp:term":[{"taxonomy":"category","embeddable":true,"href":"https:\/\/visionpeninsular.com\/mid\/wp-json\/wp\/v2\/categories?post=156734"},{"taxonomy":"post_tag","embeddable":true,"href":"https:\/\/visionpeninsular.com\/mid\/wp-json\/wp\/v2\/tags?post=156734"}],"curies":[{"name":"wp","href":"https:\/\/api.w.org\/{rel}","templated":true}]}}