{"id":15667,"date":"2016-10-31T08:36:29","date_gmt":"2016-10-31T14:36:29","guid":{"rendered":"http:\/\/visionpeninsular.com\/mid\/?p=15667"},"modified":"2016-10-31T08:53:57","modified_gmt":"2016-10-31T14:53:57","slug":"servilimpia-laborara-en-los-fieles-difuntos","status":"publish","type":"post","link":"https:\/\/visionpeninsular.com\/mid\/servilimpia-laborara-en-los-fieles-difuntos\/","title":{"rendered":"S\u00f3lo Servilimpia no laborar\u00e1 en los Fieles Difuntos"},"content":{"rendered":"<p>La Direcci\u00f3n de Servicios P\u00fablicos Municipales (SPM) informa que con motivo de las conmemoraciones de los fieles difuntos, las empresas recolectoras de basura Pamplona, Sana y Corbase laborar\u00e1n normalmente  el 1 y 2 de noviembre, mientras que Servilimpia s\u00f3lo laborar\u00e1 el 2 en el Centro Hist\u00f3rico y en la colonia Francisco I. Madero.<\/p>\n<p>Por tal motivo, a los usuarios de Servilimpia se les exhorta para que saquen sus desperdicios hasta el d\u00eda en que les toque toca la recolecci\u00f3n. <\/p>\n<p>El Centenario y Animaya  no laborar\u00e1n el martes 1, y el m\u00ed\u00e9rcoles 2 abrir\u00e1n sus puertas de 6 de la ma\u00f1ana a 3 de la tarde.<\/p>\n<p>Horarios de misas en cementerios<\/p>\n<p>Las misas previstas para el mi\u00e9rcoles 2, en honor a los fieles difuntos en los cementerios de la ciudad, son los siguientes:<\/p>\n<p>A las 9 horas ser\u00e1 en el pante\u00f3n de Chuburn\u00e1 con el p\u00e1rroco de Nuestra Se\u00f1ora de la Asunci\u00f3n, Justo Ceballos Uc y en el pante\u00f3n Florido, a la misma hora, oficiar\u00e1 el Pbro. Gabriel Gamboa Crespo.<\/p>\n<p>En Xocl\u00e1n, ser\u00e1 a las 10 horas la misa y correr\u00e1 a cargo del vicario general de la Arquidi\u00f3cesis, Jos\u00e9 Candelario Jim\u00e9nez Jim\u00e9nez.<\/p>\n<p>A las 11 horas, el Pbro. Gabriel Gamboa Crespo oficiar\u00e1 una misa en el Pante\u00f3n General.<\/p>\n<div class='share-to-whatsapp-wrapper'><div class='share-on-whsp'>Share on: <\/div><a data-text='S\u00f3lo Servilimpia no laborar\u00e1 en los Fieles Difuntos' data-link='https:\/\/visionpeninsular.com\/mid\/servilimpia-laborara-en-los-fieles-difuntos\/' class='whatsapp-button whatsapp-share'>WhatsApp<\/a><div class='clear '><\/div><\/div>","protected":false},"excerpt":{"rendered":"<p>La Direcci\u00f3n de Servicios P\u00fablicos Municipales (SPM) informa que con motivo de las conmemoraciones de los fieles difuntos, las empresas recolectoras de basura Pamplona, Sana y Corbase laborar\u00e1n normalmente el 1 y 2 de noviembre, mientras que Servilimpia s\u00f3lo laborar\u00e1 el 2 en el Centro Hist\u00f3rico y en la colonia Francisco I. Madero. Por tal &hellip;<\/p>\n","protected":false},"author":1,"featured_media":15668,"comment_status":"open","ping_status":"open","sticky":false,"template":"","format":"standard","meta":{"_mi_skip_tracking":false},"categories":[50],"tags":[41,3495],"_links":{"self":[{"href":"https:\/\/visionpeninsular.com\/mid\/wp-json\/wp\/v2\/posts\/15667"}],"collection":[{"href":"https:\/\/visionpeninsular.com\/mid\/wp-json\/wp\/v2\/posts"}],"about":[{"href":"https:\/\/visionpeninsular.com\/mid\/wp-json\/wp\/v2\/types\/post"}],"author":[{"embeddable":true,"href":"https:\/\/visionpeninsular.com\/mid\/wp-json\/wp\/v2\/users\/1"}],"replies":[{"embeddable":true,"href":"https:\/\/visionpeninsular.com\/mid\/wp-json\/wp\/v2\/comments?post=15667"}],"version-history":[{"count":3,"href":"https:\/\/visionpeninsular.com\/mid\/wp-json\/wp\/v2\/posts\/15667\/revisions"}],"predecessor-version":[{"id":15683,"href":"https:\/\/visionpeninsular.com\/mid\/wp-json\/wp\/v2\/posts\/15667\/revisions\/15683"}],"wp:featuredmedia":[{"embeddable":true,"href":"https:\/\/visionpeninsular.com\/mid\/wp-json\/wp\/v2\/media\/15668"}],"wp:attachment":[{"href":"https:\/\/visionpeninsular.com\/mid\/wp-json\/wp\/v2\/media?parent=15667"}],"wp:term":[{"taxonomy":"category","embeddable":true,"href":"https:\/\/visionpeninsular.com\/mid\/wp-json\/wp\/v2\/categories?post=15667"},{"taxonomy":"post_tag","embeddable":true,"href":"https:\/\/visionpeninsular.com\/mid\/wp-json\/wp\/v2\/tags?post=15667"}],"curies":[{"name":"wp","href":"https:\/\/api.w.org\/{rel}","templated":true}]}}