{"id":156511,"date":"2022-06-24T11:57:58","date_gmt":"2022-06-24T16:57:58","guid":{"rendered":"https:\/\/visionpeninsular.com\/mid\/?p=156511"},"modified":"2022-06-24T11:58:05","modified_gmt":"2022-06-24T16:58:05","slug":"yucatecos-y-residentes-podran-entrar-gratis-al-museo-del-palacio-de-la-musica","status":"publish","type":"post","link":"https:\/\/visionpeninsular.com\/mid\/yucatecos-y-residentes-podran-entrar-gratis-al-museo-del-palacio-de-la-musica\/","title":{"rendered":"Yucatecos y residentes podr\u00e1n entrar gratis al Museo del Palacio de la M\u00fasica"},"content":{"rendered":"\n<ul><li><strong><em>El Palacio de la M\u00fasica celebra su cuarto aniversario con una serie de actividades que se realizar\u00e1n el fin de semana. El s\u00e1bado, la entrada es gratuita para los yucatecos o quienes residan en la entidad<\/em><\/strong><\/li><\/ul>\n\n\n\n<p>El Palacio de la M\u00fasica-Centro Nacional de la M\u00fasica Mexican celebra su cuarto aniversario con actividades presenciales que se realizar\u00e1n el s\u00e1bado 25, desde la ma\u00f1ana hasta la noche, y el domingo 26 con el concierto \u201cNuestra m\u00fasica, nuestra orquesta\u201d, a cargo de la Orquesta T\u00edpica de Yukalpet\u00e9n a las 12 horas.<\/p>\n\n\n\n<p>\u00abLo m\u00e1s importante, el s\u00e1bado el acceso al Museo ser\u00e1 gratuito y un 50% de descuento para los visitantes nacionales\u00bb, inform\u00f3 el director general del Fideicomiso P\u00fablico para la Administraci\u00f3n del Palacio de la M\u00fasica (Fifapam), Maleck Rashid Abdala Hadad.<\/p>\n\n\n\n<p>Las actividades del s\u00e1bado comienzan a las 10 horas con un recorrido l\u00fadico de mini gu\u00edas \u201cDe ni\u00f1os para ni\u00f1os\u201d, a cargo de los hijos de los colaboradores del Palacio de la M\u00fasica; a las 11 a.m. un espect\u00e1culo sorpresa a cargo de la Compa\u00f1\u00eda de Danza \u201cInside\u201d y los alumnos del Centro Estatal de Bellas Artes. \u00abNo puedo dar m\u00e1s detalles, tienen que presenciarlo\u00bb, invit\u00f3 el entrevistado.<\/p>\n\n\n\n<p>Para el mediod\u00eda, el concierto did\u00e1ctico Los M\u00e9ndez, de Pil\u00f3n Herrera, quienes compartir\u00e1n su experiencia en el g\u00e9nero musical, as\u00ed como detalles del videoclip grabado en el Palacio, material que ya super\u00f3 las 140 mil visitas.<\/p>\n\n\n\n<p>A las 7:30 de la noche, las actividades cierran con la presentaci\u00f3n en vivo de Juumil Moots. La agrupaci\u00f3n mezcla sonidos contempor\u00e1neos con prehisp\u00e1nicos. \u00abEllos interpretan reggae, cumbia, rock, pop y lo m\u00e1s padre es que todo el concierto ser\u00e1 cantando en lengua maya\u00bb, se\u00f1al\u00f3.<\/p>\n\n\n\n<p>Todas las presentaciones del s\u00e1bado son gratuitas y en el caso de los conciertos hay un cupo para 458 asistentes en la Sala de Conciertos.<\/p>\n\n\n\n<p>El domingo 25, la Orquesta T\u00edpica de Yucalpet\u00e9n cierra los festejos del cuarto aniversario. La cuota de recuperaci\u00f3n del boleto es de 50 pesos, que ya est\u00e1n disponibles en el Palacio de la M\u00fasica desde las 10 hasta las 16 horas y previo al evento.<\/p>\n\n\n\n<p>Abdala Hadad extern\u00f3 su felicidad que, a un mes y una semana que reabri\u00f3 el museo, el flujo de visitantes va en aumento con las expectativas de alcanzar los promedios mensuales de cinco mil personas. \u00abMe emociona ver tanto el Museo como la Sala de Conciertos con much\u00edsima actividad\u00bb, afirm\u00f3.<\/p>\n<div class='share-to-whatsapp-wrapper'><div class='share-on-whsp'>Share on: <\/div><a data-text='Yucatecos y residentes podr\u00e1n entrar gratis al Museo del Palacio de la M\u00fasica' data-link='https:\/\/visionpeninsular.com\/mid\/yucatecos-y-residentes-podran-entrar-gratis-al-museo-del-palacio-de-la-musica\/' class='whatsapp-button whatsapp-share'>WhatsApp<\/a><div class='clear '><\/div><\/div>","protected":false},"excerpt":{"rendered":"<p>El Palacio de la M\u00fasica celebra su cuarto aniversario con una serie de actividades que se realizar\u00e1n el fin de semana. El s\u00e1bado, la entrada es gratuita para los yucatecos o quienes residan en la entidad El Palacio de la M\u00fasica-Centro Nacional de la M\u00fasica Mexican celebra su cuarto aniversario con actividades presenciales que se &hellip;<\/p>\n","protected":false},"author":5,"featured_media":156513,"comment_status":"open","ping_status":"open","sticky":false,"template":"","format":"standard","meta":{"_mi_skip_tracking":false},"categories":[49,37],"tags":[31913,31953,9585,1557,31954],"_links":{"self":[{"href":"https:\/\/visionpeninsular.com\/mid\/wp-json\/wp\/v2\/posts\/156511"}],"collection":[{"href":"https:\/\/visionpeninsular.com\/mid\/wp-json\/wp\/v2\/posts"}],"about":[{"href":"https:\/\/visionpeninsular.com\/mid\/wp-json\/wp\/v2\/types\/post"}],"author":[{"embeddable":true,"href":"https:\/\/visionpeninsular.com\/mid\/wp-json\/wp\/v2\/users\/5"}],"replies":[{"embeddable":true,"href":"https:\/\/visionpeninsular.com\/mid\/wp-json\/wp\/v2\/comments?post=156511"}],"version-history":[{"count":1,"href":"https:\/\/visionpeninsular.com\/mid\/wp-json\/wp\/v2\/posts\/156511\/revisions"}],"predecessor-version":[{"id":156514,"href":"https:\/\/visionpeninsular.com\/mid\/wp-json\/wp\/v2\/posts\/156511\/revisions\/156514"}],"wp:featuredmedia":[{"embeddable":true,"href":"https:\/\/visionpeninsular.com\/mid\/wp-json\/wp\/v2\/media\/156513"}],"wp:attachment":[{"href":"https:\/\/visionpeninsular.com\/mid\/wp-json\/wp\/v2\/media?parent=156511"}],"wp:term":[{"taxonomy":"category","embeddable":true,"href":"https:\/\/visionpeninsular.com\/mid\/wp-json\/wp\/v2\/categories?post=156511"},{"taxonomy":"post_tag","embeddable":true,"href":"https:\/\/visionpeninsular.com\/mid\/wp-json\/wp\/v2\/tags?post=156511"}],"curies":[{"name":"wp","href":"https:\/\/api.w.org\/{rel}","templated":true}]}}