{"id":156337,"date":"2022-06-20T09:05:03","date_gmt":"2022-06-20T14:05:03","guid":{"rendered":"https:\/\/visionpeninsular.com\/mid\/?p=156337"},"modified":"2022-06-20T09:05:11","modified_gmt":"2022-06-20T14:05:11","slug":"presenta-mauricio-vila-dosal-ante-el-titular-de-la-segob-adan-augusto-lopez-hernandez-el-proyecto-ie-tram","status":"publish","type":"post","link":"https:\/\/visionpeninsular.com\/mid\/presenta-mauricio-vila-dosal-ante-el-titular-de-la-segob-adan-augusto-lopez-hernandez-el-proyecto-ie-tram\/","title":{"rendered":"Presenta Mauricio Vila Dosal ante el titular de la Segob, Ad\u00e1n Augusto L\u00f3pez Hern\u00e1ndez, el proyecto Ie-tram"},"content":{"rendered":"\n<ul><li><strong><em>Ah\u00ed, hablaron&nbsp; sobre otros proyectos que se est\u00e1n realizando de la mano con la Federaci\u00f3n en beneficio de las familias yucatecas<\/em><\/strong><\/li><li><strong><em>Vila Dosal, junto con L\u00f3pez Hern\u00e1ndez y el presidente de Sisal Tejidos, Fernando Ponce Garc\u00eda, encabez\u00f3 la inauguraci\u00f3n de esta planta, primera en su tipo en toda Am\u00e9rica Latina, que promueve la reactivaci\u00f3n integral de la actividad henequenera<\/em><\/strong><\/li><\/ul>\n\n\n\n<p>Muxupip, Yucat\u00e1n, 18 de junio de 2022.-&nbsp; El Gobernador Mauricio Vila Dosal sostuvo un encuentro con el titular de la Secretar\u00eda de Gobernaci\u00f3n (Segob), Ad\u00e1n Augusto L\u00f3pez Hern\u00e1ndez, a quien le present\u00f3 el proyecto Ie-tram, nueva ruta del Sistema de Transporte Metropolitano &#8220;Va y Ven&#8221;, \u00fanica en su tipo en toda Latinoam\u00e9rica y la primera en todo el sureste del pa\u00eds 100% el\u00e9ctrica, que conectar\u00e1 Kanas\u00edn y Um\u00e1n con M\u00e9rida.<\/p>\n\n\n\n<p>En la reuni\u00f3n, Vila Dosal present\u00f3 los detalles y beneficios de este proyecto que se est\u00e1 trabajando en conjunto con el Gobierno de M\u00e9xico, trayecto que enlazar\u00e1 a m\u00e1s de 137 colonias y m\u00e1s de 100 rutas de transporte p\u00fablico con una alternativa de traslado m\u00e1s r\u00e1pido, moderno y sustentable.<\/p>\n\n\n\n<p>L\u00f3pez Hern\u00e1ndez reconoci\u00f3 a Vila Dosal, por su visi\u00f3n, empuje y empe\u00f1o en los proyectos estrat\u00e9gicos que impulsa en la entidad, como el Sistema de Transporte Metropolitano \u201cVa y ven\u201d y el reci\u00e9n anunciado Ie-Tram, primera ruta el\u00e9ctrica en todo el sur y sureste del pa\u00eds, \u00fanica en su tipo en toda Latinoam\u00e9rica.<\/p>\n\n\n\n<p>En ese marco, el Gobernador y el funcionario federal hablaron tambi\u00e9n sobre otros proyectos que se est\u00e1n realizando de la mano con la Federaci\u00f3n en beneficio de las familias yucatecas y coordinar las gestiones&nbsp; para hacer una realidad que el Tren Maya llegue a Puerto Progreso, pues vendr\u00eda a convertirse en una ventaja competitiva m\u00e1s para la entidad.<\/p>\n\n\n\n<figure class=\"wp-block-image size-full\"><img loading=\"lazy\" width=\"1024\" height=\"690\" src=\"https:\/\/visionpeninsular.com\/mid\/wp-content\/uploads\/2022\/06\/segob-1.jpg\" alt=\"\" class=\"wp-image-156340\" srcset=\"https:\/\/visionpeninsular.com\/mid\/wp-content\/uploads\/2022\/06\/segob-1.jpg 1024w, https:\/\/visionpeninsular.com\/mid\/wp-content\/uploads\/2022\/06\/segob-1-300x202.jpg 300w, https:\/\/visionpeninsular.com\/mid\/wp-content\/uploads\/2022\/06\/segob-1-768x518.jpg 768w, https:\/\/visionpeninsular.com\/mid\/wp-content\/uploads\/2022\/06\/segob-1-110x75.jpg 110w\" sizes=\"(max-width: 1024px) 100vw, 1024px\" \/><\/figure>\n\n\n\n<p>Conf\u00edo en que trabajando de manera coordinada con el secretario de Gobernaci\u00f3n y la Federaci\u00f3n se lograr\u00e1 el proyecto de la conexi\u00f3n de dicho puerto con el Tren Maya, pues vendr\u00eda a sumar una importante ventaja competitiva a la entidad, y estoy seguro que hay todas las condiciones y la voluntad pol\u00edtica para poder lograrlo, a\u00f1adi\u00f3.<\/p>\n\n\n\n<p>Ante esto, el titular de la Segob extern\u00f3 su compromiso de ayudar en las gestiones que realiza el Gobernador, para volver una realidad la conexi\u00f3n del Tren Maya a Progreso, que dar\u00e1 viabilidad al desarrollo econ\u00f3mico local, que promueven en coordinaci\u00f3n las administraciones estatal y federal.<\/p>\n\n\n\n<p>Como parte de la visita del funcionario federal al territorio, junto con Vila Dosal estuvo inaugurando la Planta Sisal Tejidos, primera en su tipo en toda Am\u00e9rica Latina, que promueve la reactivaci\u00f3n integral de la actividad henequenera, a trav\u00e9s de la manufactura y comercializaci\u00f3n de productos obtenidos de esa fibra, que represent\u00f3 una importante derrama econ\u00f3mica&nbsp; y la generaci\u00f3n de 250 empleos directos en la zona.<\/p>\n\n\n\n<p>Acompa\u00f1ados del presidente de Sisal Tejidos Yucat\u00e1n, Fernando Ponce Garc\u00eda, encabez\u00f3 la apertura de esta factor\u00eda, ubicada en un terreno de 16.5 hect\u00e1reas que detonar\u00e1 la actividad primaria de la regi\u00f3n, compuesta por 62 municipios de la entidad, la gran mayor\u00eda de alta marginaci\u00f3n.<\/p>\n\n\n\n<p>Al dirigir un mensaje, el Gobernador inform\u00f3 que se realizan las gestiones para llevar a cabo un proyecto ferroviario que conecte al Tren Maya, desde Um\u00e1n, con el puerto de Progreso, toda vez que el presidente Andr\u00e9s Manuel L\u00f3pez Obrador ha aprobado que se explore, con la iniciativa privada, conseguir los recursos para lograrlo.<\/p>\n\n\n\n<p>Durante la inauguraci\u00f3n de la planta se inform\u00f3 que adem\u00e1s de ser la \u00fanica f\u00e1brica en su tipo en Latinoam\u00e9rica, es la s\u00e9ptima en el mundo; su localizaci\u00f3n en el centro de la regi\u00f3n henequenera es clave para detonar la zona, pues se estima que produzca 4,500 toneladas de fibra anuales y genere, en su segunda etapa, 500 empleos directos en el sitio y miles m\u00e1s en el cultivo, en un momento donde m\u00e1s se necesitan, por la crisis sanitaria y econ\u00f3mica del pa\u00eds.<\/p>\n\n\n\n<p>Posteriormente, Vila Dosal se\u00f1al\u00f3 que su administraci\u00f3n cree que se tiene que retomar la actividad de esta especie, que por muchos a\u00f1os fue un s\u00edmbolo del territorio, y hoy, tejidos como el del oro verde son un baluarte que nos puede ayudar en la batalla contra el cambio clim\u00e1tico.<\/p>\n\n\n\n<p>Afirm\u00f3 que una de las prioridades de su administraci\u00f3n es el combate contra la desigualad y generaci\u00f3n de oportunidades laborales, por lo que se est\u00e1 promocionando al territorio, en los niveles nacional e internacional, lo que ha dado como resultado que firmas como Amazon, Tesla y Holcim vengan a invertir.<\/p>\n\n\n\n<p>Sin embargo, tambi\u00e9n se tiene la visi\u00f3n de continuar ayudando a compa\u00f1\u00edas locales, porque son un importante motor de la econom\u00eda; muestra de ello, dijo el Gobernador, el Ejecutivo apoya con un cr\u00e9dito a Sisal Tejidos, a trav\u00e9s del Fondo de Promoci\u00f3n y Fomento a las Empresas de Yucat\u00e1n (Foprofey), con financiamiento de 40 millones de pesos, destinado a capital de trabajo.<\/p>\n\n\n\n<p>&#8220;Queremos que esto pueda arrancar, que pueda funcionar, para pasar a la siguiente etapa, que es poder apoyar a los productores; no se puede hacer al rev\u00e9s, porque si los productores no tienen a qui\u00e9n venderle a un precio justo, dif\u00edcilmente se puede poder incentivar la producci\u00f3n&#8221;, asever\u00f3 Vila Dosal, ante la alcaldesa de Muxupip, Mar\u00eda Yn\u00e9s Chim Ak\u00e9, y Jos\u00e9 Alberto Arranhado Lopes da Conceicao y Nerio Jos\u00e9 Torres Arcila, directores General y Ejecutivo de esta marca.<\/p>\n\n\n\n<p>Adem\u00e1s, indic\u00f3, instruy\u00f3 al titular de la Secretar\u00eda de Fomento Econ\u00f3mico y Trabajo (Sefoet), Ernesto Herrera Novelo, empiece a platicar con los ediles, para conocer con cu\u00e1ntas hect\u00e1reas de producci\u00f3n se cuenta y qu\u00e9 tantos productores est\u00e1n dispuestos a trabajar en este ramo. &#8220;Tenemos la tierra, tenemos el conocimiento y tenemos la capacidad para salir adelante; por eso, sin duda, tenemos que aportar nuestro granito de arena a las siguientes generaciones\u201d, a\u00f1adi\u00f3.<\/p>\n\n\n\n<p>Igual, agradeci\u00f3 al funcionario federal el trabajo de la mano y por ser un interlocutor fundamental, para incentivar el desarrollo de Yucat\u00e1n y M\u00e9xico, a trav\u00e9s de proyectos como el Tren Maya, la ampliaci\u00f3n y modernizaci\u00f3n de Progreso, la construcci\u00f3n de 2 centrales termoel\u00e9ctricas, el abastecimiento de gas natural y la construcci\u00f3n del Parque de la Plancha.<\/p>\n\n\n\n<p>Finalmente, afirm\u00f3 que se seguir\u00e1 trabajando para dejar un Yucat\u00e1n mejor que el que recibimos y que sirva a las futuras generaciones, que sea amigable con el medio ambiente, pero sobre todo, sea unido, donde todos trabajemos de la mano, sin divisi\u00f3n, \u201cporque estamos convencidos que ese es el camino que tenemos para obtener mejores resultados\u201d.<\/p>\n\n\n\n<p>Luego de resaltar la val\u00eda hist\u00f3rica y productiva de la actividad henequera, Ponce Garc\u00eda se\u00f1al\u00f3 que, con esta planta, los productores locales tendr\u00e1n un precio de garant\u00eda para su fibra, superior al que rija en el mercado, y no tienen que vender sus tierras, porque esta especie es una alternativa real, renovable, por lo que est\u00e1 seguro que las autoridades apoyar\u00e1n haciendo mancuerna con la firma.<\/p>\n\n\n\n<p>Con esta inversi\u00f3n, se busca que los productores reactiven el cultivo, ampl\u00eden su cosecha y mejoren su calidad de vida; he optado por arriesgarla en este proyecto y ser\u00e1 la mejor forma de demostrar que, hasta mi \u00faltimo aliento, me sentir\u00e9 orgulloso de haber nacido en esta tierra y siempre ser\u00e9 un eterno enamorado de Yucat\u00e1n, y tiene que ser un \u00e9xito, afirm\u00f3.<\/p>\n\n\n\n<p>Con este nuevo recinto, se impulsan la producci\u00f3n de fibra, el rescate o mejoramiento de planteles y la calidad de desfibraci\u00f3n, manteniendo un mercado demandante que permita precios justos, con beneficios en la econom\u00eda familiar y de otros eslabones relacionados. Momentos antes, el Gobernador recorri\u00f3 los cultivos, las \u00e1reas de trabajo, ribeteado y telares, donde constat\u00f3 las labores que realizan.<\/p>\n\n\n\n<p>En ese punto, el Gobernador realiz\u00f3 un recorrido por los cultivos de oro verde, as\u00ed como las \u00e1reas de producci\u00f3n, donde pudo constatar las labores que se realizan en las zonas de ribeteado y los telares.<\/p>\n<div class='share-to-whatsapp-wrapper'><div class='share-on-whsp'>Share on: <\/div><a data-text='Presenta Mauricio Vila Dosal ante el titular de la Segob, Ad\u00e1n Augusto L\u00f3pez Hern\u00e1ndez, el proyecto Ie-tram' data-link='https:\/\/visionpeninsular.com\/mid\/presenta-mauricio-vila-dosal-ante-el-titular-de-la-segob-adan-augusto-lopez-hernandez-el-proyecto-ie-tram\/' class='whatsapp-button whatsapp-share'>WhatsApp<\/a><div class='clear '><\/div><\/div>","protected":false},"excerpt":{"rendered":"<p>Ah\u00ed, hablaron&nbsp; sobre otros proyectos que se est\u00e1n realizando de la mano con la Federaci\u00f3n en beneficio de las familias yucatecasVila Dosal, junto con L\u00f3pez Hern\u00e1ndez y el presidente de Sisal Tejidos, Fernando Ponce Garc\u00eda, encabez\u00f3 la inauguraci\u00f3n de esta planta, primera en su tipo en toda Am\u00e9rica Latina, que promueve la reactivaci\u00f3n integral de &hellip;<\/p>\n","protected":false},"author":5,"featured_media":156339,"comment_status":"open","ping_status":"open","sticky":false,"template":"","format":"standard","meta":{"_mi_skip_tracking":false},"categories":[49,37],"tags":[185,3861,1235],"_links":{"self":[{"href":"https:\/\/visionpeninsular.com\/mid\/wp-json\/wp\/v2\/posts\/156337"}],"collection":[{"href":"https:\/\/visionpeninsular.com\/mid\/wp-json\/wp\/v2\/posts"}],"about":[{"href":"https:\/\/visionpeninsular.com\/mid\/wp-json\/wp\/v2\/types\/post"}],"author":[{"embeddable":true,"href":"https:\/\/visionpeninsular.com\/mid\/wp-json\/wp\/v2\/users\/5"}],"replies":[{"embeddable":true,"href":"https:\/\/visionpeninsular.com\/mid\/wp-json\/wp\/v2\/comments?post=156337"}],"version-history":[{"count":1,"href":"https:\/\/visionpeninsular.com\/mid\/wp-json\/wp\/v2\/posts\/156337\/revisions"}],"predecessor-version":[{"id":156341,"href":"https:\/\/visionpeninsular.com\/mid\/wp-json\/wp\/v2\/posts\/156337\/revisions\/156341"}],"wp:featuredmedia":[{"embeddable":true,"href":"https:\/\/visionpeninsular.com\/mid\/wp-json\/wp\/v2\/media\/156339"}],"wp:attachment":[{"href":"https:\/\/visionpeninsular.com\/mid\/wp-json\/wp\/v2\/media?parent=156337"}],"wp:term":[{"taxonomy":"category","embeddable":true,"href":"https:\/\/visionpeninsular.com\/mid\/wp-json\/wp\/v2\/categories?post=156337"},{"taxonomy":"post_tag","embeddable":true,"href":"https:\/\/visionpeninsular.com\/mid\/wp-json\/wp\/v2\/tags?post=156337"}],"curies":[{"name":"wp","href":"https:\/\/api.w.org\/{rel}","templated":true}]}}