{"id":156160,"date":"2022-06-15T12:26:48","date_gmt":"2022-06-15T17:26:48","guid":{"rendered":"https:\/\/visionpeninsular.com\/mid\/?p=156160"},"modified":"2022-06-15T12:26:53","modified_gmt":"2022-06-15T17:26:53","slug":"cicy-anuncia-convocatoria-para-jovenes-talentos-en-ciencias","status":"publish","type":"post","link":"https:\/\/visionpeninsular.com\/mid\/cicy-anuncia-convocatoria-para-jovenes-talentos-en-ciencias\/","title":{"rendered":"CICY anuncia convocatoria para j\u00f3venes talentos en ciencias"},"content":{"rendered":"\n<p>Por d\u00e9cimo a\u00f1o consecutivo, el Centro de Investigaci\u00f3n Cient\u00edfica de Yucat\u00e1n A. C. (CICY), emiti\u00f3 la convocatoria para estudiantes de secundaria y preparatoria que busca incentivar a los j\u00f3venes que busquen una visi\u00f3n y formaci\u00f3n cient\u00edfica a trav\u00e9s del proyecto Talento CICY 2022.<\/p>\n\n\n\n<p>Julio C\u00e9sar Dom\u00ednguez Orta, coordinador general del proyecto Talento CICY dijo que, en 2021 sumaron poco m\u00e1s de mil 180 estudiantes los que se inscribieron y participaron en los<\/p>\n\n\n\n<p>25 proyectos de ciencia que formar\u00e1n parte del programa de fomento a las vocaciones cient\u00edficas que se desarrollan en el CICY.<\/p>\n\n\n\n<p>Se\u00f1al\u00f3 que la convocatoria estar\u00e1 abierta hasta el 30 de junio y podr\u00e1n participar todos los estudiantes de secundaria y preparatoria que lo deseen en la modalidad virtual, no solo del estado de Yucat\u00e1n, sino del todo el pa\u00eds.<\/p>\n\n\n\n<figure class=\"wp-block-image size-full\"><img loading=\"lazy\" width=\"600\" height=\"364\" src=\"https:\/\/visionpeninsular.com\/mid\/wp-content\/uploads\/2022\/06\/talento-2.jpg\" alt=\"\" class=\"wp-image-156163\" srcset=\"https:\/\/visionpeninsular.com\/mid\/wp-content\/uploads\/2022\/06\/talento-2.jpg 600w, https:\/\/visionpeninsular.com\/mid\/wp-content\/uploads\/2022\/06\/talento-2-300x182.jpg 300w\" sizes=\"(max-width: 600px) 100vw, 600px\" \/><\/figure>\n\n\n\n<p>El curso motivacional ser\u00e1 del 15 al 26 de agosto y entre los temas que conocer\u00e1n son: medicina tradicional, servicios ambientales de los \u00e1rboles, energ\u00eda renovable, colorantes de las plantas, abejas meliponas, ADN, el impacto del crecimiento urbano, biopol\u00edmeros, inteligencia artificial, cultivo de microrganismo, el zooplancton, entre otros temas.<\/p>\n\n\n\n<p>Explic\u00f3 que, el objetivo de este programa es presentarle a la juventud de Yucat\u00e1n, y otras entidades del pa\u00eds, a la ciencia, la tecnolog\u00eda y las humanidades como alternativas de carreras profesionales y, el papel que tiene la ciencia como motor de desarrollo de su comunidad.<\/p>\n\n\n\n<p>Coment\u00f3 que, en 2022 los participantes podr\u00e1n cursar, uno de 25 proyectos de ciencia dise\u00f1ados por personal acad\u00e9mico del CICY. Se busca, ofrecer una visi\u00f3n de las actividades y proyectos que realizan los cient\u00edficos que desarrollan propuestas e investigaciones en esta instituci\u00f3n y con ello, identificar las ideas, aportaciones y creatividad de los j\u00f3venes.<\/p>\n\n\n\n<figure class=\"wp-block-image size-full\"><img loading=\"lazy\" width=\"600\" height=\"363\" src=\"https:\/\/visionpeninsular.com\/mid\/wp-content\/uploads\/2022\/06\/talento-3.jpg\" alt=\"\" class=\"wp-image-156164\" srcset=\"https:\/\/visionpeninsular.com\/mid\/wp-content\/uploads\/2022\/06\/talento-3.jpg 600w, https:\/\/visionpeninsular.com\/mid\/wp-content\/uploads\/2022\/06\/talento-3-300x182.jpg 300w\" sizes=\"(max-width: 600px) 100vw, 600px\" \/><\/figure>\n\n\n\n<p>Adem\u00e1s de los proyectos de ciencia, de Talento CICY contemplan una conferencia inaugural de divulgaci\u00f3n de la ciencia, capacitaci\u00f3n en temas de investigaci\u00f3n a trav\u00e9s de talleres con expertos en diversas \u00e1reas del conocimiento y, finalmente, una Feria de Ciencia en la que las y los participantes expondr\u00e1n sus resultados de investigaci\u00f3n.<\/p>\n\n\n\n<p>Agreg\u00f3 que, \u201ces necesario fomentar en la juventud yucateca la vocaci\u00f3n por el estudio de las carreras cient\u00edficas, a fin de incrementar el n\u00famero de profesionistas que atiendan los grandes problemas sociales, de salud, de crisis ambientales, entre otros\u201d, acot\u00f3 el coordinador general del programa.<\/p>\n\n\n\n<p>Finalmente, detall\u00f3 que, en 2021, se obtuvieron excelentes resultados en este programa, que culmin\u00f3 con la edici\u00f3n del libro digital \u201cDescubriendo mi Talento\u201d, un manual de proyectos de ciencia que puede replicarse desde cualquier sitio.<\/p>\n\n\n\n<p>\u201cEste libro se estar\u00e1 llevando al interior del estado y otros municipios de la pen\u00ednsula como parte de los trabajos del CICY en materia de acceso universal al conocimiento para las y los j\u00f3venes de las comunidades\u201d, finaliz\u00f3.<\/p>\n<div class='share-to-whatsapp-wrapper'><div class='share-on-whsp'>Share on: <\/div><a data-text='CICY anuncia convocatoria para j\u00f3venes talentos en ciencias' data-link='https:\/\/visionpeninsular.com\/mid\/cicy-anuncia-convocatoria-para-jovenes-talentos-en-ciencias\/' class='whatsapp-button whatsapp-share'>WhatsApp<\/a><div class='clear '><\/div><\/div>","protected":false},"excerpt":{"rendered":"<p>Por d\u00e9cimo a\u00f1o consecutivo, el Centro de Investigaci\u00f3n Cient\u00edfica de Yucat\u00e1n A. C. (CICY), emiti\u00f3 la convocatoria para estudiantes de secundaria y preparatoria que busca incentivar a los j\u00f3venes que busquen una visi\u00f3n y formaci\u00f3n cient\u00edfica a trav\u00e9s del proyecto Talento CICY 2022. Julio C\u00e9sar Dom\u00ednguez Orta, coordinador general del proyecto Talento CICY dijo que, &hellip;<\/p>\n","protected":false},"author":5,"featured_media":156162,"comment_status":"open","ping_status":"open","sticky":false,"template":"","format":"standard","meta":{"_mi_skip_tracking":false},"categories":[50,37],"tags":[865,31835,31834],"_links":{"self":[{"href":"https:\/\/visionpeninsular.com\/mid\/wp-json\/wp\/v2\/posts\/156160"}],"collection":[{"href":"https:\/\/visionpeninsular.com\/mid\/wp-json\/wp\/v2\/posts"}],"about":[{"href":"https:\/\/visionpeninsular.com\/mid\/wp-json\/wp\/v2\/types\/post"}],"author":[{"embeddable":true,"href":"https:\/\/visionpeninsular.com\/mid\/wp-json\/wp\/v2\/users\/5"}],"replies":[{"embeddable":true,"href":"https:\/\/visionpeninsular.com\/mid\/wp-json\/wp\/v2\/comments?post=156160"}],"version-history":[{"count":1,"href":"https:\/\/visionpeninsular.com\/mid\/wp-json\/wp\/v2\/posts\/156160\/revisions"}],"predecessor-version":[{"id":156165,"href":"https:\/\/visionpeninsular.com\/mid\/wp-json\/wp\/v2\/posts\/156160\/revisions\/156165"}],"wp:featuredmedia":[{"embeddable":true,"href":"https:\/\/visionpeninsular.com\/mid\/wp-json\/wp\/v2\/media\/156162"}],"wp:attachment":[{"href":"https:\/\/visionpeninsular.com\/mid\/wp-json\/wp\/v2\/media?parent=156160"}],"wp:term":[{"taxonomy":"category","embeddable":true,"href":"https:\/\/visionpeninsular.com\/mid\/wp-json\/wp\/v2\/categories?post=156160"},{"taxonomy":"post_tag","embeddable":true,"href":"https:\/\/visionpeninsular.com\/mid\/wp-json\/wp\/v2\/tags?post=156160"}],"curies":[{"name":"wp","href":"https:\/\/api.w.org\/{rel}","templated":true}]}}