{"id":156078,"date":"2022-06-14T10:48:17","date_gmt":"2022-06-14T15:48:17","guid":{"rendered":"https:\/\/visionpeninsular.com\/mid\/?p=156078"},"modified":"2022-06-14T10:48:22","modified_gmt":"2022-06-14T15:48:22","slug":"premian-a-ganadores-del-concurso-literario-infantil-en-derechos-humanos","status":"publish","type":"post","link":"https:\/\/visionpeninsular.com\/mid\/premian-a-ganadores-del-concurso-literario-infantil-en-derechos-humanos\/","title":{"rendered":"Premian a ganadores del concurso literario infantil en derechos humanos"},"content":{"rendered":"\n<p>M\u00e9rida, Yucat\u00e1n; 13 de junio de 2022.- Catalina Ord\u00f3\u00f1ez Echeverr\u00eda, Jos\u00e9 Santiago Balam Canch\u00e9 y Jos\u00e9 Rigoberto Hoil Baas fueron los ganadores del primer lugar de las categor\u00edas A, B y C, del XVII Concurso Literario Infantil \u201cHab\u00eda una vez un derecho\u201d con historias basadas en el derecho a la educaci\u00f3n, a vivir una vida libre de violencia, as\u00ed como la inclusi\u00f3n y no discriminaci\u00f3n de las personas con el espectro autista.<\/p>\n\n\n\n<p>Las ni\u00f1as y ni\u00f1os de las tres categor\u00edas recibieron sus premios en la Sala de Juntas de la CODHEY, acompa\u00f1ados de sus padres y maestros quienes compartieron la experiencia de participar en la edici\u00f3n n\u00famero 17 del Concurso.<\/p>\n\n\n\n<p>Para cada una de las categor\u00edas, el premio fue de 3 mil pesos al primer lugar, 2 mil 500 al segundo, mil 500 al tercero y mil pesos a la menci\u00f3n honor\u00edfica; as\u00ed como reconocimientos de ganadores y un paquete con regalos.<\/p>\n\n\n\n<figure class=\"wp-block-image size-full\"><img loading=\"lazy\" width=\"768\" height=\"432\" src=\"https:\/\/visionpeninsular.com\/mid\/wp-content\/uploads\/2022\/06\/Codhey2-scaled-1.jpg\" alt=\"\" class=\"wp-image-156081\" srcset=\"https:\/\/visionpeninsular.com\/mid\/wp-content\/uploads\/2022\/06\/Codhey2-scaled-1.jpg 768w, https:\/\/visionpeninsular.com\/mid\/wp-content\/uploads\/2022\/06\/Codhey2-scaled-1-300x169.jpg 300w\" sizes=\"(max-width: 768px) 100vw, 768px\" \/><\/figure>\n\n\n\n<p>El Presidente de la Comisi\u00f3n de Derechos Humanos del Estado de Yucat\u00e1n (CODHEY), Miguel Oscar Sabido Santana agradeci\u00f3 a las 137 ni\u00f1as y ni\u00f1os que participaron con sus relatos.<\/p>\n\n\n\n<p>Y destac\u00f3 la participaci\u00f3n de las ni\u00f1as y ni\u00f1os con sus trabajos en lengua maya porque es una muestra de su preservaci\u00f3n.<\/p>\n\n\n\n<p>Record\u00f3 que adem\u00e1s de los premios, las y los ganadores formar\u00e1n parte de una antolog\u00eda impresa donde se compilar\u00e1n los 12 cuentos de las tres categor\u00edas.<\/p>\n\n\n\n<p>En la categor\u00eda de A, de primero a tercero de primaria, el primer lugar fue para Catalina Ordo\u00f1ez Echeverr\u00eda con el cuento \u201cMi hermanito tiene autismo\u201d, del tercer grado de la escuela primaria \u201cMar\u00eda Antonia Ancona\u201d de M\u00e9rida.<\/p>\n\n\n\n<p>El segundo lugar fue para Isabella Yarel \u00c1vila Romero con el cuento \u201cTres d\u00edas con Sof\u00eda\u201d, del tercer grado de la escuela primaria \u201cAvelino Montes Linaje\u201d de M\u00e9rida.<\/p>\n\n\n\n<p>El tercer lugar fue para Amaya Carolina Vera Hoo con el cuento \u201cMi s\u00faper mam\u00e1\u201d, del segundo grado de la escuela primaria \u201cLuis Espinoza Morales\u201d.<\/p>\n\n\n\n<figure class=\"wp-block-image size-full\"><img loading=\"lazy\" width=\"768\" height=\"432\" src=\"https:\/\/visionpeninsular.com\/mid\/wp-content\/uploads\/2022\/06\/Codhey3-scaled-1.jpg\" alt=\"\" class=\"wp-image-156082\" srcset=\"https:\/\/visionpeninsular.com\/mid\/wp-content\/uploads\/2022\/06\/Codhey3-scaled-1.jpg 768w, https:\/\/visionpeninsular.com\/mid\/wp-content\/uploads\/2022\/06\/Codhey3-scaled-1-300x169.jpg 300w\" sizes=\"(max-width: 768px) 100vw, 768px\" \/><\/figure>\n\n\n\n<p>Se otorg\u00f3 una menci\u00f3n honor\u00edfica a Renata Romero Kuk con el cuento \u201cEl Patito Juan\u201d del primer grado de la escuela primaria \u201cAntonio Bustillos Carrillo\u201d tambi\u00e9n de M\u00e9rida.<\/p>\n\n\n\n<p>Los jurados de la categor\u00eda A fueron: Jaquelina V\u00e1zquez Canul, Zandra Pruneda y Celia Pedrero Cer\u00f3n.<\/p>\n\n\n\n<p>De la categor\u00eda B, de cuarto a sexto grado, el primer lugar fue para Jos\u00e9 Santiago Balam Canch\u00e9, con el cuento \u201cHab\u00eda una vez un derecho\u201d, del cuarto a\u00f1o de la escuela primaria \u201cArmando E. Gorocica Puerto\u201d de Tixkokob.<\/p>\n\n\n\n<p>El segundo lugar fue para Isaac Hoil Canch\u00e9 con el cuento \u201cDerecho a una familia\u201d del sexto grado en la escuela primaria \u201cEmiliano Zapata\u201d de Dzalbay, Temoz\u00f3n.<\/p>\n\n\n\n<p>El tercer lugar fue para Mar\u00eda Fernanda Pav\u00f3n Arz\u00e1palo con el cuento \u201cLos derechos de Sofi\u201d del sexto grado de primaria del \u201cColegio Americano\u201d de M\u00e9rida.<\/p>\n\n\n\n<p>Se otorg\u00f3 una menci\u00f3n honor\u00edfica a Jos\u00e9 Abraham P\u00e9rez Keb, con el cuento \u201cC\u00f3mo veo y vivo mis derechos, siendo un ni\u00f1o de nueve a\u00f1os\u201d del cuarto a\u00f1o de primaria del Centro Estudios Lourdes A.C. de M\u00e9rida.<\/p>\n\n\n\n<p>Los jurados de la categor\u00eda B fueron Susana Teresa Troyo Rodr\u00edguez, Marcia Noem\u00ed Lara Ruiz y C\u00e1ndida Dzib Colorado.<\/p>\n\n\n\n<p>De la categor\u00eda C, en lengua maya, el primer lugar fue para Jos\u00e9 Rigoberto Hoil Baas, con el cuento \u201cU Tojbe\u00b4Enil T\u00b4Aan I Chil Maaya\u00b4\u201d del quinto grado de primaria \u201cEmiliano Zapata\u201d de Dzalbay, Temoz\u00f3n.<\/p>\n\n\n\n<p>El segundo lugar fue para Valentina Marisol G\u00f3mez Uc\u00e1n, con el cuento \u201cU T\u00b4\u00c1an Mejen Paalal\u201d del sexto grado de la escuela primaria \u201cEmiliano Zapata\u201d de Dzalbay, Temoz\u00f3n.<\/p>\n\n\n\n<p>El tercer lugar fue para Orqu\u00eddea Maril\u00fa Uc Can con el cuento \u201cChan Otsil P\u00b4Aal\u201d del tercer grado de la escuela primaria \u201cEmiliano Zapata\u201d de Dzalbay, Temoz\u00f3n.&nbsp;<\/p>\n\n\n\n<p>Se otorg\u00f3 una menci\u00f3n honor\u00edfica a Yanali Belem Avil\u00e9s Ch\u00ed con el cuento \u201cIn P\u00e1aj Talil, a crecer en libertad\u201d del tercer grado de la escuela primaria \u201cJulia Ruiz Fuentes\u201d de M\u00e9rida.<\/p>\n\n\n\n<p>Los jurados de la categor\u00eda C, fueron Abigail Uc Canch\u00e9, Ermilo L\u00f3pez Balam y Marcelino Carrillo Uc.<\/p>\n\n\n\n<p>Abigail Uc Canch\u00e9 dijo que, con este concurso, nos damos cuenta que los ni\u00f1os no han olvidado su lengua.<\/p>\n\n\n\n<p>\u201cNos debemos sentir muy orgullosos porque a\u00fan conservamos esta gran herencia que nos han dejado nuestras abuelas y abuelos. Quiero agradecer a las maestras y los maestros que son pieza fundamental en la preservaci\u00f3n de nuestra lengua\u201d, destac\u00f3 en la ceremonia.<\/p>\n\n\n\n<p>Por su parte, Jaquelina V\u00e1zquez Canul dijo que este concurso es una oportunidad para escuchar lo que las ni\u00f1as y ni\u00f1os que viven en Yucat\u00e1n tienen para decir sobre sus derechos, de darles voz y de que compartan desde su mirada como viven en la actualidad sus derechos humanos.<\/p>\n\n\n\n<p>\u201cPara nosotros como jurado, tener este acercamiento con los textos de los ni\u00f1os es poder ver con sus ojos, descubrir, entender c\u00f3mo ellos est\u00e1n viviendo el mundo\u201d, se\u00f1al\u00f3.<\/p>\n<div class='share-to-whatsapp-wrapper'><div class='share-on-whsp'>Share on: <\/div><a data-text='Premian a ganadores del concurso literario infantil en derechos humanos' data-link='https:\/\/visionpeninsular.com\/mid\/premian-a-ganadores-del-concurso-literario-infantil-en-derechos-humanos\/' class='whatsapp-button whatsapp-share'>WhatsApp<\/a><div class='clear '><\/div><\/div>","protected":false},"excerpt":{"rendered":"<p>M\u00e9rida, Yucat\u00e1n; 13 de junio de 2022.- Catalina Ord\u00f3\u00f1ez Echeverr\u00eda, Jos\u00e9 Santiago Balam Canch\u00e9 y Jos\u00e9 Rigoberto Hoil Baas fueron los ganadores del primer lugar de las categor\u00edas A, B y C, del XVII Concurso Literario Infantil \u201cHab\u00eda una vez un derecho\u201d con historias basadas en el derecho a la educaci\u00f3n, a vivir una vida &hellip;<\/p>\n","protected":false},"author":5,"featured_media":156080,"comment_status":"open","ping_status":"open","sticky":false,"template":"","format":"standard","meta":{"_mi_skip_tracking":false},"categories":[50,37],"tags":[31818,468,31816],"_links":{"self":[{"href":"https:\/\/visionpeninsular.com\/mid\/wp-json\/wp\/v2\/posts\/156078"}],"collection":[{"href":"https:\/\/visionpeninsular.com\/mid\/wp-json\/wp\/v2\/posts"}],"about":[{"href":"https:\/\/visionpeninsular.com\/mid\/wp-json\/wp\/v2\/types\/post"}],"author":[{"embeddable":true,"href":"https:\/\/visionpeninsular.com\/mid\/wp-json\/wp\/v2\/users\/5"}],"replies":[{"embeddable":true,"href":"https:\/\/visionpeninsular.com\/mid\/wp-json\/wp\/v2\/comments?post=156078"}],"version-history":[{"count":1,"href":"https:\/\/visionpeninsular.com\/mid\/wp-json\/wp\/v2\/posts\/156078\/revisions"}],"predecessor-version":[{"id":156083,"href":"https:\/\/visionpeninsular.com\/mid\/wp-json\/wp\/v2\/posts\/156078\/revisions\/156083"}],"wp:featuredmedia":[{"embeddable":true,"href":"https:\/\/visionpeninsular.com\/mid\/wp-json\/wp\/v2\/media\/156080"}],"wp:attachment":[{"href":"https:\/\/visionpeninsular.com\/mid\/wp-json\/wp\/v2\/media?parent=156078"}],"wp:term":[{"taxonomy":"category","embeddable":true,"href":"https:\/\/visionpeninsular.com\/mid\/wp-json\/wp\/v2\/categories?post=156078"},{"taxonomy":"post_tag","embeddable":true,"href":"https:\/\/visionpeninsular.com\/mid\/wp-json\/wp\/v2\/tags?post=156078"}],"curies":[{"name":"wp","href":"https:\/\/api.w.org\/{rel}","templated":true}]}}