{"id":156071,"date":"2022-06-14T09:57:19","date_gmt":"2022-06-14T14:57:19","guid":{"rendered":"https:\/\/visionpeninsular.com\/mid\/?p=156071"},"modified":"2022-06-14T09:57:21","modified_gmt":"2022-06-14T14:57:21","slug":"empresas-yucatecas-continuan-generando-inversiones-y-empleos-para-las-familias-del-estado","status":"publish","type":"post","link":"https:\/\/visionpeninsular.com\/mid\/empresas-yucatecas-continuan-generando-inversiones-y-empleos-para-las-familias-del-estado\/","title":{"rendered":"Empresas yucatecas contin\u00faan generando inversiones y empleos para las familias del estado"},"content":{"rendered":"\n<ul><li><strong><em>Resultado de la confianza que la iniciativa privada genera en Yucat\u00e1n, el Gobernador Mauricio Vila Dosal inaugur\u00f3 una tienda de la cadena de autoservicio S\u00faper Ak\u00ed, comisar\u00eda al norte de M\u00e9rida.<\/em><\/strong><\/li><li><strong><em>El inicio de operaciones de esta sucursal representa una inversi\u00f3n de 65 millones de pesos y la creaci\u00f3n de m\u00e1s de 320 plazas laborales, entre directas e indirectas.<\/em><\/strong><\/li><\/ul>\n\n\n\n<p>M\u00e9rida, Yucat\u00e1n, 13 de junio de 2022.- Empresas yucatecas contin\u00faan expandi\u00e9ndose, generando inversiones y m\u00e1s empleos para las familias de comisar\u00edas de M\u00e9rida y el interior del estado, resultado de la din\u00e1mica econ\u00f3mica de Yucat\u00e1n y la confianza que genera en la iniciativa privada, y como muestra de ello, este d\u00eda, el Gobernador Mauricio Vila Dosal inaugur\u00f3 una sucursal de la cadena de autoservicio S\u00faper Ak\u00ed, en la cual se invirti\u00f3 65 millones de pesos y se est\u00e1 creando m\u00e1s de 320 plazas laborales, entre directas e indirectas.<\/p>\n\n\n\n<p>El Gobernador, junto con el director de S\u00faper Ak\u00ed, Sergio As\u00eds Abraham Mafud, encabez\u00f3 la apertura de esta tienda, la n\u00famero 52 en toda la Pen\u00ednsula y 27 en el territorio, ubicada en la comisar\u00eda de Xcanat\u00fan, al norte de M\u00e9rida, una de las zonas con mayor crecimiento de la ciudad, con la cual la cadena contin\u00faa su expansi\u00f3n por dicha regi\u00f3n.<\/p>\n\n\n\n<figure class=\"wp-block-image size-full\"><img loading=\"lazy\" width=\"600\" height=\"399\" src=\"https:\/\/visionpeninsular.com\/mid\/wp-content\/uploads\/2022\/06\/aki-2.jpg\" alt=\"\" class=\"wp-image-156074\" srcset=\"https:\/\/visionpeninsular.com\/mid\/wp-content\/uploads\/2022\/06\/aki-2.jpg 600w, https:\/\/visionpeninsular.com\/mid\/wp-content\/uploads\/2022\/06\/aki-2-300x200.jpg 300w, https:\/\/visionpeninsular.com\/mid\/wp-content\/uploads\/2022\/06\/aki-2-310x205.jpg 310w\" sizes=\"(max-width: 600px) 100vw, 600px\" \/><\/figure>\n\n\n\n<p>Al respecto, Vila Dosal expres\u00f3 su benepl\u00e1cito al ser las empresas locales las que toman el liderazgo y dan ejemplo de que, a pesar de la pandemia, se puede seguir haciendo grandes cosas en Yucat\u00e1n, como este nuevo recinto, con m\u00e1s de 1,400 metros cuadrados de construcci\u00f3n, una inversi\u00f3n importante y la generaci\u00f3n de 80 empleos directos, con m\u00e1s de 240 indirectos.<\/p>\n\n\n\n<p>Tambi\u00e9n, afirm\u00f3 que en la entidad se busca que el desarrollo sea equitativo y que, como en M\u00e9rida, sea en los 106 municipios; con el esfuerzo de la ciudadan\u00eda se est\u00e1 logrando, pues se ha registrado un crecimiento econ\u00f3mico por encima de la media del pa\u00eds; los empleos que se perdi\u00f3, en los meses m\u00e1s cr\u00edticos de la pandemia, se han recuperado y superado, y hay 400,000 trabajadores afiliados al Seguro Social, cifra hist\u00f3rica de puestos formales en el estado, entre otros indicadores positivos.<\/p>\n\n\n\n<p>Ante el vicepresidente del Consejo de Administraci\u00f3n de Grupo San Francisco de As\u00eds, Jos\u00e9 Antonio Abraham Xacur, el Gobernador indic\u00f3 que, a pesar de estos avances, lo que se quiere es que Yucat\u00e1n siga avanzando, pero conservando nuestras costumbres y tradiciones para lo cual se necesita m\u00e1s infraestructura.<\/p>\n\n\n\n<figure class=\"wp-block-image size-full\"><img loading=\"lazy\" width=\"600\" height=\"399\" src=\"https:\/\/visionpeninsular.com\/mid\/wp-content\/uploads\/2022\/06\/aki-3.jpg\" alt=\"\" class=\"wp-image-156075\" srcset=\"https:\/\/visionpeninsular.com\/mid\/wp-content\/uploads\/2022\/06\/aki-3.jpg 600w, https:\/\/visionpeninsular.com\/mid\/wp-content\/uploads\/2022\/06\/aki-3-300x200.jpg 300w, https:\/\/visionpeninsular.com\/mid\/wp-content\/uploads\/2022\/06\/aki-3-310x205.jpg 310w\" sizes=\"(max-width: 600px) 100vw, 600px\" \/><\/figure>\n\n\n\n<p>En ese sentido, hizo un recuento de los proyectos importantes que se est\u00e1 llevando a cabo, en favor de la poblaci\u00f3n, como la ampliaci\u00f3n y modernizaci\u00f3n del Puerto de Altura de Progreso, la construcci\u00f3n de un parque en los terrenos de La Plancha y las mejoras al transporte p\u00fablico, con el sistema metropolitano \u201cVa y ven\u201d y el reci\u00e9n anunciado Ie-tram, complementario a las estaciones del Tren Maya, moderno y eficiente.<\/p>\n\n\n\n<p>Finalmente, record\u00f3 que lo que se necesita es seguir trabajando en equipo, llegando a acuerdos, tomando las decisiones dif\u00edciles para atender las necesidades del Yucat\u00e1n actual, as\u00ed como seguir trabajando con los 3 niveles de Gobierno y el empresariado local.<\/p>\n\n\n\n<figure class=\"wp-block-image size-full\"><img loading=\"lazy\" width=\"600\" height=\"394\" src=\"https:\/\/visionpeninsular.com\/mid\/wp-content\/uploads\/2022\/06\/aki-4.jpg\" alt=\"\" class=\"wp-image-156076\" srcset=\"https:\/\/visionpeninsular.com\/mid\/wp-content\/uploads\/2022\/06\/aki-4.jpg 600w, https:\/\/visionpeninsular.com\/mid\/wp-content\/uploads\/2022\/06\/aki-4-300x197.jpg 300w, https:\/\/visionpeninsular.com\/mid\/wp-content\/uploads\/2022\/06\/aki-4-310x205.jpg 310w\" sizes=\"(max-width: 600px) 100vw, 600px\" \/><\/figure>\n\n\n\n<p>Por su parte, Abraham Mafud reconoci\u00f3 el desempe\u00f1o y esfuerzo que realiza la administraci\u00f3n de Vila Dosal para generar condiciones \u00f3ptimas, que permitan la llegada de nuevas inversiones y la atracci\u00f3n de proyectos, pues esto ha generado una importante din\u00e1mica, que genera certeza en la iniciativa privada.<\/p>\n\n\n\n<p>As\u00ed, el empresario adelant\u00f3 que esta agrupaci\u00f3n tiene planes para el interior del estado, en un futuro pr\u00f3ximo, toda vez que esta inauguraci\u00f3n marca la reanudaci\u00f3n de inversiones de esta cadena, despu\u00e9s del escenario que dej\u00f3 la contingencia sanitaria, que detuvo la din\u00e1mica econ\u00f3mica. Se\u00f1al\u00f3 que esta firma es, orgullosamente, la \u00fanica de supermercados de capital 100% yucateco que por 4 d\u00e9cadas ha ido creciendo con capacidad para adaptarse e innovar.<\/p>\n\n\n\n<p>En su turno, el titular de la Secretar\u00eda de Fomento Econ\u00f3mico y Trabajo (Sefoet), Ernesto Herrera Novelo, resalt\u00f3 que la apertura de esta tienda es fruto de la pol\u00edtica del Gobierno estatal, de propiciar condiciones para hacer negocios que beneficien con derrama econ\u00f3mica y fuentes de trabajo, en las comisar\u00edas y el interior, y destac\u00f3 el compromiso de la iniciativa privada para empujar el desarrollo de las familias.<\/p>\n\n\n\n<p>Luego, el alcalde de M\u00e9rida, Ren\u00e1n Barrera Concha, se\u00f1al\u00f3 que la coordinaci\u00f3n de esfuerzos entre autoridades y empresariado es la \u00fanica f\u00f3rmula que ha demostrado funcionar, para que la regi\u00f3n pueda salir adelante, as\u00ed que reconoci\u00f3 la visi\u00f3n del Gobernador para colocar a la entidad en el plano nacional e internacional, mostrando las bondades que ofrece y dando resultados a sus habitantes.<\/p>\n\n\n\n<p>Como San Francisco de As\u00eds, la firma inici\u00f3 operaciones hace m\u00e1s de 40 a\u00f1os con 214 trabajadores, y actualmente, como S\u00faper Ak\u00ed, tiene m\u00e1s de 2,400. En la nueva tienda, la gente encontrar\u00e1 m\u00e1s de 10,000 productos, de los cuales el 12% es de origen yucateco; en el \u00e1rea de frutas y verduras, el 40% es de la Central de Abastos de Oxkutzcab, y en la de carnes, el 90% es local, especialmente de Tizim\u00edn.<\/p>\n<div class='share-to-whatsapp-wrapper'><div class='share-on-whsp'>Share on: <\/div><a data-text='Empresas yucatecas contin\u00faan generando inversiones y empleos para las familias del estado' data-link='https:\/\/visionpeninsular.com\/mid\/empresas-yucatecas-continuan-generando-inversiones-y-empleos-para-las-familias-del-estado\/' class='whatsapp-button whatsapp-share'>WhatsApp<\/a><div class='clear '><\/div><\/div>","protected":false},"excerpt":{"rendered":"<p>Resultado de la confianza que la iniciativa privada genera en Yucat\u00e1n, el Gobernador Mauricio Vila Dosal inaugur\u00f3 una tienda de la cadena de autoservicio S\u00faper Ak\u00ed, comisar\u00eda al norte de M\u00e9rida.El inicio de operaciones de esta sucursal representa una inversi\u00f3n de 65 millones de pesos y la creaci\u00f3n de m\u00e1s de 320 plazas laborales, entre &hellip;<\/p>\n","protected":false},"author":5,"featured_media":156073,"comment_status":"open","ping_status":"open","sticky":false,"template":"","format":"standard","meta":{"_mi_skip_tracking":false},"categories":[49,37],"tags":[30715,31815,2324],"_links":{"self":[{"href":"https:\/\/visionpeninsular.com\/mid\/wp-json\/wp\/v2\/posts\/156071"}],"collection":[{"href":"https:\/\/visionpeninsular.com\/mid\/wp-json\/wp\/v2\/posts"}],"about":[{"href":"https:\/\/visionpeninsular.com\/mid\/wp-json\/wp\/v2\/types\/post"}],"author":[{"embeddable":true,"href":"https:\/\/visionpeninsular.com\/mid\/wp-json\/wp\/v2\/users\/5"}],"replies":[{"embeddable":true,"href":"https:\/\/visionpeninsular.com\/mid\/wp-json\/wp\/v2\/comments?post=156071"}],"version-history":[{"count":1,"href":"https:\/\/visionpeninsular.com\/mid\/wp-json\/wp\/v2\/posts\/156071\/revisions"}],"predecessor-version":[{"id":156077,"href":"https:\/\/visionpeninsular.com\/mid\/wp-json\/wp\/v2\/posts\/156071\/revisions\/156077"}],"wp:featuredmedia":[{"embeddable":true,"href":"https:\/\/visionpeninsular.com\/mid\/wp-json\/wp\/v2\/media\/156073"}],"wp:attachment":[{"href":"https:\/\/visionpeninsular.com\/mid\/wp-json\/wp\/v2\/media?parent=156071"}],"wp:term":[{"taxonomy":"category","embeddable":true,"href":"https:\/\/visionpeninsular.com\/mid\/wp-json\/wp\/v2\/categories?post=156071"},{"taxonomy":"post_tag","embeddable":true,"href":"https:\/\/visionpeninsular.com\/mid\/wp-json\/wp\/v2\/tags?post=156071"}],"curies":[{"name":"wp","href":"https:\/\/api.w.org\/{rel}","templated":true}]}}