{"id":155989,"date":"2022-06-11T09:04:38","date_gmt":"2022-06-11T14:04:38","guid":{"rendered":"https:\/\/visionpeninsular.com\/mid\/?p=155989"},"modified":"2022-06-11T09:06:36","modified_gmt":"2022-06-11T14:06:36","slug":"error-presidencial","status":"publish","type":"post","link":"https:\/\/visionpeninsular.com\/mid\/error-presidencial\/","title":{"rendered":"Error presidencial"},"content":{"rendered":"\n<p>Jos\u00e9 Santiago Healy<\/p>\n\n\n\n<p>Fuente: Diario de Yucat\u00e1n<\/p>\n\n\n\n<p>Sin gran pena ni gloria se llev\u00f3 al cabo esta semana la Cumbre de las Am\u00e9ricas que reuni\u00f3 en Los \u00c1ngeles, California, a varios presidentes y representantes de los gobiernos del continente.<\/p>\n\n\n\n<p>Las ausencias del presidente mexicano Andr\u00e9s Manuel L\u00f3pez Obrador y de los primeros mandatarios de Cuba, Nicaragua, Venezuela quienes no fueron invitados, se convirti\u00f3 en la noticia del momento, pero eso no impidi\u00f3 que la reuni\u00f3n se llevara al cabo.<\/p>\n\n\n\n<p>Se trata de la novena edici\u00f3n de una cumbre americana, la primera fue en Miami, Florida, en 1994, en esa ocasi\u00f3n fue promovida e inaugurada por el presidente de Estados Unidos, Bill Clinton.<\/p>\n\n\n\n<p>La \u00fanica celebrada en M\u00e9xico fue una de car\u00e1cter extraordinario que se realiz\u00f3 en enero de 2004 y fue encabezada por el primer mandatario Vicente Fox, quien hizo famosa la frase \u201ccomes y te vas\u201d que comunic\u00f3 al comandante Fidel Castro para que se regresara pronto a La Habana y su presencia no incomodara al presidente George Bush.<\/p>\n\n\n\n<p>La cumbre de esta semana fue promovida por el mandatario norteamericano Joe &nbsp;Biden bajo el t\u00edtulo \u201cConstruyendo un futuro sustentable, resiliente y equitativo\u201d.<\/p>\n\n\n\n<p>Suena sin duda rimbombante y ambicioso, pero dadas las dif\u00edciles circunstancias por las que atraviesa el continente, especialmente el centro y sur de Am\u00e9rica, resulta muy complicado alcanzar acuerdos que permitan llegar a las metas que propone el eslogan de la reuni\u00f3n.<\/p>\n\n\n\n<p>Adem\u00e1s de la extrema pobreza, las diferencias culturales, el estancamiento y los rezagos sociales de muchos pa\u00edses, Am\u00e9rica Latina se enfrenta hoy d\u00eda a una confrontaci\u00f3n ideol\u00f3gica y pol\u00edtica que impide a los gobiernos negociar programas de desarrollo social y econ\u00f3micos para la regi\u00f3n.<\/p>\n\n\n\n<p>Prueba de ello es el sainete que arm\u00f3 L\u00f3pez Obrador al no asistir a la cumbre bajo el argumento de que los mandatarios de Cuba, Nicaragua y Venezuela no fueron invitados por Estados Unidos por sus reconocidas pr\u00e1cticas en contra de la democracia y de los derechos humanos de sus ciudadanos.<\/p>\n\n\n\n<p>Nuestro mandatario hizo el rid\u00edculo con su posici\u00f3n toda vez que Miguel D\u00edaz-Canel de Cuba y Daniel Ortega de Nicaragua dijeron en su momento que aun siendo invitados no asistir\u00edan a la cumbre por sus discrepancias extremas con el gobierno norteamericano.<\/p>\n\n\n\n<p>El caso de Nicol\u00e1s Maduro es todav\u00eda m\u00e1s delicado al contar con acusaciones penales en Estados Unidos, lo que podr\u00eda originar su arresto inmediato en el momento de pisar el pa\u00eds de las barras y las estrellas.<\/p>\n\n\n\n<p>Joe Biden dijo al inaugurar el encuentro que \u201cla democracia est\u00e1 bajo asalto alrededor del mundo. Necesitamos unirnos para demostrar que es el ingrediente esencial para el futuro de Am\u00e9rica\u201d, expres\u00f3 en clara alusi\u00f3n a reg\u00edmenes como el de Rusia, pero tambi\u00e9n a los de Cuba, Nicaragua y Venezuela que tanto ha defendido el mandatario mexicano.<\/p>\n\n\n\n<p>L\u00f3pez Obrador perdi\u00f3 una oportunidad dorada para asumir en vivo un firme liderazgo a favor de los pa\u00edses oprimidos de Am\u00e9rica Latina, si se hubiera presentado en Los \u00c1ngeles para expresar su repudio a las pol\u00edticas proteccionistas y antiinmigrantes que ha practicado Estados Unidos en los \u00faltimos a\u00f1os.<\/p>\n\n\n\n<p>El pol\u00edtico tabasque\u00f1o prefiri\u00f3 quedarse en casa y no enfrentarse al inquilino de la Casa Blanca en lo que puede calificarse como una postura blandengue y escurridiza.<\/p>\n\n\n\n<p>Una vez m\u00e1s L\u00f3pez Obrador demuestra su animadversi\u00f3n a las reuniones internacionales, las cuales ha evadido una y otra vez en su sexenio. Es evidente que le gusta ser el centro de los reflectores y evita compartirlos.<\/p>\n\n\n\n<p>Es una l\u00e1stima porque como presidente mexicano su obligaci\u00f3n es representar al pa\u00eds en este tipo de eventos y sacar la mayor raja posible de la ocasi\u00f3n. \u00bfSe imaginan cu\u00e1ntos acuerdos podr\u00eda haber alcanzado al dialogar en corto con Joe Biden y con los mandatarios latinoamericanos?<\/p>\n\n\n\n<p>La ocasi\u00f3n se prestaba tambi\u00e9n para que Andr\u00e9s Manuel se diera un ba\u00f1o de pueblo con los paisanos de Los \u00c1ngeles y sus alrededores donde se concentra el mayor n\u00famero de mexicanos de la Uni\u00f3n Americana.<\/p>\n\n\n\n<p>Alguien que aprovech\u00f3 al m\u00e1ximo el desacierto presidencial fue el canciller Marcelo Ebrard, quien ni tardo ni perezoso convivi\u00f3 con los mandatarios de Am\u00e9rica y se place\u00f3 en grande con los medios de comunicaci\u00f3n, gan\u00f3 sin duda buenos puntos para la carrera presidencial de 2024.<\/p>\n\n\n\n<p>Incluso hay sospechas de que la estrategia de AMLO de no asistir a la cumbre fue sugerida por el mismo canciller mexicano.\u2014 Hermosillo, Sonora.<\/p>\n\n\n\n<p>jhealy1957@gmail.com<\/p>\n\n\n\n<p>Periodista<\/p>\n<div class='share-to-whatsapp-wrapper'><div class='share-on-whsp'>Share on: <\/div><a data-text='Error presidencial' data-link='https:\/\/visionpeninsular.com\/mid\/error-presidencial\/' class='whatsapp-button whatsapp-share'>WhatsApp<\/a><div class='clear '><\/div><\/div>","protected":false},"excerpt":{"rendered":"<p>Jos\u00e9 Santiago Healy Fuente: Diario de Yucat\u00e1n Sin gran pena ni gloria se llev\u00f3 al cabo esta semana la Cumbre de las Am\u00e9ricas que reuni\u00f3 en Los \u00c1ngeles, California, a varios presidentes y representantes de los gobiernos del continente. Las ausencias del presidente mexicano Andr\u00e9s Manuel L\u00f3pez Obrador y de los primeros mandatarios de Cuba, &hellip;<\/p>\n","protected":false},"author":5,"featured_media":149239,"comment_status":"open","ping_status":"open","sticky":false,"template":"","format":"standard","meta":{"_mi_skip_tracking":false},"categories":[44],"tags":[904,2994,31786,31789,31788],"_links":{"self":[{"href":"https:\/\/visionpeninsular.com\/mid\/wp-json\/wp\/v2\/posts\/155989"}],"collection":[{"href":"https:\/\/visionpeninsular.com\/mid\/wp-json\/wp\/v2\/posts"}],"about":[{"href":"https:\/\/visionpeninsular.com\/mid\/wp-json\/wp\/v2\/types\/post"}],"author":[{"embeddable":true,"href":"https:\/\/visionpeninsular.com\/mid\/wp-json\/wp\/v2\/users\/5"}],"replies":[{"embeddable":true,"href":"https:\/\/visionpeninsular.com\/mid\/wp-json\/wp\/v2\/comments?post=155989"}],"version-history":[{"count":1,"href":"https:\/\/visionpeninsular.com\/mid\/wp-json\/wp\/v2\/posts\/155989\/revisions"}],"predecessor-version":[{"id":155991,"href":"https:\/\/visionpeninsular.com\/mid\/wp-json\/wp\/v2\/posts\/155989\/revisions\/155991"}],"wp:featuredmedia":[{"embeddable":true,"href":"https:\/\/visionpeninsular.com\/mid\/wp-json\/wp\/v2\/media\/149239"}],"wp:attachment":[{"href":"https:\/\/visionpeninsular.com\/mid\/wp-json\/wp\/v2\/media?parent=155989"}],"wp:term":[{"taxonomy":"category","embeddable":true,"href":"https:\/\/visionpeninsular.com\/mid\/wp-json\/wp\/v2\/categories?post=155989"},{"taxonomy":"post_tag","embeddable":true,"href":"https:\/\/visionpeninsular.com\/mid\/wp-json\/wp\/v2\/tags?post=155989"}],"curies":[{"name":"wp","href":"https:\/\/api.w.org\/{rel}","templated":true}]}}