{"id":155340,"date":"2022-05-25T19:25:07","date_gmt":"2022-05-26T00:25:07","guid":{"rendered":"https:\/\/visionpeninsular.com\/mid\/?p=155340"},"modified":"2022-05-25T19:25:25","modified_gmt":"2022-05-26T00:25:25","slug":"reconoce-el-gobernador-mauricio-vila-dosal-el-esfuerzo-dedicacion-y-entrega-de-las-maestras-y-maestros-de-yucatan","status":"publish","type":"post","link":"https:\/\/visionpeninsular.com\/mid\/reconoce-el-gobernador-mauricio-vila-dosal-el-esfuerzo-dedicacion-y-entrega-de-las-maestras-y-maestros-de-yucatan\/","title":{"rendered":"Reconoce el Gobernador Mauricio Vila Dosal el esfuerzo, dedicaci\u00f3n y entrega de las maestras y maestros de Yucat\u00e1n"},"content":{"rendered":"\n<p>Los yucatecos tenemos claro que lo que queremos es que las futuras generaciones tengan mejores oportunidades y si hoy Yucat\u00e1n es uno de los mejores estados del pa\u00eds, es en parte por la incansable vocaci\u00f3n de los docentes que han vencido adversidades y sabido hacer equipo para seguir transformando al estado, afirm\u00f3 el Gobernador Mauricio Vila Dosal, al encabezar la entrega de medallas y est\u00edmulos econ\u00f3micos a maestros con 50, 40 y 30 a\u00f1os de servicio.<\/p>\n\n\n\n<p>En gratitud a la labor que todos los d\u00edas realizan en las aulas para formar a ni\u00f1os y j\u00f3venes, el Gobernador otorg\u00f3 a un total de 554 educadores de nivel b\u00e1sico, preseas y reconocimientos para resaltar el excelente trabajo que realizan, pues a base de mucho esfuerzo, dedicaci\u00f3n y entrega, han sido parte fundamental en las vidas de incontables ni\u00f1as, ni\u00f1os y j\u00f3venes, impactando de manera positiva en su desarrollo.<\/p>\n\n\n\n<p>&#8220;Estamos trabajando fuertemente junto con ustedes y vamos a seguir buscando mejores condiciones laborales; sepan que en este Gobierno siempre tenemos la voluntad de escucharles, atender sus necesidades y trabajar en equipo&#8221;, indic\u00f3 Vila Dosal.<\/p>\n\n\n\n<p>Por otra parte, resalt\u00f3 la labor que realiza el titular de la Secretar\u00eda de Educaci\u00f3n (Segey), Liborio Vidal Aguilar, y afirm\u00f3 que su administraci\u00f3n continuar\u00e1 haciendo mancuerna con el magisterio yucateco, dejando a un lado cuestiones partidistas y posturas, como se ha manejado hasta ahora.<\/p>\n\n\n\n<p>&#8220;En Yucat\u00e1n, las diferencias se resuelven dialogando; trabajamos en equipo, sin importar los intereses pol\u00edticos, y estamos convencidos y es nuestro estilo de trabajo que si trabajamos de la mano, tenemos mejores posibilidades de salir adelante&#8221;, destac\u00f3 Vila Dosal.<\/p>\n\n\n\n<p>Se reconoci\u00f3 a 18 docentes con la medalla &#8220;Pablo Moreno Triay\u201d, por 50 a\u00f1os de servicio; los 109 mentores que cumplieron cuatro d\u00e9cadas de labor recibieron la presea &#8220;Maestro Altamirano&#8221;; y 427, quienes suman 30 a\u00f1os, obtuvieron la &#8220;Raquel Dzib Cicero&#8221;.<\/p>\n\n\n\n<p>Al dirigir unas palabras, Vidal Aguilar destac\u00f3 la entrega que han demostrado a su profesi\u00f3n, a pesar de las adversidades que han enfrentado en los \u00faltimos a\u00f1os por la contingencia sanitaria, pues continuaron con pasi\u00f3n su tarea de ser formadores, ejemplo de vida y transmisores de valores, a la ni\u00f1ez y juventud.<\/p>\n\n\n\n<p>Destac\u00f3 que, gracias a la disposici\u00f3n y compromiso de los hombres y mujeres al frente de las aulas, se ha logrado la presencialidad al 100% en los planteles; en ese sentido, la Segey mantendr\u00e1 sus puertas abiertas y perseverar\u00e1 en la construcci\u00f3n de puentes para seguir avanzando y mejorando en este rubro.<\/p>\n\n\n\n<p>&#8220;Vamos a seguir trabajando, para seguir brindando las herramientas y que puedan seguir con su noble vocaci\u00f3n, que ha formado a generaciones completas de profesionales, hombres y mujeres de bien&#8221;, finaliz\u00f3 el funcionario estatal.<\/p>\n<div class='share-to-whatsapp-wrapper'><div class='share-on-whsp'>Share on: <\/div><a data-text='Reconoce el Gobernador Mauricio Vila Dosal el esfuerzo, dedicaci\u00f3n y entrega de las maestras y maestros de Yucat\u00e1n' data-link='https:\/\/visionpeninsular.com\/mid\/reconoce-el-gobernador-mauricio-vila-dosal-el-esfuerzo-dedicacion-y-entrega-de-las-maestras-y-maestros-de-yucatan\/' class='whatsapp-button whatsapp-share'>WhatsApp<\/a><div class='clear '><\/div><\/div>","protected":false},"excerpt":{"rendered":"<p>Los yucatecos tenemos claro que lo que queremos es que las futuras generaciones tengan mejores oportunidades y si hoy Yucat\u00e1n es uno de los mejores estados del pa\u00eds, es en parte por la incansable vocaci\u00f3n de los docentes que han vencido adversidades y sabido hacer equipo para seguir transformando al estado, afirm\u00f3 el Gobernador Mauricio &hellip;<\/p>\n","protected":false},"author":1,"featured_media":155342,"comment_status":"open","ping_status":"open","sticky":false,"template":"","format":"standard","meta":{"_mi_skip_tracking":false},"categories":[49,37],"tags":[1111,31549,40],"_links":{"self":[{"href":"https:\/\/visionpeninsular.com\/mid\/wp-json\/wp\/v2\/posts\/155340"}],"collection":[{"href":"https:\/\/visionpeninsular.com\/mid\/wp-json\/wp\/v2\/posts"}],"about":[{"href":"https:\/\/visionpeninsular.com\/mid\/wp-json\/wp\/v2\/types\/post"}],"author":[{"embeddable":true,"href":"https:\/\/visionpeninsular.com\/mid\/wp-json\/wp\/v2\/users\/1"}],"replies":[{"embeddable":true,"href":"https:\/\/visionpeninsular.com\/mid\/wp-json\/wp\/v2\/comments?post=155340"}],"version-history":[{"count":1,"href":"https:\/\/visionpeninsular.com\/mid\/wp-json\/wp\/v2\/posts\/155340\/revisions"}],"predecessor-version":[{"id":155343,"href":"https:\/\/visionpeninsular.com\/mid\/wp-json\/wp\/v2\/posts\/155340\/revisions\/155343"}],"wp:featuredmedia":[{"embeddable":true,"href":"https:\/\/visionpeninsular.com\/mid\/wp-json\/wp\/v2\/media\/155342"}],"wp:attachment":[{"href":"https:\/\/visionpeninsular.com\/mid\/wp-json\/wp\/v2\/media?parent=155340"}],"wp:term":[{"taxonomy":"category","embeddable":true,"href":"https:\/\/visionpeninsular.com\/mid\/wp-json\/wp\/v2\/categories?post=155340"},{"taxonomy":"post_tag","embeddable":true,"href":"https:\/\/visionpeninsular.com\/mid\/wp-json\/wp\/v2\/tags?post=155340"}],"curies":[{"name":"wp","href":"https:\/\/api.w.org\/{rel}","templated":true}]}}