{"id":15480,"date":"2016-10-28T06:33:21","date_gmt":"2016-10-28T11:33:21","guid":{"rendered":"http:\/\/visionpeninsular.com\/mid\/?p=15480"},"modified":"2016-10-28T06:33:21","modified_gmt":"2016-10-28T11:33:21","slug":"se-salva-morir-prensado-en-la-campeche-merida","status":"publish","type":"post","link":"https:\/\/visionpeninsular.com\/mid\/se-salva-morir-prensado-en-la-campeche-merida\/","title":{"rendered":"Se salva de morir prensado en la Campeche-M\u00e9rida"},"content":{"rendered":"<p>La Carretera Federal Campeche-M\u00e9rida nuevamente es escenario de un terrible accidente, en esta ocasi\u00f3n se trata de una camioneta Toyota que al salirse del camino dio varias volteretas hasta dejar al conductor prensado dentro del autom\u00f3vil. <\/p>\n<p>Se presume que el veh\u00edculo con placas VS75152 originario de Tabasco ten\u00eda como destino M\u00e9rida, en Yucat\u00e1n, sin embargo, a causa del pavimento mojado por la lluvia termino derrapando en la v\u00eda con Campeche ocasionando da\u00f1os de m\u00e1s de 100 mil pesos y un veh\u00edculo aplastado. <\/p>\n<p>Sin embargo, pese a la magnitud del accidente, el conductor solo resulto con lesiones en la cabeza y manos por lo que los elementos de rescate lo atendieron y trasladaron al Hospital Comunitario de Maxcan\u00fa. <\/p>\n<p>Mientras que el veh\u00edculo fue remolcado a Campeche para el correspondiente deslinde de responsabilidades. <\/p>\n<div class='share-to-whatsapp-wrapper'><div class='share-on-whsp'>Share on: <\/div><a data-text='Se salva de morir prensado en la Campeche-M\u00e9rida' data-link='https:\/\/visionpeninsular.com\/mid\/se-salva-morir-prensado-en-la-campeche-merida\/' class='whatsapp-button whatsapp-share'>WhatsApp<\/a><div class='clear '><\/div><\/div>","protected":false},"excerpt":{"rendered":"<p>La Carretera Federal Campeche-M\u00e9rida nuevamente es escenario de un terrible accidente, en esta ocasi\u00f3n se trata de una camioneta Toyota que al salirse del camino dio varias volteretas hasta dejar al conductor prensado dentro del autom\u00f3vil. Se presume que el veh\u00edculo con placas VS75152 originario de Tabasco ten\u00eda como destino M\u00e9rida, en Yucat\u00e1n, sin embargo, &hellip;<\/p>\n","protected":false},"author":1,"featured_media":15481,"comment_status":"open","ping_status":"open","sticky":false,"template":"","format":"standard","meta":{"_mi_skip_tracking":false},"categories":[46],"tags":[1792,3199],"_links":{"self":[{"href":"https:\/\/visionpeninsular.com\/mid\/wp-json\/wp\/v2\/posts\/15480"}],"collection":[{"href":"https:\/\/visionpeninsular.com\/mid\/wp-json\/wp\/v2\/posts"}],"about":[{"href":"https:\/\/visionpeninsular.com\/mid\/wp-json\/wp\/v2\/types\/post"}],"author":[{"embeddable":true,"href":"https:\/\/visionpeninsular.com\/mid\/wp-json\/wp\/v2\/users\/1"}],"replies":[{"embeddable":true,"href":"https:\/\/visionpeninsular.com\/mid\/wp-json\/wp\/v2\/comments?post=15480"}],"version-history":[{"count":1,"href":"https:\/\/visionpeninsular.com\/mid\/wp-json\/wp\/v2\/posts\/15480\/revisions"}],"predecessor-version":[{"id":15482,"href":"https:\/\/visionpeninsular.com\/mid\/wp-json\/wp\/v2\/posts\/15480\/revisions\/15482"}],"wp:featuredmedia":[{"embeddable":true,"href":"https:\/\/visionpeninsular.com\/mid\/wp-json\/wp\/v2\/media\/15481"}],"wp:attachment":[{"href":"https:\/\/visionpeninsular.com\/mid\/wp-json\/wp\/v2\/media?parent=15480"}],"wp:term":[{"taxonomy":"category","embeddable":true,"href":"https:\/\/visionpeninsular.com\/mid\/wp-json\/wp\/v2\/categories?post=15480"},{"taxonomy":"post_tag","embeddable":true,"href":"https:\/\/visionpeninsular.com\/mid\/wp-json\/wp\/v2\/tags?post=15480"}],"curies":[{"name":"wp","href":"https:\/\/api.w.org\/{rel}","templated":true}]}}