{"id":154630,"date":"2022-05-06T13:12:48","date_gmt":"2022-05-06T18:12:48","guid":{"rendered":"https:\/\/visionpeninsular.com\/mid\/?p=154630"},"modified":"2022-05-06T13:13:04","modified_gmt":"2022-05-06T18:13:04","slug":"la-federacion-aun-no-envia-los-recursos-para-los-refugios-de-mujeres-victimas-de-violencia","status":"publish","type":"post","link":"https:\/\/visionpeninsular.com\/mid\/la-federacion-aun-no-envia-los-recursos-para-los-refugios-de-mujeres-victimas-de-violencia\/","title":{"rendered":"La Federaci\u00f3n aun no env\u00eda los recursos para los refugios de mujeres v\u00edctimas de violencia"},"content":{"rendered":"\n<ul><li><strong><em>\u00abLos refugios est\u00e1n para proteger sus derechos humanos y salvar las vidas de ellas y sus hijos\u00bb, expuso la regidora priista Ana Gabriela Aguilar Ruiz<\/em><\/strong><\/li><\/ul>\n\n\n\n<p>La Comisi\u00f3n Nacional para Prevenir y Erradicar la Violencia contra las Mujeres (CONAVIM) no mand\u00f3 los recursos para la operaci\u00f3n del Centro de Atenci\u00f3n y Refugio para Mujeres, sus hijas e hijos en situaci\u00f3n de violencia extrema (CAREM), de M\u00e9rida, seg\u00fan dio a conocer la coordinadora de la la Fracci\u00f3n Edilicia del PRI en el Cabildo, Ana Gabriela Aguilar Ruiz.<\/p>\n\n\n\n<p>La regidora &nbsp;mencion\u00f3 que el recurso federal ser\u00eda para ocho meses. \u00abYa no ser\u00e1n los 10 meses y no ser\u00edan por meses retroactivos, por lo que se tienen que hacer modificaciones al proyecto original para acceder a los recursos federales, que son entre siete millones u ocho millones de pesos, para que puedan trabajar todas las habitaciones del refugio de M\u00e9rida\u00bb, explic\u00f3.<\/p>\n\n\n\n<p>Asimismo, se\u00f1al\u00f3 que normalmente, los tr\u00e1mites administrativos tardaban los primeros dos meses del a\u00f1o y para marzo el Ayuntamiento de M\u00e9rida ya contaba con esos recursos.<\/p>\n\n\n\n<p>\u00abLa federaci\u00f3n no ha dicho que no lo va a dar. Todos sabemos que es un cambio de los recursos de un lado a otro, pues anteriormente la Secretar\u00eda del Bienestar era la encargada y ahora es la CONAVIM\u00bb, se\u00f1al\u00f3.<\/p>\n\n\n\n<p>La tambi\u00e9n integrante de la Comisi\u00f3n Permanente de Igualdad de G\u00e9nero extern\u00f3 su esperanza de que el gobierno federal cumpla con la entrega de los recursos federales. \u00abHablamos de mujeres v\u00edctimas de violencia extrema, pues los refugios est\u00e1n para proteger sus derechos humanos y salvar las vidas de ellas y sus hijos\u00bb, coment\u00f3.<\/p>\n\n\n\n<p>\u00abNo es un refugio por d\u00edas. No podemos decirles a las mujeres que estar\u00e1n 15 d\u00edas, un mes o tres meses. Este es un procedimiento en el que ellas comienzan apropiarse de sus derechos. Muchas veces por desconocimiento no tienen las posibilidades de ser autosustentables\u00bb, a\u00f1adi\u00f3.<\/p>\n\n\n\n<p>Ana Gabriela mencion\u00f3 que el Ayuntamiento aporta entre 12 millones a 14 millones de pesos para la operaci\u00f3n de ocho habitaciones para igual n\u00famero de n\u00facleos familiares. \u00abCon el recurso federal que, es de siete a ocho millones, operamos otras cuatro habitaciones. Si tuvi\u00e9ramos m\u00e1s recursos, permitir\u00edan operar m\u00e1s habitaciones\u00bb, detall\u00f3.<\/p>\n\n\n\n<p>La \u00faltima inversi\u00f3n que se realiz\u00f3 en el refugio fue una sala de c\u00f3mputo para que las beneficiarias puedan ser capacidades en habilidades laborales. Hoy d\u00eda, el refugio municipal trabaja en un 75% de su capacidad, es decir, de ocho habitaciones.<\/p>\n\n\n\n<p>Los proyectos ya fueron enviados a la CONAVIM, \u00abya nos dijeron que est\u00e1n bien elaborados y que habr\u00e1 los recursos. El problema est\u00e1 en que no han dicho para cu\u00e1ndo\u00bb.<\/p>\n<div class='share-to-whatsapp-wrapper'><div class='share-on-whsp'>Share on: <\/div><a data-text='La Federaci\u00f3n aun no env\u00eda los recursos para los refugios de mujeres v\u00edctimas de violencia' data-link='https:\/\/visionpeninsular.com\/mid\/la-federacion-aun-no-envia-los-recursos-para-los-refugios-de-mujeres-victimas-de-violencia\/' class='whatsapp-button whatsapp-share'>WhatsApp<\/a><div class='clear '><\/div><\/div>","protected":false},"excerpt":{"rendered":"<p>\u00abLos refugios est\u00e1n para proteger sus derechos humanos y salvar las vidas de ellas y sus hijos\u00bb, expuso la regidora priista Ana Gabriela Aguilar Ruiz La Comisi\u00f3n Nacional para Prevenir y Erradicar la Violencia contra las Mujeres (CONAVIM) no mand\u00f3 los recursos para la operaci\u00f3n del Centro de Atenci\u00f3n y Refugio para Mujeres, sus hijas &hellip;<\/p>\n","protected":false},"author":5,"featured_media":154632,"comment_status":"open","ping_status":"open","sticky":false,"template":"","format":"standard","meta":{"_mi_skip_tracking":false},"categories":[49,37],"tags":[14667,9088,31317],"_links":{"self":[{"href":"https:\/\/visionpeninsular.com\/mid\/wp-json\/wp\/v2\/posts\/154630"}],"collection":[{"href":"https:\/\/visionpeninsular.com\/mid\/wp-json\/wp\/v2\/posts"}],"about":[{"href":"https:\/\/visionpeninsular.com\/mid\/wp-json\/wp\/v2\/types\/post"}],"author":[{"embeddable":true,"href":"https:\/\/visionpeninsular.com\/mid\/wp-json\/wp\/v2\/users\/5"}],"replies":[{"embeddable":true,"href":"https:\/\/visionpeninsular.com\/mid\/wp-json\/wp\/v2\/comments?post=154630"}],"version-history":[{"count":1,"href":"https:\/\/visionpeninsular.com\/mid\/wp-json\/wp\/v2\/posts\/154630\/revisions"}],"predecessor-version":[{"id":154633,"href":"https:\/\/visionpeninsular.com\/mid\/wp-json\/wp\/v2\/posts\/154630\/revisions\/154633"}],"wp:featuredmedia":[{"embeddable":true,"href":"https:\/\/visionpeninsular.com\/mid\/wp-json\/wp\/v2\/media\/154632"}],"wp:attachment":[{"href":"https:\/\/visionpeninsular.com\/mid\/wp-json\/wp\/v2\/media?parent=154630"}],"wp:term":[{"taxonomy":"category","embeddable":true,"href":"https:\/\/visionpeninsular.com\/mid\/wp-json\/wp\/v2\/categories?post=154630"},{"taxonomy":"post_tag","embeddable":true,"href":"https:\/\/visionpeninsular.com\/mid\/wp-json\/wp\/v2\/tags?post=154630"}],"curies":[{"name":"wp","href":"https:\/\/api.w.org\/{rel}","templated":true}]}}