{"id":154368,"date":"2022-05-02T10:45:42","date_gmt":"2022-05-02T15:45:42","guid":{"rendered":"https:\/\/visionpeninsular.com\/mid\/?p=154368"},"modified":"2022-05-02T10:45:43","modified_gmt":"2022-05-02T15:45:43","slug":"el-ayuntamiento-de-merida-clausura-la-semana-de-la-ninez-con-la-obra-maya-y-la-semilla-de-la-sabiduria","status":"publish","type":"post","link":"https:\/\/visionpeninsular.com\/mid\/el-ayuntamiento-de-merida-clausura-la-semana-de-la-ninez-con-la-obra-maya-y-la-semilla-de-la-sabiduria\/","title":{"rendered":"El Ayuntamiento de M\u00e9rida clausura la semana de la ni\u00f1ez con la obra \u201cMay\u00e1 y la Semilla de la Sabidur\u00eda\u201d"},"content":{"rendered":"\n<ul><li><strong><em>Gran cierre de esta semana de festejos dedicados a las y los ni\u00f1os del Municipio en el Parque Zool\u00f3gico Bicentenario Animaya<\/em><\/strong><\/li><\/ul>\n\n\n\n<p>M\u00e9rida, Yucat\u00e1n a 1 de mayo de 2022.- Luego de una semana con festejos y diversi\u00f3n dedicados a las ni\u00f1as y los ni\u00f1os del Municipio, el Ayuntamiento de M\u00e9rida que encabeza el Alcalde Ren\u00e1n Barrera Concha clausur\u00f3 la semana de la ni\u00f1ez cumpliendo con fomentar la convivencia arm\u00f3nica y la paz social al presentar un programa de actividades que adem\u00e1s de entretener y divertir, tambi\u00e9n nos hicieron reflexionar sobre la importancia de vivir en una sociedad segura y basada en el di\u00e1logo y acuerdos.<\/p>\n\n\n\n<figure class=\"wp-block-image size-large\"><img loading=\"lazy\" width=\"682\" height=\"1024\" src=\"https:\/\/visionpeninsular.com\/mid\/wp-content\/uploads\/2022\/05\/Ninos-2.jpg-682x1024.jpeg\" alt=\"\" class=\"wp-image-154371\" srcset=\"https:\/\/visionpeninsular.com\/mid\/wp-content\/uploads\/2022\/05\/Ninos-2.jpg-682x1024.jpeg 682w, https:\/\/visionpeninsular.com\/mid\/wp-content\/uploads\/2022\/05\/Ninos-2.jpg-200x300.jpeg 200w, https:\/\/visionpeninsular.com\/mid\/wp-content\/uploads\/2022\/05\/Ninos-2.jpg-768x1152.jpeg 768w, https:\/\/visionpeninsular.com\/mid\/wp-content\/uploads\/2022\/05\/Ninos-2.jpg.jpeg 853w\" sizes=\"(max-width: 682px) 100vw, 682px\" \/><\/figure>\n\n\n\n<p>As\u00ed, el Municipio clausur\u00f3 esta semana de eventos con la presentaci\u00f3n del espect\u00e1culo \u201cMay\u00e1 y la Semilla de la Sabidur\u00eda\u201d, que congreg\u00f3 a cientos de asistentes en el Parque Zool\u00f3gico Bicentenario Animaya, y el cual permiti\u00f3 agradecer a las familias por continuar con la tradici\u00f3n de compartir con sus hijas e hijos actividades de sano esparcimiento.<\/p>\n\n\n\n<figure class=\"wp-block-image size-large\"><img loading=\"lazy\" width=\"1024\" height=\"682\" src=\"https:\/\/visionpeninsular.com\/mid\/wp-content\/uploads\/2022\/05\/Ninos-3.jpg-1024x682.jpeg\" alt=\"\" class=\"wp-image-154372\" srcset=\"https:\/\/visionpeninsular.com\/mid\/wp-content\/uploads\/2022\/05\/Ninos-3.jpg-1024x682.jpeg 1024w, https:\/\/visionpeninsular.com\/mid\/wp-content\/uploads\/2022\/05\/Ninos-3.jpg-300x200.jpeg 300w, https:\/\/visionpeninsular.com\/mid\/wp-content\/uploads\/2022\/05\/Ninos-3.jpg-768x512.jpeg 768w, https:\/\/visionpeninsular.com\/mid\/wp-content\/uploads\/2022\/05\/Ninos-3.jpg-310x205.jpeg 310w, https:\/\/visionpeninsular.com\/mid\/wp-content\/uploads\/2022\/05\/Ninos-3.jpg.jpeg 1280w\" sizes=\"(max-width: 1024px) 100vw, 1024px\" \/><\/figure>\n\n\n\n<p>Cabe recordar que luego de dos a\u00f1os sin festejos del D\u00eda de la Ni\u00f1a y el Ni\u00f1o, debido a la pandemia, el Ayuntamiento de M\u00e9rida prepar\u00f3 este a\u00f1o una semana para celebrar a la ni\u00f1ez con eventos que se presentaron del 26 de abril al 1 de mayo y que incluyeron diversas sedes, como los zool\u00f3gicos del a ciudad, el Centro Cultural del Sur, el Parque de las Am\u00e9ricas, Paseo de Montejo, Parque de Deportes Extremos y el auditorio del Centro Cultural \u201cOlimpo\u201d, entre otras.<\/p>\n\n\n\n<figure class=\"wp-block-image size-large\"><img loading=\"lazy\" width=\"1024\" height=\"682\" src=\"https:\/\/visionpeninsular.com\/mid\/wp-content\/uploads\/2022\/05\/Ninos-4.jpg-1024x682.jpeg\" alt=\"\" class=\"wp-image-154373\" srcset=\"https:\/\/visionpeninsular.com\/mid\/wp-content\/uploads\/2022\/05\/Ninos-4.jpg-1024x682.jpeg 1024w, https:\/\/visionpeninsular.com\/mid\/wp-content\/uploads\/2022\/05\/Ninos-4.jpg-300x200.jpeg 300w, https:\/\/visionpeninsular.com\/mid\/wp-content\/uploads\/2022\/05\/Ninos-4.jpg-768x512.jpeg 768w, https:\/\/visionpeninsular.com\/mid\/wp-content\/uploads\/2022\/05\/Ninos-4.jpg-310x205.jpeg 310w, https:\/\/visionpeninsular.com\/mid\/wp-content\/uploads\/2022\/05\/Ninos-4.jpg.jpeg 1280w\" sizes=\"(max-width: 1024px) 100vw, 1024px\" \/><\/figure>\n\n\n\n<p>Para llevar al cabo esta semana de actividades, unieron esfuerzos distintas Direcciones del Ayuntamiento de M\u00e9rida, como, por ejemplo, las de Desarrollo Social, Salud, Bienestar Social, Servicios P\u00fablicos, DIF Municipal, y Cultura, por mencionar algunas.<\/p>\n\n\n\n<figure class=\"wp-block-image size-large\"><img loading=\"lazy\" width=\"1024\" height=\"682\" src=\"https:\/\/visionpeninsular.com\/mid\/wp-content\/uploads\/2022\/05\/Ninos-5.jpg-1024x682.jpeg\" alt=\"\" class=\"wp-image-154374\" srcset=\"https:\/\/visionpeninsular.com\/mid\/wp-content\/uploads\/2022\/05\/Ninos-5.jpg-1024x682.jpeg 1024w, https:\/\/visionpeninsular.com\/mid\/wp-content\/uploads\/2022\/05\/Ninos-5.jpg-300x200.jpeg 300w, https:\/\/visionpeninsular.com\/mid\/wp-content\/uploads\/2022\/05\/Ninos-5.jpg-768x512.jpeg 768w, https:\/\/visionpeninsular.com\/mid\/wp-content\/uploads\/2022\/05\/Ninos-5.jpg-310x205.jpeg 310w, https:\/\/visionpeninsular.com\/mid\/wp-content\/uploads\/2022\/05\/Ninos-5.jpg.jpeg 1280w\" sizes=\"(max-width: 1024px) 100vw, 1024px\" \/><\/figure>\n\n\n\n<p>Los festejos tambi\u00e9n llegaron a las ni\u00f1as y los ni\u00f1os de las colonias San Jos\u00e9 Tecoh, Roble Agr\u00edcola, San Antonio Xluch I y II, y San Arturo Xluch, as\u00ed como tambi\u00e9n, a los hijos de los elementos de la Polic\u00eda Municipal, que este a\u00f1o disfrutaron de un convivio.<\/p>\n\n\n\n<figure class=\"wp-block-image size-large\"><img loading=\"lazy\" width=\"1024\" height=\"682\" src=\"https:\/\/visionpeninsular.com\/mid\/wp-content\/uploads\/2022\/05\/Ninos-6.jpg-1024x682.jpeg\" alt=\"\" class=\"wp-image-154375\" srcset=\"https:\/\/visionpeninsular.com\/mid\/wp-content\/uploads\/2022\/05\/Ninos-6.jpg-1024x682.jpeg 1024w, https:\/\/visionpeninsular.com\/mid\/wp-content\/uploads\/2022\/05\/Ninos-6.jpg-300x200.jpeg 300w, https:\/\/visionpeninsular.com\/mid\/wp-content\/uploads\/2022\/05\/Ninos-6.jpg-768x512.jpeg 768w, https:\/\/visionpeninsular.com\/mid\/wp-content\/uploads\/2022\/05\/Ninos-6.jpg-310x205.jpeg 310w, https:\/\/visionpeninsular.com\/mid\/wp-content\/uploads\/2022\/05\/Ninos-6.jpg.jpeg 1280w\" sizes=\"(max-width: 1024px) 100vw, 1024px\" \/><\/figure>\n\n\n\n<p>Uno de los retos durante la celebraci\u00f3n de la semana de la ni\u00f1ez fue precisamente cuidar a las ni\u00f1as, los ni\u00f1os y sus familias que asistieron a los festejos preparados por el Ayuntamiento de M\u00e9rida, en los cuales estuvieron presentes los protocolos de salud as\u00ed como elementos de la Direcci\u00f3n de la Polic\u00eda Municipal de M\u00e9rida y la Secretar\u00eda de Seguridad P\u00fablica.<\/p>\n<div class='share-to-whatsapp-wrapper'><div class='share-on-whsp'>Share on: <\/div><a data-text='El Ayuntamiento de M\u00e9rida clausura la semana de la ni\u00f1ez con la obra \u201cMay\u00e1 y la Semilla de la Sabidur\u00eda\u201d' data-link='https:\/\/visionpeninsular.com\/mid\/el-ayuntamiento-de-merida-clausura-la-semana-de-la-ninez-con-la-obra-maya-y-la-semilla-de-la-sabiduria\/' class='whatsapp-button whatsapp-share'>WhatsApp<\/a><div class='clear '><\/div><\/div>","protected":false},"excerpt":{"rendered":"<p>Gran cierre de esta semana de festejos dedicados a las y los ni\u00f1os del Municipio en el Parque Zool\u00f3gico Bicentenario Animaya M\u00e9rida, Yucat\u00e1n a 1 de mayo de 2022.- Luego de una semana con festejos y diversi\u00f3n dedicados a las ni\u00f1as y los ni\u00f1os del Municipio, el Ayuntamiento de M\u00e9rida que encabeza el Alcalde Ren\u00e1n &hellip;<\/p>\n","protected":false},"author":5,"featured_media":154370,"comment_status":"open","ping_status":"open","sticky":false,"template":"","format":"standard","meta":{"_mi_skip_tracking":false},"categories":[49,37],"tags":[13587,14858,5338,15857],"_links":{"self":[{"href":"https:\/\/visionpeninsular.com\/mid\/wp-json\/wp\/v2\/posts\/154368"}],"collection":[{"href":"https:\/\/visionpeninsular.com\/mid\/wp-json\/wp\/v2\/posts"}],"about":[{"href":"https:\/\/visionpeninsular.com\/mid\/wp-json\/wp\/v2\/types\/post"}],"author":[{"embeddable":true,"href":"https:\/\/visionpeninsular.com\/mid\/wp-json\/wp\/v2\/users\/5"}],"replies":[{"embeddable":true,"href":"https:\/\/visionpeninsular.com\/mid\/wp-json\/wp\/v2\/comments?post=154368"}],"version-history":[{"count":1,"href":"https:\/\/visionpeninsular.com\/mid\/wp-json\/wp\/v2\/posts\/154368\/revisions"}],"predecessor-version":[{"id":154376,"href":"https:\/\/visionpeninsular.com\/mid\/wp-json\/wp\/v2\/posts\/154368\/revisions\/154376"}],"wp:featuredmedia":[{"embeddable":true,"href":"https:\/\/visionpeninsular.com\/mid\/wp-json\/wp\/v2\/media\/154370"}],"wp:attachment":[{"href":"https:\/\/visionpeninsular.com\/mid\/wp-json\/wp\/v2\/media?parent=154368"}],"wp:term":[{"taxonomy":"category","embeddable":true,"href":"https:\/\/visionpeninsular.com\/mid\/wp-json\/wp\/v2\/categories?post=154368"},{"taxonomy":"post_tag","embeddable":true,"href":"https:\/\/visionpeninsular.com\/mid\/wp-json\/wp\/v2\/tags?post=154368"}],"curies":[{"name":"wp","href":"https:\/\/api.w.org\/{rel}","templated":true}]}}