{"id":15429,"date":"2016-10-27T10:11:15","date_gmt":"2016-10-27T15:11:15","guid":{"rendered":"http:\/\/visionpeninsular.com\/mid\/?p=15429"},"modified":"2016-10-27T10:11:15","modified_gmt":"2016-10-27T15:11:15","slug":"puerto-morelos-va-tras-aliados-federales","status":"publish","type":"post","link":"https:\/\/visionpeninsular.com\/mid\/puerto-morelos-va-tras-aliados-federales\/","title":{"rendered":"Puerto Morelos va tras aliados Federales"},"content":{"rendered":"<p>La presidenta municipal Laura Fern\u00e1ndez Pi\u00f1a, quien fungi\u00f3 como anfitriona de la reuni\u00f3n de alcaldes con autoridades de la Secretar\u00eda de Desarrollo Social (Sedesol), destac\u00f3 que Puerto Morelos requiere de aliados federales, ya que por primera ocasi\u00f3n gestionar\u00e1 recursos de manera directa ante instancias del Gobierno de la Rep\u00fablica.<\/p>\n<p>En el evento, encabezado por el subsecretario de Desarrollo Social y Humano de la Sedesol, Eviel P\u00e9rez Maga\u00f1a, la mun\u00edcipe subray\u00f3 la coordinaci\u00f3n entre los tres \u00f3rdenes de gobierno, para construir una nueva realidad en Quintana Roo y en el municipio m\u00e1s joven de M\u00e9xico, en beneficio de las familias.<\/p>\n<p>\u201cEstamos muy motivados con su visita y listos para absorber toda la informaci\u00f3n que ustedes nos brindan, para trabajar de la mano con la Sedesol, a fin de llevar a buen puerto los programas sociales. Les solicitamos que nos ayuden a tener un buen comienzo, con el pie derecho\u201d, coment\u00f3.<\/p>\n<p>Laura Fern\u00e1ndez dijo que promover y garantizar el pleno ejercicio de los derechos sociales consagrados en diversos preceptos legales, es obligaci\u00f3n de las autoridades. \u201cA eso nos hemos avocado en Puerto Morelos desde el primer d\u00eda de nuestra gesti\u00f3n, de la mano de los gobiernos federal y estatal\u201d, agreg\u00f3.<\/p>\n<p>\u201cTenemos a la mano herramientas de pol\u00edtica p\u00fablica como los impuestos y transferencias que debemos usar de forma correcta y eficiente para disminuir la brecha entre los sectores con mayores y menores ingresos. Encabezar el primer ayuntamiento de Puerto Morelos nos llena de satisfacci\u00f3n, pero tambi\u00e9n de enormes responsabilidades que hemos asumido desde el primer d\u00eda de mandato\u201d, refiri\u00f3.<\/p>\n<p>Por su parte, Eviel P\u00e9rez Maga\u00f1a indic\u00f3 que la instrucci\u00f3n del titular de la Sedesol, Luis Enrique Miranda Nava, es construir una ruta, de acuerdo con los indicadores que tiene Quintana Roo y de las posibilidades de la Sedesol con sus programas sociales, trabajar con los municipios para atender necesidades prioritarias.<\/p>\n<p>\u201cEs un honor trabajar en el proyecto de inclusi\u00f3n que construye el presidente de la Rep\u00fablica, Enrique Pe\u00f1a Nieto, que tiene como objetivo atender las carencias que ustedes y todo el pa\u00eds tienen en materia de educaci\u00f3n, de salud, vivienda, alimentaci\u00f3n, seguridad social y de ingreso\u201d, indic\u00f3.<\/p>\n<p>En tanto, el subsecretario de Gobierno de la Zona Norte del Estado, Jes\u00fas Pool Moo, se\u00f1al\u00f3 que no es posible caminar solos en una administraci\u00f3n p\u00fablica, por lo que resalt\u00f3 la coordinaci\u00f3n entre municipios, Estado y Federaci\u00f3n, para atraer recursos por medio de programas sociales. <\/p>\n<p>Fuente: Ayuntamiento de Puerto Morelos<\/p>\n<div class='share-to-whatsapp-wrapper'><div class='share-on-whsp'>Share on: <\/div><a data-text='Puerto Morelos va tras aliados Federales' data-link='https:\/\/visionpeninsular.com\/mid\/puerto-morelos-va-tras-aliados-federales\/' class='whatsapp-button whatsapp-share'>WhatsApp<\/a><div class='clear '><\/div><\/div>","protected":false},"excerpt":{"rendered":"<p>La presidenta municipal Laura Fern\u00e1ndez Pi\u00f1a, quien fungi\u00f3 como anfitriona de la reuni\u00f3n de alcaldes con autoridades de la Secretar\u00eda de Desarrollo Social (Sedesol), destac\u00f3 que Puerto Morelos requiere de aliados federales, ya que por primera ocasi\u00f3n gestionar\u00e1 recursos de manera directa ante instancias del Gobierno de la Rep\u00fablica. En el evento, encabezado por el &hellip;<\/p>\n","protected":false},"author":1,"featured_media":15430,"comment_status":"open","ping_status":"open","sticky":false,"template":"","format":"standard","meta":{"_mi_skip_tracking":false},"categories":[48],"tags":[1168,1234],"_links":{"self":[{"href":"https:\/\/visionpeninsular.com\/mid\/wp-json\/wp\/v2\/posts\/15429"}],"collection":[{"href":"https:\/\/visionpeninsular.com\/mid\/wp-json\/wp\/v2\/posts"}],"about":[{"href":"https:\/\/visionpeninsular.com\/mid\/wp-json\/wp\/v2\/types\/post"}],"author":[{"embeddable":true,"href":"https:\/\/visionpeninsular.com\/mid\/wp-json\/wp\/v2\/users\/1"}],"replies":[{"embeddable":true,"href":"https:\/\/visionpeninsular.com\/mid\/wp-json\/wp\/v2\/comments?post=15429"}],"version-history":[{"count":1,"href":"https:\/\/visionpeninsular.com\/mid\/wp-json\/wp\/v2\/posts\/15429\/revisions"}],"predecessor-version":[{"id":15431,"href":"https:\/\/visionpeninsular.com\/mid\/wp-json\/wp\/v2\/posts\/15429\/revisions\/15431"}],"wp:featuredmedia":[{"embeddable":true,"href":"https:\/\/visionpeninsular.com\/mid\/wp-json\/wp\/v2\/media\/15430"}],"wp:attachment":[{"href":"https:\/\/visionpeninsular.com\/mid\/wp-json\/wp\/v2\/media?parent=15429"}],"wp:term":[{"taxonomy":"category","embeddable":true,"href":"https:\/\/visionpeninsular.com\/mid\/wp-json\/wp\/v2\/categories?post=15429"},{"taxonomy":"post_tag","embeddable":true,"href":"https:\/\/visionpeninsular.com\/mid\/wp-json\/wp\/v2\/tags?post=15429"}],"curies":[{"name":"wp","href":"https:\/\/api.w.org\/{rel}","templated":true}]}}