{"id":154265,"date":"2022-04-29T11:06:28","date_gmt":"2022-04-29T16:06:28","guid":{"rendered":"https:\/\/visionpeninsular.com\/mid\/?p=154265"},"modified":"2022-04-29T11:06:29","modified_gmt":"2022-04-29T16:06:29","slug":"yucatan-expone-lo-mejor-de-sus-productos-y-atractivos-para-atraer-mas-inversiones","status":"publish","type":"post","link":"https:\/\/visionpeninsular.com\/mid\/yucatan-expone-lo-mejor-de-sus-productos-y-atractivos-para-atraer-mas-inversiones\/","title":{"rendered":"\u201cYucat\u00e1n Expone\u201d lo mejor de sus productos y atractivos para atraer m\u00e1s inversiones"},"content":{"rendered":"\n<ul><li><strong><em>-El Gobernador Mauricio Vila Dosal inaugur\u00f3, en la Alcald\u00eda de Coyoac\u00e1n de la Ciudad de M\u00e9xico, la muestra itinerante busca promover la oferta tur\u00edstica, econ\u00f3mica, cultural y gastron\u00f3mica del estado, para atraer mayor inversi\u00f3n y turismo.<\/em><\/strong><\/li><li><strong><em>-El evento, que concluir\u00e1 el 1 de mayo, cuenta con la participaci\u00f3n de 41 expositores y una amplia oferta art\u00edstica y cultural.<\/em><\/strong><\/li><\/ul>\n\n\n\n<p>Ciudad de M\u00e9xico, 28 de abril de 2022.- Con una amplia oferta comercial, tur\u00edstica, cultural, gastron\u00f3mica y de entretenimiento, el Gobernador Mauricio Vila Dosal inaugur\u00f3 en la alcald\u00eda de Coyoac\u00e1n, de la Ciudad de M\u00e9xico, la estrategia &#8220;Yucat\u00e1n Expone&#8221;, principal escaparate que busca promover los productos y atractivos locales, para llegar a nuevos mercados y atraer mayor turismo que se traduzca en la generaci\u00f3n de m\u00e1s empleos para los yucatecos.<\/p>\n\n\n\n<figure class=\"wp-block-image size-full\"><img loading=\"lazy\" width=\"500\" height=\"333\" src=\"https:\/\/visionpeninsular.com\/mid\/wp-content\/uploads\/2022\/04\/expo-yuca-2.jpg\" alt=\"\" class=\"wp-image-154268\" srcset=\"https:\/\/visionpeninsular.com\/mid\/wp-content\/uploads\/2022\/04\/expo-yuca-2.jpg 500w, https:\/\/visionpeninsular.com\/mid\/wp-content\/uploads\/2022\/04\/expo-yuca-2-300x200.jpg 300w, https:\/\/visionpeninsular.com\/mid\/wp-content\/uploads\/2022\/04\/expo-yuca-2-310x205.jpg 310w\" sizes=\"(max-width: 500px) 100vw, 500px\" \/><\/figure>\n\n\n\n<p>Vila Dosal y el alcalde de Coyoac\u00e1n, Giovanny Guti\u00e9rrez Aguilar, pusieron en marcha la muestra que se realiza del 28 de abril al 1 de mayo, con la participaci\u00f3n de 41 expositores quienes estar\u00e1n ofertando diversos productos yucatecos como salsas, condimentos, productos textiles, calzado, reposter\u00eda, artesan\u00edas, licores, miel, botanas y frituras, hamacas, bolsas, joyer\u00eda, entre otros.<\/p>\n\n\n\n<p>En el Jard\u00edn Plaza Hidalgo donde se ubica la exposici\u00f3n, Guti\u00e9rrez Aguilar resalt\u00f3 que a trav\u00e9s de \u201cYucat\u00e1n Expone\u201d, se est\u00e1 creando sinergias en donde ganan todos, adem\u00e1s de impulsar la econom\u00eda de empresarios de ambas localidades, mediante el intercambio de experiencias y mejores pr\u00e1cticas para gobernar.<\/p>\n\n\n\n<figure class=\"wp-block-image size-full\"><img loading=\"lazy\" width=\"500\" height=\"333\" src=\"https:\/\/visionpeninsular.com\/mid\/wp-content\/uploads\/2022\/04\/expo-yuca-3.jpg\" alt=\"\" class=\"wp-image-154269\" srcset=\"https:\/\/visionpeninsular.com\/mid\/wp-content\/uploads\/2022\/04\/expo-yuca-3.jpg 500w, https:\/\/visionpeninsular.com\/mid\/wp-content\/uploads\/2022\/04\/expo-yuca-3-300x200.jpg 300w, https:\/\/visionpeninsular.com\/mid\/wp-content\/uploads\/2022\/04\/expo-yuca-3-310x205.jpg 310w\" sizes=\"(max-width: 500px) 100vw, 500px\" \/><\/figure>\n\n\n\n<p>\u201cReconozco el enfoque que el Gobernador ha dado a su gente, promoviendo su cultura y tradiciones, porque eso es lo que necesitamos en M\u00e9xico, necesitamos personas que nos vengan a decir como gobernar bien y con trasparencia como se hace en Yucat\u00e1n. Y en Coyoac\u00e1n eso es lo que estamos haciendo, trayendo ese ejemplo que nos da el Gobernador, estoy seguro que la relaci\u00f3n entre nosotros ser\u00e1 a largo plazo \u201c, enfatiz\u00f3 el alcalde.<\/p>\n\n\n\n<p>En ese sentido, el Gobernador resalt\u00f3 que, en Yucat\u00e1n, hemos decidido aprovechar toda la riqueza cultural, los atractivos, pero, sobre todo, el talento de nuestra gente, para continuar creciendo la econom\u00eda y el turismo que se traduce en la generaci\u00f3n de m\u00e1s empleos para las familias yucatecas.<\/p>\n\n\n\n<p>\u201cY ese es el objetivo de traer \u2018Yucat\u00e1n Expone\u2019, en nuestro estado hay muchas familias que viven del turismo y, evidentemente, cuando lleg\u00f3 la pandemia, much\u00edsima gente vio reducidos sus ingresos; entonces, hoy, tambi\u00e9n estamos viniendo aqu\u00ed, a invitarles a visitar Yucat\u00e1n\u201d, expres\u00f3.<\/p>\n\n\n\n<p>Tras disfrutar del espect\u00e1culo cultural a cargo de la Orquesta Jaranera del Mayab y el ballet Folkl\u00f3rico del Estado &#8220;Alfredo Cort\u00e9s Aguilar&#8221;, Vila Dosal hizo un llamado a los presentes a visitar Yucat\u00e1n y conocer la ciudad de M\u00e9rida, donde pueden encontrar iglesias, cultura, restaurantes, entretenimiento, adem\u00e1s de dos de las zonas arqueol\u00f3gicas m\u00e1s importantes del pa\u00eds, patrimonio de la humanidad: Chich\u00e9n Itz\u00e1 y Uxmal.<\/p>\n\n\n\n<figure class=\"wp-block-image size-full\"><img loading=\"lazy\" width=\"400\" height=\"266\" src=\"https:\/\/visionpeninsular.com\/mid\/wp-content\/uploads\/2022\/04\/expo-yuca-4.jpg\" alt=\"\" class=\"wp-image-154270\" srcset=\"https:\/\/visionpeninsular.com\/mid\/wp-content\/uploads\/2022\/04\/expo-yuca-4.jpg 400w, https:\/\/visionpeninsular.com\/mid\/wp-content\/uploads\/2022\/04\/expo-yuca-4-300x200.jpg 300w, https:\/\/visionpeninsular.com\/mid\/wp-content\/uploads\/2022\/04\/expo-yuca-4-310x205.jpg 310w\" sizes=\"(max-width: 400px) 100vw, 400px\" \/><\/figure>\n\n\n\n<p>\u201cPodr\u00e1n visitar algunos de nuestros 387 kil\u00f3metros de playas hermosas, muy agradables y que est\u00e1n listas para poder recibirles, con todos los certificados de limpieza, y si eso no fuera suficiente, pueden visitar alguno de nuestros m\u00e1s de 300 cenotes, que tenemos habilitados para uso tur\u00edstico, algunas de nuestras 100 haciendas y nuestra Reserva Natural de Celest\u00fan, donde se encuentra la anidaci\u00f3n de flamencos, que vienen de Norteam\u00e9rica\u201d, coment\u00f3.<\/p>\n\n\n\n<p>Ante los alcaldes de \u00c1lvaro Obreg\u00f3n y Magdalena Contreras, L\u00eda Lim\u00f3n y Luis Quijano Morales, respectivamente, el Gobernador adelant\u00f3 que a finales del mes de mayo la gastronom\u00eda, cultura, artesan\u00edas, postres y dem\u00e1s maravillas de Yucat\u00e1n ser\u00e1n expuestas en la alcald\u00eda Magdalena Contreras.<\/p>\n\n\n\n<p>Posteriormente, Vila Dosal recorri\u00f3 el pabell\u00f3n de la muestra donde constat\u00f3 el entusiasmo de los visitantes, que desde las 10 de la ma\u00f1ana se dieron cita en los stands para adquirir guayaberas, miel, artesan\u00edas, zapatos, bolsos, hamacas, as\u00ed como degustar platillos t\u00edpicos de la regi\u00f3n como las marquesitas, papadzules, panuchos, salbutes, relleno negro, queso de bola, cochinita pibil entre otros.<\/p>\n\n\n\n<p>Las ediciones de esta feria comercial donde participar\u00e1n m\u00e1s de 700 micro, peque\u00f1as y medianas negocios de todo el estado, tendr\u00e1n una duraci\u00f3n de 10 o 4 d\u00edas cada una y salvo el primer evento que contar\u00e1 con 41 stands, los espacios de &#8220;Yucat\u00e1n Expone&#8221; en sus diversas sedes tendr\u00e1n una disposici\u00f3n mayor a los 80 puntos de exposici\u00f3n cada uno.<\/p>\n\n\n\n<p>El pabell\u00f3n de \u201cYucat\u00e1n Expone\u201d estar\u00e1 abierta hasta el domingo 1 de mayo de 10 de la ma\u00f1ana a 9 de la noche. Adem\u00e1s, exponentes de la cultura yucateca, como la Orquesta Jaranera del Mayab y el Ballet Folcl\u00f3rico de Yucat\u00e1n, tendr\u00e1n funciones de jueves a domingo, 2 veces al d\u00eda, a las 12:00 del d\u00eda y a las 7:00 de la noche.<\/p>\n\n\n\n<p>Es as\u00ed como, los productos yucatecos, los atractivos locales, la cultura y gastronom\u00eda de Yucat\u00e1n estar\u00e1 recorriendo el pa\u00eds, iniciando en Coyoac\u00e1n y, de acuerdo con lo proyectado para este 2022, continuar\u00e1 en otras alcald\u00edas de la capital del pa\u00eds, como Magdalena Contreras; as\u00ed como en los estados de Jalisco, Chihuahua, Quer\u00e9taro y Durango.<\/p>\n\n\n\n<p>\u201cYucat\u00e1n Expone\u201d tiene sus precedentes en la Semana de Yucat\u00e1n en M\u00e9xico, escaparate que se realiz\u00f3 hasta 2019 y ten\u00eda como \u00fanica sede la capital del pa\u00eds, pero ahora con la novedad de que se podr\u00e1 promocionar a la entidad a trav\u00e9s de 7 ediciones en alcald\u00edas de la Ciudad de M\u00e9xico y otros estados del pa\u00eds.<\/p>\n\n\n\n<p>Estas sedes se realizar\u00e1n en su mayor\u00eda de veces en espacios p\u00fablicos que se estar\u00e1n gestionando en sinergia con sus respectivas autoridades, por lo que todas y cada una tendr\u00e1n no tendr\u00e1n costo alguno para el estado.<\/p>\n\n\n\n<p>En su turno, el titular de la Secretar\u00eda de Fomento Econ\u00f3mico y del Trabajo (Sefoet) Ernesto Herrera Novelo record\u00f3 que la convocatoria para participar en Yucat\u00e1n Expone se realiz\u00f3 en los peri\u00f3dicos de mayor circulaci\u00f3n del estado, para que artesanos y pymes tuvieran la oportunidad de participar.<\/p>\n\n\n\n<p>\u201cPara darle la oportunidad a la mayor cantidad de empresas yucatecas que puedan ofertar sus productos en el mercado nacional m\u00e1s grande, que es la Ciudad de M\u00e9xico, decidimos visitar diferentes alcald\u00edas y estados del pa\u00eds. Los que no pudieron venir ac\u00e1, tendr\u00e1n la oportunidad de ir a otras ediciones\u201d, precis\u00f3 el funcionario.<\/p>\n\n\n\n<p>Herrera Novelo agreg\u00f3 que en esta edici\u00f3n se espera la afluencia de m\u00e1s de mil personas, que adem\u00e1s de incentivar el comercio, permitir\u00e1n un importante intercambio tur\u00edstico.<\/p>\n<div class='share-to-whatsapp-wrapper'><div class='share-on-whsp'>Share on: <\/div><a data-text='\u201cYucat\u00e1n Expone\u201d lo mejor de sus productos y atractivos para atraer m\u00e1s inversiones' data-link='https:\/\/visionpeninsular.com\/mid\/yucatan-expone-lo-mejor-de-sus-productos-y-atractivos-para-atraer-mas-inversiones\/' class='whatsapp-button whatsapp-share'>WhatsApp<\/a><div class='clear '><\/div><\/div>","protected":false},"excerpt":{"rendered":"<p>-El Gobernador Mauricio Vila Dosal inaugur\u00f3, en la Alcald\u00eda de Coyoac\u00e1n de la Ciudad de M\u00e9xico, la muestra itinerante busca promover la oferta tur\u00edstica, econ\u00f3mica, cultural y gastron\u00f3mica del estado, para atraer mayor inversi\u00f3n y turismo.-El evento, que concluir\u00e1 el 1 de mayo, cuenta con la participaci\u00f3n de 41 expositores y una amplia oferta art\u00edstica &hellip;<\/p>\n","protected":false},"author":5,"featured_media":154267,"comment_status":"open","ping_status":"open","sticky":false,"template":"","format":"standard","meta":{"_mi_skip_tracking":false},"categories":[49,37],"tags":[185,31197,3861,31121],"_links":{"self":[{"href":"https:\/\/visionpeninsular.com\/mid\/wp-json\/wp\/v2\/posts\/154265"}],"collection":[{"href":"https:\/\/visionpeninsular.com\/mid\/wp-json\/wp\/v2\/posts"}],"about":[{"href":"https:\/\/visionpeninsular.com\/mid\/wp-json\/wp\/v2\/types\/post"}],"author":[{"embeddable":true,"href":"https:\/\/visionpeninsular.com\/mid\/wp-json\/wp\/v2\/users\/5"}],"replies":[{"embeddable":true,"href":"https:\/\/visionpeninsular.com\/mid\/wp-json\/wp\/v2\/comments?post=154265"}],"version-history":[{"count":1,"href":"https:\/\/visionpeninsular.com\/mid\/wp-json\/wp\/v2\/posts\/154265\/revisions"}],"predecessor-version":[{"id":154271,"href":"https:\/\/visionpeninsular.com\/mid\/wp-json\/wp\/v2\/posts\/154265\/revisions\/154271"}],"wp:featuredmedia":[{"embeddable":true,"href":"https:\/\/visionpeninsular.com\/mid\/wp-json\/wp\/v2\/media\/154267"}],"wp:attachment":[{"href":"https:\/\/visionpeninsular.com\/mid\/wp-json\/wp\/v2\/media?parent=154265"}],"wp:term":[{"taxonomy":"category","embeddable":true,"href":"https:\/\/visionpeninsular.com\/mid\/wp-json\/wp\/v2\/categories?post=154265"},{"taxonomy":"post_tag","embeddable":true,"href":"https:\/\/visionpeninsular.com\/mid\/wp-json\/wp\/v2\/tags?post=154265"}],"curies":[{"name":"wp","href":"https:\/\/api.w.org\/{rel}","templated":true}]}}