{"id":154110,"date":"2022-04-26T11:24:58","date_gmt":"2022-04-26T16:24:58","guid":{"rendered":"https:\/\/visionpeninsular.com\/mid\/?p=154110"},"modified":"2022-04-26T11:25:17","modified_gmt":"2022-04-26T16:25:17","slug":"impulsa-mauricio-vila-dosal-el-arte-y-la-cultura-en-los-106-municipios-del-estado","status":"publish","type":"post","link":"https:\/\/visionpeninsular.com\/mid\/impulsa-mauricio-vila-dosal-el-arte-y-la-cultura-en-los-106-municipios-del-estado\/","title":{"rendered":"Impulsa Mauricio Vila Dosal el arte y la cultura en los 106 municipios del estado"},"content":{"rendered":"\n<ul><li><strong><em>Vila Dosal y alcaldes de los 106 municipios firmaron un convenio para formalizar el programa Cultura para Todos<\/em><\/strong><\/li><li><strong><em>A trav\u00e9s de este esquema, se dotar\u00e1 de mobiliario e instrumentos musicales a todas las Casas de la Cultura del estado, para impulsar nuevos talentos<\/em><\/strong>.<\/li><\/ul>\n\n\n\n<p>M\u00e9rida, Yucat\u00e1n, 25 de abril de 2022.- Para acercar la cultura y las artes a cada rinc\u00f3n de Yucat\u00e1n, el Gobernador Mauricio Vila Dosal y los 106 alcaldes del estado firmaron un convenio de colaboraci\u00f3n para la reactivaci\u00f3n e impulso de las casas y espacios culturales en todo el territorio, a trav\u00e9s del programa Cultura para todos 2022, que permitir\u00e1 llevar actividades culturales a ni\u00f1as, ni\u00f1os y j\u00f3venes, alej\u00e1ndolos de los malos h\u00e1bitos y desarrollando sus talentos en las artes.<\/p>\n\n\n\n<p>&nbsp;Como parte de esta estrategia, Vila Dosal tambi\u00e9n entreg\u00f3 mobiliario, equipo e instrumentos musicales a las casas de la cultura y espacios de este tipo de los municipios, con el fin de realizar actividades de sensibilizaci\u00f3n art\u00edstica para conservar el clima de paz y seguridad del estado.<\/p>\n\n\n\n<figure class=\"wp-block-image size-full\"><img loading=\"lazy\" width=\"500\" height=\"323\" src=\"https:\/\/visionpeninsular.com\/mid\/wp-content\/uploads\/2022\/04\/arte-2.jpg\" alt=\"\" class=\"wp-image-154113\" srcset=\"https:\/\/visionpeninsular.com\/mid\/wp-content\/uploads\/2022\/04\/arte-2.jpg 500w, https:\/\/visionpeninsular.com\/mid\/wp-content\/uploads\/2022\/04\/arte-2-300x194.jpg 300w\" sizes=\"(max-width: 500px) 100vw, 500px\" \/><\/figure>\n\n\n\n<p>\u201cYucat\u00e1n es el estado m\u00e1s seguro de todo el pa\u00eds y queremos seguir si\u00e9ndolo y el tema de seguridad no solamente pasa por polic\u00edas, por patrullas, por armamento, por capacitaci\u00f3n, por c\u00e1maras; tambi\u00e9n, pasa por tener un tejido social fuerte, y poder tener una sociedad unidad y entretenida\u201d, resalt\u00f3 ante diputados, directores de la casa de la cultura y secretarios de los ayuntamientos.<\/p>\n\n\n\n<p>A nombre de los presidentes municipales, la alcaldesa de Tinum, Alicia Aurora G\u00f3ngora Mej\u00eda, reconoci\u00f3 la visi\u00f3n municipalista que caracteriza al Gobierno de Vila Dosal y reiter\u00f3 el compromiso de todos los alcaldes de contribuir a la construcci\u00f3n de esta nueva era de la cultura y el arte, como un prop\u00f3sito social y comunitario.<\/p>\n\n\n\n<p>\u201cA lo largo de su administraci\u00f3n ha logrado que el deporte y la cultura lleguen a cada rinc\u00f3n del estado, que los programas y acciones de las dependencias encargadas sean quienes se acerquen a todos los municipios, para que todos podamos acceder a estos derechos\u201d, enfatiz\u00f3.<\/p>\n\n\n\n<figure class=\"wp-block-image size-full\"><img loading=\"lazy\" width=\"500\" height=\"333\" src=\"https:\/\/visionpeninsular.com\/mid\/wp-content\/uploads\/2022\/04\/arte-3.jpg\" alt=\"\" class=\"wp-image-154114\" srcset=\"https:\/\/visionpeninsular.com\/mid\/wp-content\/uploads\/2022\/04\/arte-3.jpg 500w, https:\/\/visionpeninsular.com\/mid\/wp-content\/uploads\/2022\/04\/arte-3-300x200.jpg 300w, https:\/\/visionpeninsular.com\/mid\/wp-content\/uploads\/2022\/04\/arte-3-310x205.jpg 310w\" sizes=\"(max-width: 500px) 100vw, 500px\" \/><\/figure>\n\n\n\n<p>Ante la titular de la Secretar\u00eda de la Cultura y las Artes (Sedeculta), Loreto Villanueva Trujillo, el Gobernador reiter\u00f3 la importancia de que, en todos los municipios, este sector se reactive al 100%, para que ni\u00f1as, ni\u00f1os y j\u00f3venes puedan desarrollar sus talentos.<\/p>\n\n\n\n<p>&#8220;Yo me comprometo a que vayamos viendo c\u00f3mo van funcionando las Casas de la Cultura y lo que voy a estar haciendo, con unos ahorros que ya tengo programados, es que las Casas de la Cultura que s\u00ed est\u00e9n trabajando bien, que s\u00ed est\u00e9n cumpliendo y que s\u00ed est\u00e9n funcionando, les vamos a ir dando otros instrumentos musicales y podemos ver en qu\u00e9 m\u00e1s les apoyamos&#8221;, afirm\u00f3.<\/p>\n\n\n\n<p>Al mencionar que, en cada Ayuntamiento, Casa o espacio cultural, el Gobierno del Estado pagar\u00e1 a un promotor cultural, Vila Dosal se dijo convencido de que, cuando trabajamos en equipo, podemos dar mejores resultados, como en esta ocasi\u00f3n, en que se est\u00e1 dando un nuevo impulso a estas actividades.<\/p>\n\n\n\n<p>Junto con esta figura, que se puede sumar a los que ya tengan en sus municipios para ayudar a fomentar todas las actividades o capacitaciones, se les entregar\u00e1 pantallas de 50 pulgadas, para que, a trav\u00e9s de la Sedeculta, se genere una serie de programas, sesiones y talleres para los usuarios, agreg\u00f3.<\/p>\n\n\n\n<p>En su turno, Villanueva Trujillo destac\u00f3 que esta firma hist\u00f3rica permitir\u00e1 descubrir e impulsar el talento en cada municipio. &#8220;Habilitar, construir o destinar un espacio para una Casa de la Cultura es una de las decisiones m\u00e1s acertadas que podemos tomar; todas y todos los aqu\u00ed presentes estamos convencidos de que la cultura y el arte son elementos que nos ayudan a tener un mejor desarrollo&#8221;, mencion\u00f3.<\/p>\n\n\n\n<p>Record\u00f3 que tambi\u00e9n se entreg\u00f3 guitarras para conservar la m\u00fasica tradicional, considerada patrimonio intangible, e invit\u00f3 a seguir trabajando de la mano, para trazar estrategias que nos permitan vivir en una sociedad m\u00e1s solidaria y pac\u00edfica, con mayor igualdad y equidad.<\/p>\n\n\n\n<p>Para esta ocasi\u00f3n, con una inversi\u00f3n estatal superior a los 7 millones de pesos, se otorg\u00f3 945 sillas, 366 guitarras y 105 televisiones; cada demarcaci\u00f3n recibir\u00e1 9, 3 y 1, respectivamente, junto con 1 mesa triple, para crear un aula virtual y fomentar la pr\u00e1ctica de la m\u00fasica en general o m\u00e1s tradiciones yucatecas.<\/p>\n\n\n\n<figure class=\"wp-block-image size-full\"><img loading=\"lazy\" width=\"500\" height=\"333\" src=\"https:\/\/visionpeninsular.com\/mid\/wp-content\/uploads\/2022\/04\/arte-4.jpg\" alt=\"\" class=\"wp-image-154115\" srcset=\"https:\/\/visionpeninsular.com\/mid\/wp-content\/uploads\/2022\/04\/arte-4.jpg 500w, https:\/\/visionpeninsular.com\/mid\/wp-content\/uploads\/2022\/04\/arte-4-300x200.jpg 300w, https:\/\/visionpeninsular.com\/mid\/wp-content\/uploads\/2022\/04\/arte-4-310x205.jpg 310w\" sizes=\"(max-width: 500px) 100vw, 500px\" \/><\/figure>\n\n\n\n<p>Otro aspecto fundamental del programa es propiciar intercambios entre agentes de los 105 municipios y los espacios de la Sedeculta en M\u00e9rida, para lo cual se contempla cursos de capacitaci\u00f3n para las y los directores municipales de Cultura, el proyecto de aulas virtuales y el de Trova para Todas y Todos.<\/p>\n\n\n\n<p>La dependencia contrata a un promotor\/tallerista (PT) en cada municipio, con el fin de que imparta un taller de su especialidad, semanalmente, y promueva diversas actividades. Un factor clave es privilegiar a PT residentes o con alg\u00fan v\u00ednculo, personal o profesional, con la comunidad donde labora, con el fin de fortalecer las capacidades locales.<\/p>\n\n\n\n<p>Asimismo, los conciertos en el marco de la estrategia tienen los objetivos de incitar a la ni\u00f1ez y juventud a participar en la vida cultural; fomentar agendas clave, como tradiciones, lengua maya o derechos de la infancia y las mujeres, y promover nuevos talentos que practiquen distintos g\u00e9neros musicales (cl\u00e1sica, prehisp\u00e1nica, rock, rap, banda, trova, etc\u00e9tera).<\/p>\n\n\n\n<p>Por otra parte, el Gobernador recod\u00f3 que Yucat\u00e1n ha llevado su cultura a lo largo y ancho del mundo y del pa\u00eds; por ejemplo, en la Feria Nacional de San Marcos, la m\u00e1s importante de todo M\u00e9xico, donde se llev\u00f3 a emprendedores de 27 municipios y 40 artistas, entre los que destacan la Orquesta Jaranera, Los Trovadores de Yucat\u00e1n, el Ballet Folkl\u00f3rico del Estado y la comedia regional.<\/p>\n\n\n\n<p>Vila Dosal adelant\u00f3 que, esta semana, se empezar\u00e1 con el programa Yucat\u00e1n Expone, en Coyoac\u00e1n, Ciudad de M\u00e9xico; la estrategia es similar a la Semana de Yucat\u00e1n en M\u00e9xico, pero m\u00f3vil, pues la idea es llevarla a diferentes puntos del territorio nacional.<\/p>\n\n\n\n<p>\u201cAqu\u00ed, vamos a estar llevando 41 emprendedores y artesanos; seguramente, hay muchos de sus municipios. Si alguien tiene productores, artesanos, que est\u00e9n bien organizados, que sea producto que se pueda vender a nivel nacional, que se acerquen con el Instituto del Emprendedor, porque vamos a estar haciendo muchas ferias, vamos a estar yendo a muchos lugares de la Rep\u00fablica\u201d, puntualiz\u00f3.<\/p>\n<div class='share-to-whatsapp-wrapper'><div class='share-on-whsp'>Share on: <\/div><a data-text='Impulsa Mauricio Vila Dosal el arte y la cultura en los 106 municipios del estado' data-link='https:\/\/visionpeninsular.com\/mid\/impulsa-mauricio-vila-dosal-el-arte-y-la-cultura-en-los-106-municipios-del-estado\/' class='whatsapp-button whatsapp-share'>WhatsApp<\/a><div class='clear '><\/div><\/div>","protected":false},"excerpt":{"rendered":"<p>Vila Dosal y alcaldes de los 106 municipios firmaron un convenio para formalizar el programa Cultura para TodosA trav\u00e9s de este esquema, se dotar\u00e1 de mobiliario e instrumentos musicales a todas las Casas de la Cultura del estado, para impulsar nuevos talentos. M\u00e9rida, Yucat\u00e1n, 25 de abril de 2022.- Para acercar la cultura y las &hellip;<\/p>\n","protected":false},"author":5,"featured_media":154112,"comment_status":"open","ping_status":"open","sticky":false,"template":"","format":"standard","meta":{"_mi_skip_tracking":false},"categories":[49,37],"tags":[31122,185,3861,31121],"_links":{"self":[{"href":"https:\/\/visionpeninsular.com\/mid\/wp-json\/wp\/v2\/posts\/154110"}],"collection":[{"href":"https:\/\/visionpeninsular.com\/mid\/wp-json\/wp\/v2\/posts"}],"about":[{"href":"https:\/\/visionpeninsular.com\/mid\/wp-json\/wp\/v2\/types\/post"}],"author":[{"embeddable":true,"href":"https:\/\/visionpeninsular.com\/mid\/wp-json\/wp\/v2\/users\/5"}],"replies":[{"embeddable":true,"href":"https:\/\/visionpeninsular.com\/mid\/wp-json\/wp\/v2\/comments?post=154110"}],"version-history":[{"count":1,"href":"https:\/\/visionpeninsular.com\/mid\/wp-json\/wp\/v2\/posts\/154110\/revisions"}],"predecessor-version":[{"id":154116,"href":"https:\/\/visionpeninsular.com\/mid\/wp-json\/wp\/v2\/posts\/154110\/revisions\/154116"}],"wp:featuredmedia":[{"embeddable":true,"href":"https:\/\/visionpeninsular.com\/mid\/wp-json\/wp\/v2\/media\/154112"}],"wp:attachment":[{"href":"https:\/\/visionpeninsular.com\/mid\/wp-json\/wp\/v2\/media?parent=154110"}],"wp:term":[{"taxonomy":"category","embeddable":true,"href":"https:\/\/visionpeninsular.com\/mid\/wp-json\/wp\/v2\/categories?post=154110"},{"taxonomy":"post_tag","embeddable":true,"href":"https:\/\/visionpeninsular.com\/mid\/wp-json\/wp\/v2\/tags?post=154110"}],"curies":[{"name":"wp","href":"https:\/\/api.w.org\/{rel}","templated":true}]}}