{"id":154086,"date":"2022-04-26T10:22:53","date_gmt":"2022-04-26T15:22:53","guid":{"rendered":"https:\/\/visionpeninsular.com\/mid\/?p=154086"},"modified":"2022-04-26T10:23:04","modified_gmt":"2022-04-26T15:23:04","slug":"fuerte-apoyo-de-mauricio-vila-para-impulsar-al-campo-en-tizimin","status":"publish","type":"post","link":"https:\/\/visionpeninsular.com\/mid\/fuerte-apoyo-de-mauricio-vila-para-impulsar-al-campo-en-tizimin\/","title":{"rendered":"Fuerte apoyo de Mauricio Vila  para impulsar al campo en Tizim\u00edn"},"content":{"rendered":"\n<ul><li><strong><em>Al visitar esta demarcaci\u00f3n, donde pasar\u00e1 esta noche para, ma\u00f1ana, realizar una gira de trabajo por el oriente del estado, continu\u00f3 con la entrega de apoyos para respaldar y hacer crecer las actividades agr\u00edcola, ap\u00edcola y ganadera.<\/em><\/strong><\/li><li><strong><em>En ese marco, distribuy\u00f3 plantas de pl\u00e1tano, apoyos del Programa de Mejoramiento Gen\u00e9tico, alimento para ganado durante la temporada de seca, cajas de abejas y herramientas para fortalecer el trabajo.<\/em><\/strong><\/li><\/ul>\n\n\n\n<p>Tizim\u00edn, Yucat\u00e1n, 25 de abril de 2022.- Hombres y mujeres de Tizim\u00edn, que dependen del campo, podr\u00e1n impulsar su producci\u00f3n y la econom\u00eda de sus familias, luego de que el Gobernador Mauricio Vila Dosal estuvo en este este municipio, entregando apoyos para respaldar y hacer crecer las actividades agr\u00edcola, ap\u00edcola y ganadera.<\/p>\n\n\n\n<p>Durante una visita a esta demarcaci\u00f3n, donde dormir\u00e1 esta noche para, ma\u00f1ana, realizar una gira por el oriente de la entidad, entreg\u00f3 plantas de pl\u00e1tano, apoyos del Programa Mejoramiento Gen\u00e9tico, alimento para ganado durante la temporada de seca, cajas de abejas y herramientas para fortalecer el trabajo.<\/p>\n\n\n\n<figure class=\"wp-block-image size-full\"><img loading=\"lazy\" width=\"500\" height=\"316\" src=\"https:\/\/visionpeninsular.com\/mid\/wp-content\/uploads\/2022\/04\/tizi-2.jpg\" alt=\"\" class=\"wp-image-154089\" srcset=\"https:\/\/visionpeninsular.com\/mid\/wp-content\/uploads\/2022\/04\/tizi-2.jpg 500w, https:\/\/visionpeninsular.com\/mid\/wp-content\/uploads\/2022\/04\/tizi-2-300x190.jpg 300w\" sizes=\"(max-width: 500px) 100vw, 500px\" \/><\/figure>\n\n\n\n<p>Siguiendo con este importante apoyo, Vila Dosal entreg\u00f3 4 b\u00e1sculas a la Unidad Ganadera Local, de las cuales, 1 ser\u00e1 para la agrupaci\u00f3n de Colonia Yucat\u00e1n. De igual manera, la Uni\u00f3n Regional del Oriente de Yucat\u00e1n (Ugroy) recibi\u00f3 un manipulador telesc\u00f3pico, para la movilizaci\u00f3n de pelotas de silo.<\/p>\n\n\n\n<figure class=\"wp-block-image size-full\"><img loading=\"lazy\" width=\"500\" height=\"333\" src=\"https:\/\/visionpeninsular.com\/mid\/wp-content\/uploads\/2022\/04\/tizi-3.jpg\" alt=\"\" class=\"wp-image-154090\" srcset=\"https:\/\/visionpeninsular.com\/mid\/wp-content\/uploads\/2022\/04\/tizi-3.jpg 500w, https:\/\/visionpeninsular.com\/mid\/wp-content\/uploads\/2022\/04\/tizi-3-300x200.jpg 300w, https:\/\/visionpeninsular.com\/mid\/wp-content\/uploads\/2022\/04\/tizi-3-310x205.jpg 310w\" sizes=\"(max-width: 500px) 100vw, 500px\" \/><\/figure>\n\n\n\n<p>Adem\u00e1s del fuerte respaldo demostrado a quienes se dedican al campo, el Gobernador distribuy\u00f3 certificados del programa Vivienda Social y maquinaria, que consisti\u00f3 en 3 tractores agr\u00edcolas, equipados con 3 rastras y 2 desvaradoras, al Ayuntamiento local, para apoyar a productores en la mecanizaci\u00f3n de tierras y la intervenci\u00f3n de hasta 1 hect\u00e1rea por beneficiario, quien s\u00f3lo aportar\u00eda 500 pesos.<\/p>\n\n\n\n<p>Tambi\u00e9n, llam\u00f3 a la ciudadan\u00eda a mantenerse unida y fuerte para afrontar los retos venideros, como se hizo durante la pandemia y los fen\u00f3menos naturales. &#8220;Tenemos que seguir trabajando juntos para seguir haciendo de Yucat\u00e1n el mejor lugar para vivir y seguir transform\u00e1ndolo para bien de las familias\u201d, a\u00f1adi\u00f3.<\/p>\n\n\n\n<figure class=\"wp-block-image size-full\"><img loading=\"lazy\" width=\"500\" height=\"352\" src=\"https:\/\/visionpeninsular.com\/mid\/wp-content\/uploads\/2022\/04\/tizi-4.jpg\" alt=\"\" class=\"wp-image-154091\" srcset=\"https:\/\/visionpeninsular.com\/mid\/wp-content\/uploads\/2022\/04\/tizi-4.jpg 500w, https:\/\/visionpeninsular.com\/mid\/wp-content\/uploads\/2022\/04\/tizi-4-300x211.jpg 300w\" sizes=\"(max-width: 500px) 100vw, 500px\" \/><\/figure>\n\n\n\n<p>Acompa\u00f1ado del alcalde anfitri\u00f3n, Pedro Francisco Couoh Suaste, y del diputado local y presidente de la Ugroy, Esteban Abraham Macari, Vila Dosal asever\u00f3 que su Gobierno continuar\u00e1 respaldando, al m\u00e1ximo de sus capacidades, tanto al campo como a las mujeres y los hombres trabajadores.<\/p>\n\n\n\n<p>En su turno, el alcalde destac\u00f3 a Vila Dosal como gran amigo de los hombres y las mujeres del campo, pues siempre les ha respaldado: &#8220;Tener en el Gobierno a un amigo que entiende y valora el trabajo que hacemos en Tizim\u00edn, es fundamental para el crecimiento de nuestro municipio, porque vemos en el Gobernador a un hombre que escucha y entiende, y se interesa por ayudar a salir adelante de los retos&#8221;.<\/p>\n\n\n\n<figure class=\"wp-block-image size-full\"><img loading=\"lazy\" width=\"500\" height=\"333\" src=\"https:\/\/visionpeninsular.com\/mid\/wp-content\/uploads\/2022\/04\/tizi-5.jpg\" alt=\"\" class=\"wp-image-154092\" srcset=\"https:\/\/visionpeninsular.com\/mid\/wp-content\/uploads\/2022\/04\/tizi-5.jpg 500w, https:\/\/visionpeninsular.com\/mid\/wp-content\/uploads\/2022\/04\/tizi-5-300x200.jpg 300w, https:\/\/visionpeninsular.com\/mid\/wp-content\/uploads\/2022\/04\/tizi-5-310x205.jpg 310w\" sizes=\"(max-width: 500px) 100vw, 500px\" \/><\/figure>\n\n\n\n<p>Resalt\u00f3, adem\u00e1s, que la demarcaci\u00f3n a su cargo seguir\u00e1 avanzando en conjunto y coordinaci\u00f3n con el Estado. &#8220;Vamos a persistir en la encomienda de trabajar unidos, porque vienen cosas buenas para Tizim\u00edn y Yucat\u00e1n&#8221;, expres\u00f3.<\/p>\n\n\n\n<p>Por su parte, el titular de la Secretar\u00eda de Desarrollo Rural (Seder), Jorge D\u00edaz Loeza, afirm\u00f3 que este municipio es de gran importancia para la actividad agropecuaria de la entidad, por lo que, desde el inicio de su administraci\u00f3n, Vila Dosal dio instrucciones precisas para promover el desarrollo del ramo y generar m\u00e1s empleos, para apoyar a quienes m\u00e1s lo necesitan, y realmente trabajen y se esfuercen.<\/p>\n\n\n\n<p>Como parte de las entregas de esta noche, el Gobernador distribuy\u00f3 plantas de pl\u00e1tano de variedad mejorada, ideales para obtener frutos de alta calidad; esto brinda a las y los beneficiarios la oportunidad de tener una gran producci\u00f3n, e incluso, exportarla a pa\u00edses como China, en favor de su econom\u00eda. Se otorgar\u00e1, en total, 10,000 ejemplares para cultivo de traspatio o huerta, en beneficio de 3,000 familias; espec\u00edficamente, en esta localidad, se llev\u00f3 1,000.<\/p>\n\n\n\n<p>Sobre las ventajas del esquema Mejoramiento Gen\u00e9tico Ganadero, se se\u00f1al\u00f3 que permite a productores adquirir sementales de alto registro, que fortalezcan la productividad, fertilidad y calidad de sus animales. Este a\u00f1o, se eroga m\u00e1s de 12 millones de pesos, en favor de 527 personas, para repartir 580 ejemplares bovinos y 96 ovinos; esta ocasi\u00f3n, se ejerci\u00f3 20,000 para las compras de 180 beneficiarios tizimile\u00f1os.<\/p>\n\n\n\n<figure class=\"wp-block-image size-full\"><img loading=\"lazy\" width=\"500\" height=\"333\" src=\"https:\/\/visionpeninsular.com\/mid\/wp-content\/uploads\/2022\/04\/tizi-6.jpg\" alt=\"\" class=\"wp-image-154093\" srcset=\"https:\/\/visionpeninsular.com\/mid\/wp-content\/uploads\/2022\/04\/tizi-6.jpg 500w, https:\/\/visionpeninsular.com\/mid\/wp-content\/uploads\/2022\/04\/tizi-6-300x200.jpg 300w, https:\/\/visionpeninsular.com\/mid\/wp-content\/uploads\/2022\/04\/tizi-6-310x205.jpg 310w\" sizes=\"(max-width: 500px) 100vw, 500px\" \/><\/figure>\n\n\n\n<p>Por otra parte, a trav\u00e9s del plan Apoyo para la Adquisici\u00f3n de Equipo Ap\u00edcola, Vila Dosal continu\u00f3 con la distribuci\u00f3n de un total de 25,000 cajas de abejas completas, para incrementar la infraestructura productiva, en beneficio de 5,000 hombres y mujeres que se dedican a esta labor.<\/p>\n\n\n\n<p>Lo anterior consiste en 2 tipos de paquete, uno con 5 cajas de madera y otro de 10, a trav\u00e9s de la inversi\u00f3n de 11 millones de pesos, con lo cual se podr\u00eda incrementar hasta a 750 toneladas el volumen de producci\u00f3n estatal al a\u00f1o. Manos yucatecas fabrican los contenedores, en talleres locales, con lo que se est\u00e1 generando fuentes de empleo e impulsando la recuperaci\u00f3n econ\u00f3mica de varios municipios.<\/p>\n\n\n\n<p>Mediante Apoyo a Ganaderos por Temporada de Seca, Vila Dosal tambi\u00e9n est\u00e1 entregando, a tiempo, arriba de 1,760 toneladas de alimento balanceado, en favor de 6,345 productores de 58 asociaciones, mediante la movilizaci\u00f3n de 20 millones de pesos, en su etapa inicial, durante el periodo de estiaje, con tal de evitar p\u00e9rdidas. En esta demarcaci\u00f3n, se otorg\u00f3 80 toneladas de este insumo y 120 silos de ma\u00edz.<\/p>\n\n\n\n<p>Sobre el programa Vivienda Social, el titular de la Secretar\u00eda de Desarrollo Social (Sedesol), Roger Torres Peniche, especific\u00f3 que, en coordinaci\u00f3n con este Ayuntamiento, se entreg\u00f3 600 certificados para ba\u00f1os, cocinas y cuartos con medidas ampliadas. Tan s\u00f3lo en Tizim\u00edn, se ha ejecutado 1,673 acciones.<\/p>\n\n\n\n<p>Momentos despu\u00e9s, el Gobernador presenci\u00f3, junto con las familias locales, la colorida vaquer\u00eda, con presentaciones a cargo de Ballet Folcl\u00f3rico Juvenil del Gobierno del Estado y la Orquesta de V\u00edctor Soberanis.<\/p>\n<div class='share-to-whatsapp-wrapper'><div class='share-on-whsp'>Share on: <\/div><a data-text='Fuerte apoyo de Mauricio Vila  para impulsar al campo en Tizim\u00edn' data-link='https:\/\/visionpeninsular.com\/mid\/fuerte-apoyo-de-mauricio-vila-para-impulsar-al-campo-en-tizimin\/' class='whatsapp-button whatsapp-share'>WhatsApp<\/a><div class='clear '><\/div><\/div>","protected":false},"excerpt":{"rendered":"<p>Al visitar esta demarcaci\u00f3n, donde pasar\u00e1 esta noche para, ma\u00f1ana, realizar una gira de trabajo por el oriente del estado, continu\u00f3 con la entrega de apoyos para respaldar y hacer crecer las actividades agr\u00edcola, ap\u00edcola y ganadera.En ese marco, distribuy\u00f3 plantas de pl\u00e1tano, apoyos del Programa de Mejoramiento Gen\u00e9tico, alimento para ganado durante la temporada &hellip;<\/p>\n","protected":false},"author":5,"featured_media":154088,"comment_status":"open","ping_status":"open","sticky":false,"template":"","format":"standard","meta":{"_mi_skip_tracking":false},"categories":[49,37],"tags":[31116,185,3861,526],"_links":{"self":[{"href":"https:\/\/visionpeninsular.com\/mid\/wp-json\/wp\/v2\/posts\/154086"}],"collection":[{"href":"https:\/\/visionpeninsular.com\/mid\/wp-json\/wp\/v2\/posts"}],"about":[{"href":"https:\/\/visionpeninsular.com\/mid\/wp-json\/wp\/v2\/types\/post"}],"author":[{"embeddable":true,"href":"https:\/\/visionpeninsular.com\/mid\/wp-json\/wp\/v2\/users\/5"}],"replies":[{"embeddable":true,"href":"https:\/\/visionpeninsular.com\/mid\/wp-json\/wp\/v2\/comments?post=154086"}],"version-history":[{"count":1,"href":"https:\/\/visionpeninsular.com\/mid\/wp-json\/wp\/v2\/posts\/154086\/revisions"}],"predecessor-version":[{"id":154094,"href":"https:\/\/visionpeninsular.com\/mid\/wp-json\/wp\/v2\/posts\/154086\/revisions\/154094"}],"wp:featuredmedia":[{"embeddable":true,"href":"https:\/\/visionpeninsular.com\/mid\/wp-json\/wp\/v2\/media\/154088"}],"wp:attachment":[{"href":"https:\/\/visionpeninsular.com\/mid\/wp-json\/wp\/v2\/media?parent=154086"}],"wp:term":[{"taxonomy":"category","embeddable":true,"href":"https:\/\/visionpeninsular.com\/mid\/wp-json\/wp\/v2\/categories?post=154086"},{"taxonomy":"post_tag","embeddable":true,"href":"https:\/\/visionpeninsular.com\/mid\/wp-json\/wp\/v2\/tags?post=154086"}],"curies":[{"name":"wp","href":"https:\/\/api.w.org\/{rel}","templated":true}]}}