{"id":15378,"date":"2016-10-26T18:31:13","date_gmt":"2016-10-26T23:31:13","guid":{"rendered":"http:\/\/visionpeninsular.com\/mid\/?p=15378"},"modified":"2016-10-26T18:31:13","modified_gmt":"2016-10-26T23:31:13","slug":"sin-derecho-a-libertad-provisional-robo-mustang","status":"publish","type":"post","link":"https:\/\/visionpeninsular.com\/mid\/sin-derecho-a-libertad-provisional-robo-mustang\/","title":{"rendered":"Sin derecho a libertad provisional por el robo de un Mustang"},"content":{"rendered":"<p>Acusado de participar en el robo de un autom\u00f3vil Ford Mustang, Gustavo A.S.A. fue detenido por agentes de la Secretar\u00eda de Seguridad P\u00fablica  y ser\u00e1 puesto a disposici\u00f3n de un juzgado  de control en las pr\u00f3ximas horas por el delito de robo con violencia.  Por este il\u00edcito, el acusado no tiene derecho a obtener su libertad provisional, por lo que enfrentar\u00eda el proceso preso en el Centro de Reinserci\u00f3n Social del Estado.<\/p>\n<p>La denuncia fue interpuesta por Jair I.P.G. en contra de quien resulte responsable del robo de su autom\u00f3vil, el domingo 23 pasado en el Perif\u00e9rico de M\u00e9rida, cerca del paso a desnivel de la carretera a Campeche, y fue recuperado por agentes de la SSP en la salida De M\u00e9rida, v\u00eda Maxcan\u00fa, poco despu\u00e9s de ser robado con violencia en el Anillo Perif\u00e9rico.<\/p>\n<p>Los hombres abandonaron el auto al ver a los polic\u00edas   y se internaron en el monte, donde uno de ellos fue detenido y dijo que es originario de Chiapas y que pretend\u00edan huir hacia Campeche.Luego de apoderarse del veh\u00edculo huyeron hacia la carretera que conduce al vecino estado, y se inici\u00f3 una persecuci\u00f3n.<\/p>\n<p>Los hombres no respetaron un ret\u00e9n policial y siguieron su loca carrera, pero a la altura de Maxcan\u00fa bajaron del veh\u00edculo para internarse en el monte. La persecuci\u00f3n sigui\u00f3 a pie hasta lograr la captura de uno de los acusados.<\/p>\n<div class='share-to-whatsapp-wrapper'><div class='share-on-whsp'>Share on: <\/div><a data-text='Sin derecho a libertad provisional por el robo de un Mustang' data-link='https:\/\/visionpeninsular.com\/mid\/sin-derecho-a-libertad-provisional-robo-mustang\/' class='whatsapp-button whatsapp-share'>WhatsApp<\/a><div class='clear '><\/div><\/div>","protected":false},"excerpt":{"rendered":"<p>Acusado de participar en el robo de un autom\u00f3vil Ford Mustang, Gustavo A.S.A. fue detenido por agentes de la Secretar\u00eda de Seguridad P\u00fablica y ser\u00e1 puesto a disposici\u00f3n de un juzgado de control en las pr\u00f3ximas horas por el delito de robo con violencia. Por este il\u00edcito, el acusado no tiene derecho a obtener su &hellip;<\/p>\n","protected":false},"author":5,"featured_media":15379,"comment_status":"open","ping_status":"open","sticky":false,"template":"","format":"standard","meta":{"_mi_skip_tracking":false},"categories":[50],"tags":[3425,3426,752],"_links":{"self":[{"href":"https:\/\/visionpeninsular.com\/mid\/wp-json\/wp\/v2\/posts\/15378"}],"collection":[{"href":"https:\/\/visionpeninsular.com\/mid\/wp-json\/wp\/v2\/posts"}],"about":[{"href":"https:\/\/visionpeninsular.com\/mid\/wp-json\/wp\/v2\/types\/post"}],"author":[{"embeddable":true,"href":"https:\/\/visionpeninsular.com\/mid\/wp-json\/wp\/v2\/users\/5"}],"replies":[{"embeddable":true,"href":"https:\/\/visionpeninsular.com\/mid\/wp-json\/wp\/v2\/comments?post=15378"}],"version-history":[{"count":1,"href":"https:\/\/visionpeninsular.com\/mid\/wp-json\/wp\/v2\/posts\/15378\/revisions"}],"predecessor-version":[{"id":15380,"href":"https:\/\/visionpeninsular.com\/mid\/wp-json\/wp\/v2\/posts\/15378\/revisions\/15380"}],"wp:featuredmedia":[{"embeddable":true,"href":"https:\/\/visionpeninsular.com\/mid\/wp-json\/wp\/v2\/media\/15379"}],"wp:attachment":[{"href":"https:\/\/visionpeninsular.com\/mid\/wp-json\/wp\/v2\/media?parent=15378"}],"wp:term":[{"taxonomy":"category","embeddable":true,"href":"https:\/\/visionpeninsular.com\/mid\/wp-json\/wp\/v2\/categories?post=15378"},{"taxonomy":"post_tag","embeddable":true,"href":"https:\/\/visionpeninsular.com\/mid\/wp-json\/wp\/v2\/tags?post=15378"}],"curies":[{"name":"wp","href":"https:\/\/api.w.org\/{rel}","templated":true}]}}