{"id":153683,"date":"2022-04-17T09:00:00","date_gmt":"2022-04-17T14:00:00","guid":{"rendered":"https:\/\/visionpeninsular.com\/mid\/?p=153683"},"modified":"2022-04-16T22:28:01","modified_gmt":"2022-04-17T03:28:01","slug":"quiero-que-el-feminicida-este-en-la-carcel-familia-de-maria-may","status":"publish","type":"post","link":"https:\/\/visionpeninsular.com\/mid\/quiero-que-el-feminicida-este-en-la-carcel-familia-de-maria-may\/","title":{"rendered":"\u201cQuiero que el feminicida est\u00e9 en la c\u00e1rcel\u201d: familia de Mar\u00eda May"},"content":{"rendered":"\n<h4>\u2022 A un a\u00f1o del feminicidio, el presunto asesino Jos\u00e9 Can Canch\u00e9 contin\u00faa en libertad. La familia pide que pague la condena en la c\u00e1rcel y no en un hospital psiqui\u00e1trico<\/h4>\n\n\n\n<p>M\u00e9rida, Yucat\u00e1n, a 17 de abril de 2022.\u2013 Un a\u00f1o despu\u00e9s del feminicidio de&nbsp; Mar\u00eda May, familiares, amigas y feministas protestaron la tarde de ayer s\u00e1bado a las puertas del Palacio de Gobierno para exigirle a las autoridades justicia para la joven y las dem\u00e1s v\u00edctimas que han quedado en el olvido.<\/p>\n\n\n\n<p>Tambi\u00e9n pidieron que Jos\u00e9 Can Canch\u00e9, la \u00faltima persona que convivi\u00f3 con la hoy occisa y por tanto principal sospechoso del feminicidio. \u00abHasta ahorita, \u00e9l sigue libre. Hay muchas pruebas que lo condenan, pero la Fiscal\u00eda (General del Estado) dice que no son suficientes. Prefieren ver m\u00e1s sangre o una prueba m\u00e1s contundente para que lo arresten\u00bb, se\u00f1al\u00f3 Edith, hermana de Mar\u00eda, quien relat\u00f3 el periplo y sufrimiento que han vivido.<\/p>\n\n\n\n<p>Con la voz entrecortada por las l\u00e1grimas, Edith describi\u00f3 que la pesadilla comenz\u00f3 un 8 de abril de 2021, cuando su hermana desapareci\u00f3 luego de terminar su turno en una gasolinera y cuyo cad\u00e1ver fue hallado un 16 de abril en el parque La Joya del fraccionamiento. \u00abFue Jos\u00e9 Can Canch\u00e9, la \u00faltima persona que se la llev\u00f3\u00bb, expres\u00f3.<\/p>\n\n\n\n<p>\u00abJos\u00e9 Can Canch\u00e9 est\u00e1 libre, quiere que est\u00e9 tras rejas no en un hospital psiqui\u00e1trico por la locura que tiene. Quiero que est\u00e9 en la c\u00e1rcel pagando una condena\u00bb, coment\u00f3 Edith, quien mencion\u00f3 que el presunto feminicida desde hace 12 a\u00f1os recibi\u00f3 tratamiento m\u00e9dico por parte de un psiquiatra.<\/p>\n\n\n\n<p>Por cierto, los mismos medicamentos que Can Canch\u00e9 ingiri\u00f3 para tratar su enfermedad, fueron hallados en los restos de Mar\u00eda May, por lo que la familia descart\u00f3 que haya sido un suicidio como les inform\u00f3 la Fiscal\u00eda. &nbsp;<\/p>\n\n\n\n<p>Mar\u00eda May, de 20 a\u00f1os, era estudiante de Derecho y laboraba en una gasolinera para poder pagar sus estudios. Desapareci\u00f3 el pasado 8 de abril de 2021 y una semana despu\u00e9s hallaron su cuerpo en una bolsa negra en completo estado de descomposici\u00f3n.<\/p>\n\n\n\n<p>Los participantes en la conmemoraci\u00f3n de la joven colocaron un altar en la puerta del Palacio de Gobierno, para luego hacer la protesta y gritar consignas de que \u201cM\u00e9rida no es blanca, es feminicida\u201d, \u201cJusticia para Mar\u00eda\u201d, entre otras. El acto llam\u00f3 la atenci\u00f3n de algunos turistas.<\/p>\n\n\n\n<figure class=\"wp-block-image size-large\"><img loading=\"lazy\" width=\"1024\" height=\"1024\" src=\"https:\/\/visionpeninsular.com\/mid\/wp-content\/uploads\/2022\/04\/WhatsApp-Image-2022-04-16-at-9.14.33-PM-1024x1024.jpeg\" alt=\"\" class=\"wp-image-153685\" srcset=\"https:\/\/visionpeninsular.com\/mid\/wp-content\/uploads\/2022\/04\/WhatsApp-Image-2022-04-16-at-9.14.33-PM-1024x1024.jpeg 1024w, https:\/\/visionpeninsular.com\/mid\/wp-content\/uploads\/2022\/04\/WhatsApp-Image-2022-04-16-at-9.14.33-PM-300x300.jpeg 300w, https:\/\/visionpeninsular.com\/mid\/wp-content\/uploads\/2022\/04\/WhatsApp-Image-2022-04-16-at-9.14.33-PM-150x150.jpeg 150w, https:\/\/visionpeninsular.com\/mid\/wp-content\/uploads\/2022\/04\/WhatsApp-Image-2022-04-16-at-9.14.33-PM-768x768.jpeg 768w, https:\/\/visionpeninsular.com\/mid\/wp-content\/uploads\/2022\/04\/WhatsApp-Image-2022-04-16-at-9.14.33-PM.jpeg 1280w\" sizes=\"(max-width: 1024px) 100vw, 1024px\" \/><\/figure>\n<div class='share-to-whatsapp-wrapper'><div class='share-on-whsp'>Share on: <\/div><a data-text='\u201cQuiero que el feminicida est\u00e9 en la c\u00e1rcel\u201d: familia de Mar\u00eda May' data-link='https:\/\/visionpeninsular.com\/mid\/quiero-que-el-feminicida-este-en-la-carcel-familia-de-maria-may\/' class='whatsapp-button whatsapp-share'>WhatsApp<\/a><div class='clear '><\/div><\/div>","protected":false},"excerpt":{"rendered":"<p>\u2022 A un a\u00f1o del feminicidio, el presunto asesino Jos\u00e9 Can Canch\u00e9 contin\u00faa en libertad. La familia pide que pague la condena en la c\u00e1rcel y no en un hospital psiqui\u00e1trico M\u00e9rida, Yucat\u00e1n, a 17 de abril de 2022.\u2013 Un a\u00f1o despu\u00e9s del feminicidio de&nbsp; Mar\u00eda May, familiares, amigas y feministas protestaron la tarde de &hellip;<\/p>\n","protected":false},"author":11,"featured_media":153685,"comment_status":"open","ping_status":"open","sticky":false,"template":"","format":"standard","meta":{"_mi_skip_tracking":false},"categories":[49],"tags":[190,12859,30983,13607,30985,227],"_links":{"self":[{"href":"https:\/\/visionpeninsular.com\/mid\/wp-json\/wp\/v2\/posts\/153683"}],"collection":[{"href":"https:\/\/visionpeninsular.com\/mid\/wp-json\/wp\/v2\/posts"}],"about":[{"href":"https:\/\/visionpeninsular.com\/mid\/wp-json\/wp\/v2\/types\/post"}],"author":[{"embeddable":true,"href":"https:\/\/visionpeninsular.com\/mid\/wp-json\/wp\/v2\/users\/11"}],"replies":[{"embeddable":true,"href":"https:\/\/visionpeninsular.com\/mid\/wp-json\/wp\/v2\/comments?post=153683"}],"version-history":[{"count":3,"href":"https:\/\/visionpeninsular.com\/mid\/wp-json\/wp\/v2\/posts\/153683\/revisions"}],"predecessor-version":[{"id":153688,"href":"https:\/\/visionpeninsular.com\/mid\/wp-json\/wp\/v2\/posts\/153683\/revisions\/153688"}],"wp:featuredmedia":[{"embeddable":true,"href":"https:\/\/visionpeninsular.com\/mid\/wp-json\/wp\/v2\/media\/153685"}],"wp:attachment":[{"href":"https:\/\/visionpeninsular.com\/mid\/wp-json\/wp\/v2\/media?parent=153683"}],"wp:term":[{"taxonomy":"category","embeddable":true,"href":"https:\/\/visionpeninsular.com\/mid\/wp-json\/wp\/v2\/categories?post=153683"},{"taxonomy":"post_tag","embeddable":true,"href":"https:\/\/visionpeninsular.com\/mid\/wp-json\/wp\/v2\/tags?post=153683"}],"curies":[{"name":"wp","href":"https:\/\/api.w.org\/{rel}","templated":true}]}}