{"id":153552,"date":"2022-04-13T20:33:04","date_gmt":"2022-04-14T01:33:04","guid":{"rendered":"https:\/\/visionpeninsular.com\/mid\/?p=153552"},"modified":"2022-04-13T20:33:06","modified_gmt":"2022-04-14T01:33:06","slug":"autonomia-y-desarrollo-pleno-para-las-personas-con-discapacidad","status":"publish","type":"post","link":"https:\/\/visionpeninsular.com\/mid\/autonomia-y-desarrollo-pleno-para-las-personas-con-discapacidad\/","title":{"rendered":"Autonom\u00eda  y desarrollo pleno para las personas con discapacidad"},"content":{"rendered":"\n<h4 class=\"has-text-align-center\"><strong>\u2022Ante el Cabildo se present\u00f3 la iniciativa de reforma al Reglamento para el Reconocimiento de los Derechos de las Persobas con Discapacidad en el Municipio de M\u00e9rida. La propuesta incluye inclusi\u00f3n laboral, construcci\u00f3n de pol\u00edticas p\u00fablicas eficaces y ajustes a los edificios de las dependencias<\/strong> <\/h4>\n\n\n\n<p>M\u00e9rida, Yucat\u00e1n, a 13 de abril de 2022.\u2013  Con el prop\u00f3sito de dejar el enfoque asistencialista en la atenci\u00f3n a las personas con discapacidad y avanzar en un modelo que promueva la autonom\u00eda y el pleno desarrollo de este sector de la poblaci\u00f3n, el regidor panista  Rafael Rodr\u00edguez M\u00e9ndez present\u00f3 una iniciativa de reforma al Reglamento para el Reconocimiento de los Derechos de las Personas con Discapacidad en el Municipio de M\u00e9rida. <\/p>\n\n\n\n<p>En asuntos generales de la sesi\u00f3n de Cabildo, el edil expuso que, de aprobarse la reforma, la normatividad tendr\u00eda por nombre  Reglamento para la Inclusi\u00f3n de las Personas con Discapacidad en el Municipio de M\u00e9rida. <\/p>\n\n\n\n<p>La iniciativa propone que el 5% de las plazas laborales en el Ayuntamiento de M\u00e9rida sean destinadas a las personas con discapacidad, as\u00ed como el otorgamiento de incentivos fiscales a empresas que contraten a personas con discapacidad y les garanticen un entorno laboral de pleno respeto a los derechos humanos.<\/p>\n\n\n\n<p>La Comuna se compromete a brindar capacitaci\u00f3n y asesor\u00eda a las empresas y se llevar\u00e1 un seguimiento puntual mediante un comit\u00e9 evaluador formado por el DIF Municipal y representantes de asociaciones civiles que trabajan por la inclusi\u00f3n de las personas con discapacidad.<\/p>\n\n\n\n<p>Tambi\u00e9n se propone la elaboraci\u00f3n de censos y estad\u00edsticas que permitan construir pol\u00edticas p\u00fablicas eficaces que atiendan las necesidades de personas con discapacidad.<\/p>\n\n\n\n<p>\u00abLas acciones y medidas que realice est\u00e9 ayuntamiento ser\u00e1 contemplado una perspectiva de discapacidad, observando los obst\u00e1culos que viven las personas en esta condici\u00f3n\u00bb, se\u00f1al\u00f3. Las personas con discapacidad se involucrar\u00e1n en el dise\u00f1o y seguimiento de las pol\u00edticas p\u00fablicas, a\u00f1adi\u00f3.<\/p>\n\n\n\n<p>Con respecto a la infraestructura, se considera la construcci\u00f3n de edificios accesibles para todas las personas y, en el caso de los ya existentes, cuenten con los ajustes.<\/p>\n\n\n\n<p>La iniciativa cont\u00f3 con el reconocimiento de la edil priista Ana Gabriela Aguilar Ruiz, quien record\u00f3 que la propuesta fortalecer\u00e1 el reglamento para la protecci\u00f3n de los Derechos Humanos que tiene un cap\u00edtulo para las personas con discapacidad.<\/p>\n\n\n\n<div class=\"wp-block-image\"><figure class=\"aligncenter size-large\"><img loading=\"lazy\" width=\"1024\" height=\"1024\" src=\"https:\/\/visionpeninsular.com\/mid\/wp-content\/uploads\/2022\/04\/WhatsApp-Image-2022-04-13-at-8.17.38-PM-1024x1024.jpeg\" alt=\"\" class=\"wp-image-153554\" srcset=\"https:\/\/visionpeninsular.com\/mid\/wp-content\/uploads\/2022\/04\/WhatsApp-Image-2022-04-13-at-8.17.38-PM-1024x1024.jpeg 1024w, https:\/\/visionpeninsular.com\/mid\/wp-content\/uploads\/2022\/04\/WhatsApp-Image-2022-04-13-at-8.17.38-PM-300x300.jpeg 300w, https:\/\/visionpeninsular.com\/mid\/wp-content\/uploads\/2022\/04\/WhatsApp-Image-2022-04-13-at-8.17.38-PM-150x150.jpeg 150w, https:\/\/visionpeninsular.com\/mid\/wp-content\/uploads\/2022\/04\/WhatsApp-Image-2022-04-13-at-8.17.38-PM-768x768.jpeg 768w, https:\/\/visionpeninsular.com\/mid\/wp-content\/uploads\/2022\/04\/WhatsApp-Image-2022-04-13-at-8.17.38-PM-1536x1536.jpeg 1536w, https:\/\/visionpeninsular.com\/mid\/wp-content\/uploads\/2022\/04\/WhatsApp-Image-2022-04-13-at-8.17.38-PM.jpeg 1599w\" sizes=\"(max-width: 1024px) 100vw, 1024px\" \/><figcaption> El regidor panista Rafael Rodr\u00edguez M\u00e9ndez (derecho) present\u00f3 ante el Cabildo de M\u00e9rida una iniciativa para reformar el  Reglamento para el Reconocimiento de los Derechos de las Personas con Discapacidad (CR\u00c9DITO DE LAS IM\u00c1GENES: Cortes\u00eda)<\/figcaption><\/figure><\/div>\n\n\n\n<p><\/p>\n<div class='share-to-whatsapp-wrapper'><div class='share-on-whsp'>Share on: <\/div><a data-text='Autonom\u00eda  y desarrollo pleno para las personas con discapacidad' data-link='https:\/\/visionpeninsular.com\/mid\/autonomia-y-desarrollo-pleno-para-las-personas-con-discapacidad\/' class='whatsapp-button whatsapp-share'>WhatsApp<\/a><div class='clear '><\/div><\/div>","protected":false},"excerpt":{"rendered":"<p>\u2022Ante el Cabildo se present\u00f3 la iniciativa de reforma al Reglamento para el Reconocimiento de los Derechos de las Persobas con Discapacidad en el Municipio de M\u00e9rida. La propuesta incluye inclusi\u00f3n laboral, construcci\u00f3n de pol\u00edticas p\u00fablicas eficaces y ajustes a los edificios de las dependencias M\u00e9rida, Yucat\u00e1n, a 13 de abril de 2022.\u2013 Con el &hellip;<\/p>\n","protected":false},"author":11,"featured_media":153554,"comment_status":"open","ping_status":"open","sticky":false,"template":"","format":"standard","meta":{"_mi_skip_tracking":false},"categories":[49],"tags":[928,13607,1285,30941,227],"_links":{"self":[{"href":"https:\/\/visionpeninsular.com\/mid\/wp-json\/wp\/v2\/posts\/153552"}],"collection":[{"href":"https:\/\/visionpeninsular.com\/mid\/wp-json\/wp\/v2\/posts"}],"about":[{"href":"https:\/\/visionpeninsular.com\/mid\/wp-json\/wp\/v2\/types\/post"}],"author":[{"embeddable":true,"href":"https:\/\/visionpeninsular.com\/mid\/wp-json\/wp\/v2\/users\/11"}],"replies":[{"embeddable":true,"href":"https:\/\/visionpeninsular.com\/mid\/wp-json\/wp\/v2\/comments?post=153552"}],"version-history":[{"count":1,"href":"https:\/\/visionpeninsular.com\/mid\/wp-json\/wp\/v2\/posts\/153552\/revisions"}],"predecessor-version":[{"id":153555,"href":"https:\/\/visionpeninsular.com\/mid\/wp-json\/wp\/v2\/posts\/153552\/revisions\/153555"}],"wp:featuredmedia":[{"embeddable":true,"href":"https:\/\/visionpeninsular.com\/mid\/wp-json\/wp\/v2\/media\/153554"}],"wp:attachment":[{"href":"https:\/\/visionpeninsular.com\/mid\/wp-json\/wp\/v2\/media?parent=153552"}],"wp:term":[{"taxonomy":"category","embeddable":true,"href":"https:\/\/visionpeninsular.com\/mid\/wp-json\/wp\/v2\/categories?post=153552"},{"taxonomy":"post_tag","embeddable":true,"href":"https:\/\/visionpeninsular.com\/mid\/wp-json\/wp\/v2\/tags?post=153552"}],"curies":[{"name":"wp","href":"https:\/\/api.w.org\/{rel}","templated":true}]}}