{"id":15318,"date":"2016-10-26T05:51:07","date_gmt":"2016-10-26T10:51:07","guid":{"rendered":"http:\/\/visionpeninsular.com\/mid\/?p=15318"},"modified":"2016-10-26T05:51:28","modified_gmt":"2016-10-26T10:51:28","slug":"sedeco-reporta-nueva-inversion-privada-carmen","status":"publish","type":"post","link":"https:\/\/visionpeninsular.com\/mid\/sedeco-reporta-nueva-inversion-privada-carmen\/","title":{"rendered":"SEDECO reporta nueva inversi\u00f3n privada para El Carmen"},"content":{"rendered":"<p>Con una inversi\u00f3n de 10 millones de pesos y la generaci\u00f3n 114 nuevos empleos directos, la empresa Avanx, perteneciente al Grupo Plenum, iniciar\u00e1 operaciones en el municipio de Carmen.<\/p>\n<p>As\u00ed lo dieron a conocer en conferencia de prensa el titular de la Secretar\u00eda de Desarrollo Econ\u00f3mico (SEDECO), Jos\u00e9 Berzunza Esp\u00ednola, y el Director de Gesti\u00f3n de Recursos Financieros de Grupo Plenum, Rudy Alejandro Prado Lima.<\/p>\n<p>Acompa\u00f1ados por el subsecretario de Fomento al Empleo de la Secretar\u00eda de Trabajo y Previsi\u00f3n Social del Estado de Campeche (STPSCAM), Jaime Olivera Novelo; detallaron los perfiles a contratar.<\/p>\n<p>Grupo Plenum es un conglomerado de empresas mexicanas especializadas en desarrollo de tecnolog\u00eda basada en conocimiento.<\/p>\n<p>Les compartimos los puestos y perfiles solicitados:<\/p>\n<p><a href=\"http:\/\/visionpeninsular.com\/mid\/wp-content\/uploads\/2016\/10\/puestos1j.jpg\"><img loading=\"lazy\" src=\"http:\/\/visionpeninsular.com\/mid\/wp-content\/uploads\/2016\/10\/puestos1j-236x300.jpg\" alt=\"puestos1j\" width=\"236\" height=\"300\" class=\"alignnone size-medium wp-image-15320\" srcset=\"https:\/\/visionpeninsular.com\/mid\/wp-content\/uploads\/2016\/10\/puestos1j-236x300.jpg 236w, https:\/\/visionpeninsular.com\/mid\/wp-content\/uploads\/2016\/10\/puestos1j.jpg 533w\" sizes=\"(max-width: 236px) 100vw, 236px\" \/><\/a><\/p>\n<p>Bolet\u00edn<\/p>\n<div class='share-to-whatsapp-wrapper'><div class='share-on-whsp'>Share on: <\/div><a data-text='SEDECO reporta nueva inversi\u00f3n privada para El Carmen' data-link='https:\/\/visionpeninsular.com\/mid\/sedeco-reporta-nueva-inversion-privada-carmen\/' class='whatsapp-button whatsapp-share'>WhatsApp<\/a><div class='clear '><\/div><\/div>","protected":false},"excerpt":{"rendered":"<p>Con una inversi\u00f3n de 10 millones de pesos y la generaci\u00f3n 114 nuevos empleos directos, la empresa Avanx, perteneciente al Grupo Plenum, iniciar\u00e1 operaciones en el municipio de Carmen. As\u00ed lo dieron a conocer en conferencia de prensa el titular de la Secretar\u00eda de Desarrollo Econ\u00f3mico (SEDECO), Jos\u00e9 Berzunza Esp\u00ednola, y el Director de Gesti\u00f3n &hellip;<\/p>\n","protected":false},"author":1,"featured_media":15319,"comment_status":"open","ping_status":"open","sticky":false,"template":"","format":"standard","meta":{"_mi_skip_tracking":false},"categories":[46],"tags":[3410,3409,3408,1956],"_links":{"self":[{"href":"https:\/\/visionpeninsular.com\/mid\/wp-json\/wp\/v2\/posts\/15318"}],"collection":[{"href":"https:\/\/visionpeninsular.com\/mid\/wp-json\/wp\/v2\/posts"}],"about":[{"href":"https:\/\/visionpeninsular.com\/mid\/wp-json\/wp\/v2\/types\/post"}],"author":[{"embeddable":true,"href":"https:\/\/visionpeninsular.com\/mid\/wp-json\/wp\/v2\/users\/1"}],"replies":[{"embeddable":true,"href":"https:\/\/visionpeninsular.com\/mid\/wp-json\/wp\/v2\/comments?post=15318"}],"version-history":[{"count":2,"href":"https:\/\/visionpeninsular.com\/mid\/wp-json\/wp\/v2\/posts\/15318\/revisions"}],"predecessor-version":[{"id":15322,"href":"https:\/\/visionpeninsular.com\/mid\/wp-json\/wp\/v2\/posts\/15318\/revisions\/15322"}],"wp:featuredmedia":[{"embeddable":true,"href":"https:\/\/visionpeninsular.com\/mid\/wp-json\/wp\/v2\/media\/15319"}],"wp:attachment":[{"href":"https:\/\/visionpeninsular.com\/mid\/wp-json\/wp\/v2\/media?parent=15318"}],"wp:term":[{"taxonomy":"category","embeddable":true,"href":"https:\/\/visionpeninsular.com\/mid\/wp-json\/wp\/v2\/categories?post=15318"},{"taxonomy":"post_tag","embeddable":true,"href":"https:\/\/visionpeninsular.com\/mid\/wp-json\/wp\/v2\/tags?post=15318"}],"curies":[{"name":"wp","href":"https:\/\/api.w.org\/{rel}","templated":true}]}}