{"id":153138,"date":"2022-04-03T13:24:53","date_gmt":"2022-04-03T18:24:53","guid":{"rendered":"https:\/\/visionpeninsular.com\/mid\/?p=153138"},"modified":"2022-04-03T13:40:26","modified_gmt":"2022-04-03T18:40:26","slug":"llamado-para-hablar-del-autismo-los-365-dias-del-ano","status":"publish","type":"post","link":"https:\/\/visionpeninsular.com\/mid\/llamado-para-hablar-del-autismo-los-365-dias-del-ano\/","title":{"rendered":"Llamado para hablar del autismo los 365 d\u00edas del a\u00f1o"},"content":{"rendered":"\n<h4 class=\"has-text-align-center\">Se requiere una sociedad m\u00e1s emp\u00e1tica y tolerante con los ni\u00f1os, las ni\u00f1as y los adolescentes que viven con la condici\u00f3n del Trastorno del Espectro Autista (TEA)<\/h4>\n\n\n\n<p>M\u00e9rida, Yucat\u00e1n, a 3 de abril de 2022.\u2013 Hablemos del autismo los 365 d\u00edas del a\u00f1o para informarnos en el tema, para que haya una sociedad m\u00e1s tolerante y emp\u00e1tica con quienes viven en esa condici\u00f3n, expres\u00f3 Jacqueline V\u00e1zquez Lara, directora de la Asociaci\u00f3n Yucateca de Lucha contra el Autismo (Ayuda).<\/p>\n\n\n\n<p><\/p>\n\n\n\n<p>El Trastorno de Espectro Autista (TEA) es una condici\u00f3n del desarrollo que afecta principalmente el \u00e1rea socio comunicativa y conductual. De acuerdo con estad\u00edsticas de Autism Speaks del 2015, en M\u00e9xico se presenta un caso en cada 115 ni\u00f1os y ni\u00f1os.<\/p>\n\n\n\n<p><\/p>\n\n\n\n<p>No hay datos oficiales de Yucat\u00e1n. Por ello, las organizaciones de la sociedad civil y familiares con ni\u00f1os, ni\u00f1as y adolescentes que viven con esa condici\u00f3n realizaron diferentes actividades para visibilizar un tema que \u00abno suele ser visible ante los ojos\u00bb de los dem\u00e1s.<\/p>\n\n\n\n<p><\/p>\n\n\n\n<p>Jacqueline V\u00e1zquez mencion\u00f3 que el TEA no es una discapacidad, \u00abes una condici\u00f3n de vida, por lo que es necesario aprender acogerlos y aceptarlos\u00bb. Los retos, se\u00f1al\u00f3, est\u00e1n enfocados en la parte social, pues las ni\u00f1as, los ni\u00f1os y los j\u00f3venes con esa condici\u00f3n presentan dificultades en la comunicaci\u00f3n, lenguaje, conductas e intereses restrictivos.<\/p>\n\n\n\n<p><\/p>\n\n\n\n<p>Un diagn\u00f3stico oportuno marca la diferencia, pues permite que estas personas puedan tener una mejor calidad de vida. En el Centro Ayuda se les hace una valoraci\u00f3n, donde los usuarios reciben terapias psicoeducativas, de lenguaje, inclusi\u00f3n escolar, talleres de socializaci\u00f3n y pl\u00e1ticas para los padres de familia.<\/p>\n\n\n\n<p><\/p>\n\n\n\n<p>Los signos que presentan los ni\u00f1os y las ni\u00f1as con esa condici\u00f3n son poco contacto visual, nula respuesta al nombre, estereotipia; poco juego simb\u00f3lico, es decir, enfilan y clasifican de acuerdo con el color, las formas y tama\u00f1os, falta de comunicaci\u00f3n y problemas de lenguaje.<\/p>\n\n\n\n<div class=\"wp-block-image\"><figure class=\"aligncenter size-large\"><img loading=\"lazy\" width=\"1024\" height=\"633\" src=\"https:\/\/visionpeninsular.com\/mid\/wp-content\/uploads\/2022\/04\/WhatsApp-Image-2022-04-03-at-1.20.39-PM-1024x633.jpeg\" alt=\"\" class=\"wp-image-153140\" srcset=\"https:\/\/visionpeninsular.com\/mid\/wp-content\/uploads\/2022\/04\/WhatsApp-Image-2022-04-03-at-1.20.39-PM-1024x633.jpeg 1024w, https:\/\/visionpeninsular.com\/mid\/wp-content\/uploads\/2022\/04\/WhatsApp-Image-2022-04-03-at-1.20.39-PM-300x185.jpeg 300w, https:\/\/visionpeninsular.com\/mid\/wp-content\/uploads\/2022\/04\/WhatsApp-Image-2022-04-03-at-1.20.39-PM-768x475.jpeg 768w, https:\/\/visionpeninsular.com\/mid\/wp-content\/uploads\/2022\/04\/WhatsApp-Image-2022-04-03-at-1.20.39-PM-1536x949.jpeg 1536w, https:\/\/visionpeninsular.com\/mid\/wp-content\/uploads\/2022\/04\/WhatsApp-Image-2022-04-03-at-1.20.39-PM.jpeg 1578w\" sizes=\"(max-width: 1024px) 100vw, 1024px\" \/><figcaption>Primera Camineta por el Autismo, realizada ayer s\u00e1bado en el Paseo de Montejo.  Do\u00f1a Ligia Bolio y su nieta caminaron para dar visibilidad  a quienes viven con la condici\u00f3n del Trastorno del Espectro Autista (TEA)\/ CR\u00c9DITO: Visi\u00f3n Peninsular<\/figcaption><\/figure><\/div>\n\n\n\n<h4>Primera Caminata po<strong>r el Autismo<\/strong><\/h4>\n\n\n\n<p>En el marco del D\u00eda Mundial de la Concienciaci\u00f3n por el Autismo, que se conmemora cada 2 de abril, se realiz\u00f3 la Primera Caminata por el Autismo. La tarde del s\u00e1bado cientos de familias, simpatizantes con la causa y pol\u00edticos recorrieron el Paseo de Montejo.<\/p>\n\n\n\n<p>Ligia Bolio en compa\u00f1\u00eda de su nieta participaron en el evento para apoyar a un sobrino, de cuatro a\u00f1os, quien hace dos a\u00f1os le diagnosticaron TEA. \u00abEs un ni\u00f1o super-inteligente, chispa, con una manera muy peculiar de mirar a los dem\u00e1s, pero muy hiperactivo\u00bb, describi\u00f3.<\/p>\n\n\n\n<p>As\u00ed como do\u00f1a Ligia, decenas de familias acudieron a la caminata para dar visibilidad a quienes viven con esa condici\u00f3n. En el derrotero se observaron carteles con frases y mensajes para concienciar a los dem\u00e1s, as\u00ed como playeras azules o con el rompecabezas conmemorando la efem\u00e9ride y globos azules.<\/p>\n\n\n\n<p><\/p>\n<div class='share-to-whatsapp-wrapper'><div class='share-on-whsp'>Share on: <\/div><a data-text='Llamado para hablar del autismo los 365 d\u00edas del a\u00f1o' data-link='https:\/\/visionpeninsular.com\/mid\/llamado-para-hablar-del-autismo-los-365-dias-del-ano\/' class='whatsapp-button whatsapp-share'>WhatsApp<\/a><div class='clear '><\/div><\/div>","protected":false},"excerpt":{"rendered":"<p>Se requiere una sociedad m\u00e1s emp\u00e1tica y tolerante con los ni\u00f1os, las ni\u00f1as y los adolescentes que viven con la condici\u00f3n del Trastorno del Espectro Autista (TEA) M\u00e9rida, Yucat\u00e1n, a 3 de abril de 2022.\u2013 Hablemos del autismo los 365 d\u00edas del a\u00f1o para informarnos en el tema, para que haya una sociedad m\u00e1s tolerante &hellip;<\/p>\n","protected":false},"author":11,"featured_media":153140,"comment_status":"open","ping_status":"open","sticky":false,"template":"","format":"standard","meta":{"_mi_skip_tracking":false},"categories":[49],"tags":[30778,30777,13607,30776,227],"_links":{"self":[{"href":"https:\/\/visionpeninsular.com\/mid\/wp-json\/wp\/v2\/posts\/153138"}],"collection":[{"href":"https:\/\/visionpeninsular.com\/mid\/wp-json\/wp\/v2\/posts"}],"about":[{"href":"https:\/\/visionpeninsular.com\/mid\/wp-json\/wp\/v2\/types\/post"}],"author":[{"embeddable":true,"href":"https:\/\/visionpeninsular.com\/mid\/wp-json\/wp\/v2\/users\/11"}],"replies":[{"embeddable":true,"href":"https:\/\/visionpeninsular.com\/mid\/wp-json\/wp\/v2\/comments?post=153138"}],"version-history":[{"count":2,"href":"https:\/\/visionpeninsular.com\/mid\/wp-json\/wp\/v2\/posts\/153138\/revisions"}],"predecessor-version":[{"id":153142,"href":"https:\/\/visionpeninsular.com\/mid\/wp-json\/wp\/v2\/posts\/153138\/revisions\/153142"}],"wp:featuredmedia":[{"embeddable":true,"href":"https:\/\/visionpeninsular.com\/mid\/wp-json\/wp\/v2\/media\/153140"}],"wp:attachment":[{"href":"https:\/\/visionpeninsular.com\/mid\/wp-json\/wp\/v2\/media?parent=153138"}],"wp:term":[{"taxonomy":"category","embeddable":true,"href":"https:\/\/visionpeninsular.com\/mid\/wp-json\/wp\/v2\/categories?post=153138"},{"taxonomy":"post_tag","embeddable":true,"href":"https:\/\/visionpeninsular.com\/mid\/wp-json\/wp\/v2\/tags?post=153138"}],"curies":[{"name":"wp","href":"https:\/\/api.w.org\/{rel}","templated":true}]}}