{"id":152923,"date":"2022-03-29T11:54:04","date_gmt":"2022-03-29T17:54:04","guid":{"rendered":"https:\/\/visionpeninsular.com\/mid\/?p=152923"},"modified":"2022-03-29T11:54:13","modified_gmt":"2022-03-29T17:54:13","slug":"la-segey-presente-en-la-filey-2022-con-la-magia-de-la-lectura","status":"publish","type":"post","link":"https:\/\/visionpeninsular.com\/mid\/la-segey-presente-en-la-filey-2022-con-la-magia-de-la-lectura\/","title":{"rendered":"La Segey presente en la Filey 2022 con \u201cLa magia de la lectura\u201d"},"content":{"rendered":"\n<ul><li><strong><em>Director de la Filey reconoce el papel de los docentes en la relaci\u00f3n de los estudiantes con los textos para el desempe\u00f1o acad\u00e9mico, el disfrute, y el desarrollo de la imaginaci\u00f3n de las y los estudiantes<\/em><\/strong><\/li><\/ul>\n\n\n\n<p>Con el objetivo de dar a conocer las diversas estrategias y programas enfocados a la promoci\u00f3n de la lectura entre los estudiantes y docentes, la Secretar\u00eda de Educaci\u00f3n del Gobierno del Estado (Segey) participa con cerca de 60 actividades en la d\u00e9cima edici\u00f3n de la de la Feria Internacional de la Lectura Yucat\u00e1n (FILEY), organizada por la Universidad Aut\u00f3noma de Yucat\u00e1n (UADY).<\/p>\n\n\n\n<p>\u201cLas palabras son un hechizo cargado de futuro\u201d, frase de la escritora Irene Vallejo en su manifiesto por la lectura, sintetiza el prop\u00f3sito de la agenda de eventos acad\u00e9micos, culturales y art\u00edsticos que tendr\u00e1n lugar de manera virtual y presencial del 28 de marzo al 1 de abril, en las instalaciones de la SEGEY.<\/p>\n\n\n\n<p>La inauguraci\u00f3n de actividades estuvo encabezada por el Director General de Desarrollo Educativo y Gesti\u00f3n Regional, Leonel Escalante Aguilar, la Secretaria General de la UADY, Celia Rosado Avil\u00e9s y el director de la Filey, Enrique Mart\u00edn Brice\u00f1o.<\/p>\n\n\n\n<p>Mart\u00edn Brice\u00f1o reconoci\u00f3 el papel y dedicaci\u00f3n de los docentes en la relaci\u00f3n de los estudiantes con los textos, no s\u00f3lo para su desempe\u00f1o acad\u00e9mico, sino tambi\u00e9n para el disfrute y desarrollo de su imaginaci\u00f3n de todos los mundos posibles.<\/p>\n\n\n\n<p>Como parte de la primera jornada, se inaugur\u00f3 la exposici\u00f3n documental \u201cCien a\u00f1os de la educaci\u00f3n racionalista en Yucat\u00e1n\u201d, la muestra de libros en la explanada del edificio de la SEGEY, se desarrollaron talleres virtuales, presenciales e inici\u00f3 el coloquio titulado \u201cLa magia de la lectura\u201d, que ofrece una serie de conferencias, conversatorios, mesas panel y de trabajo, as\u00ed como presentaciones de libros.<\/p>\n\n\n\n<p>Del 31 de marzo al 1 de abril, tendr\u00e1 lugar el segundo coloquio \u201cUna utop\u00eda pedag\u00f3gica: A cien a\u00f1os de la educaci\u00f3n racionalista en Yucat\u00e1n\u201d el cual cerrar\u00e1 con una velada cultural dedicada a la trova yucateca de hace un siglo. El programa completo se puede descargar en la p\u00e1gina http:\/\/www.educacion.yucatan.gob.mx\/ y consultar la agenda que se desarrolla cada d\u00eda en modalidad h\u00edbrida.<\/p>\n<div class='share-to-whatsapp-wrapper'><div class='share-on-whsp'>Share on: <\/div><a data-text='La Segey presente en la Filey 2022 con \u201cLa magia de la lectura\u201d' data-link='https:\/\/visionpeninsular.com\/mid\/la-segey-presente-en-la-filey-2022-con-la-magia-de-la-lectura\/' class='whatsapp-button whatsapp-share'>WhatsApp<\/a><div class='clear '><\/div><\/div>","protected":false},"excerpt":{"rendered":"<p>Director de la Filey reconoce el papel de los docentes en la relaci\u00f3n de los estudiantes con los textos para el desempe\u00f1o acad\u00e9mico, el disfrute, y el desarrollo de la imaginaci\u00f3n de las y los estudiantes Con el objetivo de dar a conocer las diversas estrategias y programas enfocados a la promoci\u00f3n de la lectura &hellip;<\/p>\n","protected":false},"author":5,"featured_media":152925,"comment_status":"open","ping_status":"open","sticky":false,"template":"","format":"standard","meta":{"_mi_skip_tracking":false},"categories":[49,37],"tags":[30675,30708,604],"_links":{"self":[{"href":"https:\/\/visionpeninsular.com\/mid\/wp-json\/wp\/v2\/posts\/152923"}],"collection":[{"href":"https:\/\/visionpeninsular.com\/mid\/wp-json\/wp\/v2\/posts"}],"about":[{"href":"https:\/\/visionpeninsular.com\/mid\/wp-json\/wp\/v2\/types\/post"}],"author":[{"embeddable":true,"href":"https:\/\/visionpeninsular.com\/mid\/wp-json\/wp\/v2\/users\/5"}],"replies":[{"embeddable":true,"href":"https:\/\/visionpeninsular.com\/mid\/wp-json\/wp\/v2\/comments?post=152923"}],"version-history":[{"count":1,"href":"https:\/\/visionpeninsular.com\/mid\/wp-json\/wp\/v2\/posts\/152923\/revisions"}],"predecessor-version":[{"id":152926,"href":"https:\/\/visionpeninsular.com\/mid\/wp-json\/wp\/v2\/posts\/152923\/revisions\/152926"}],"wp:featuredmedia":[{"embeddable":true,"href":"https:\/\/visionpeninsular.com\/mid\/wp-json\/wp\/v2\/media\/152925"}],"wp:attachment":[{"href":"https:\/\/visionpeninsular.com\/mid\/wp-json\/wp\/v2\/media?parent=152923"}],"wp:term":[{"taxonomy":"category","embeddable":true,"href":"https:\/\/visionpeninsular.com\/mid\/wp-json\/wp\/v2\/categories?post=152923"},{"taxonomy":"post_tag","embeddable":true,"href":"https:\/\/visionpeninsular.com\/mid\/wp-json\/wp\/v2\/tags?post=152923"}],"curies":[{"name":"wp","href":"https:\/\/api.w.org\/{rel}","templated":true}]}}