{"id":152525,"date":"2022-03-17T07:39:31","date_gmt":"2022-03-17T13:39:31","guid":{"rendered":"https:\/\/visionpeninsular.com\/mid\/?p=152525"},"modified":"2022-03-17T07:39:33","modified_gmt":"2022-03-17T13:39:33","slug":"regresan-los-miercoles-ciudadanos-a-merida","status":"publish","type":"post","link":"https:\/\/visionpeninsular.com\/mid\/regresan-los-miercoles-ciudadanos-a-merida\/","title":{"rendered":"Regresan los Mi\u00e9rcoles Ciudadanos a M\u00e9rida"},"content":{"rendered":"\n<p>M\u00e9rida, Yucat\u00e1n; 16 de marzo de 2022.- Esta ma\u00f1ana el Ayuntamiento de M\u00e9rida llev\u00f3 a cabo la primera edici\u00f3n del programa Mi\u00e9rcoles Ciudadano 2022, donde el Alcalde Ren\u00e1n Barrera Concha refrend\u00f3 nuevamente su compromiso con las y los ciudadanos de encabezar un gobierno sensible y humanista que trabaja por el bienestar de la poblaci\u00f3n.<\/p>\n\n\n\n<p>\u201cEste ejercicio ciudadano permite estar en contacto directo con muchas personas que, por diferentes motivos, buscan audiencias y ser atendidas por alguna direcci\u00f3n o por el Presidente Municipal en lo particular. Es un ejercicio que nos ha ayudado mucho a resolver en forma \u00e1gil las inquietudes de la ciudadan\u00eda\u201d, expres\u00f3.<\/p>\n\n\n\n<p>El Primer Edil inform\u00f3 que para ofrecer una atenci\u00f3n m\u00e1s integral y ampliar el tipo de servicios dentro de este programa, en esta edici\u00f3n se invit\u00f3 al Colegio de Abogados de Yucat\u00e1n para que brinden asesor\u00eda jur\u00eddica gratuita.<\/p>\n\n\n\n<figure class=\"wp-block-image size-full\"><img loading=\"lazy\" width=\"768\" height=\"432\" src=\"https:\/\/visionpeninsular.com\/mid\/wp-content\/uploads\/2022\/03\/Miercoles-Ciudadano2.jpg\" alt=\"\" class=\"wp-image-152528\" srcset=\"https:\/\/visionpeninsular.com\/mid\/wp-content\/uploads\/2022\/03\/Miercoles-Ciudadano2.jpg 768w, https:\/\/visionpeninsular.com\/mid\/wp-content\/uploads\/2022\/03\/Miercoles-Ciudadano2-300x169.jpg 300w\" sizes=\"(max-width: 768px) 100vw, 768px\" \/><\/figure>\n\n\n\n<p>Desde temprano, poco m\u00e1s de cien meridanas y meridanos se registraron en las mesas de acceso a las \u00e1reas de atenci\u00f3n, previo cumplimiento de los filtros de bioseguridad instalados en los bajos del Palacio Municipal, donde se les tom\u00f3 la temperatura, aplic\u00f3 gel antibacterial y se verific\u00f3 que portaran el cubrebocas.<\/p>\n\n\n\n<p>Algunos de los asistentes reconocieron la eficacia que tiene el programa Mi\u00e9rcoles Ciudadano, por lo que no dejaron pasar la oportunidad de resaltar la importancia de contar con un gobierno cercano e incluyente.<\/p>\n\n\n\n<p>Para la se\u00f1ora Angelita Moreno, persona de la tercera edad y vecina del Centro, el tiempo de espera para hablar con el Alcalde fue breve, ya que no esper\u00f3 mucho tiempo para que su solicitud fuera atendida.<\/p>\n\n\n\n<p>\u201cEs mi primera visita al programa y me parece muy bien coordinado porque me atendieron muy r\u00e1pido, yo vine a solicitar que vayan a revisar mi calle porque se inunda con las lluvias y enseguida me recibieron y me dijeron que le dar\u00e1n seguimiento y esta misma semana ir\u00e1n a inspeccionarla\u201d, expres\u00f3.<\/p>\n\n\n\n<p>A esta edici\u00f3n en formato presencial, tambi\u00e9n asisti\u00f3 la se\u00f1ora Beatriz Chan, quien felicit\u00f3 a la administraci\u00f3n municipal por mantener espacios de acercamiento directo con la ciudadan\u00eda para que puedan expresar sus necesidades y recibir una respuesta inmediata.<\/p>\n\n\n\n<p>\u201cEstos espacios ayudan tambi\u00e9n a crear mejores condiciones en esta ciudad, he venido en ocasiones anteriores a exponer otras situaciones y he recibido respuestas muy positivas y eso es posible porque tenemos acceso directo a nuestras autoridades para exponerle nuestras problem\u00e1ticas\u201d, mencion\u00f3.<\/p>\n\n\n\n<p>A su vez, el licenciado Cuauht\u00e9moc Ayala Coello, dijo que la reactivaci\u00f3n del Mi\u00e9rcoles Ciudadano es una magn\u00edfica oportunidad para interactuar con el Alcalde, quien se mostr\u00f3 muy interesado en su planteamiento de efectuar un evento cultural.<\/p>\n\n\n\n<p>\u201cEs un mecanismo muy interesante, que espero no se vuelva a interrumpir, donde el ciudadano puede sentir el respaldo e inter\u00e9s del gobierno municipal para atender asuntos de diversos tipos\u201d, manifest\u00f3.<\/p>\n\n\n\n<p>En mi caso -continu\u00f3- vine en representaci\u00f3n de la generaci\u00f3n 1959- 1962 de maestros egresados de la escuela normal urbana Profesor Rodolfo Men\u00e9ndez de la Pe\u00f1a, para pedirle al alcalde su ayuda y poder celebrar esa fecha en el marco de la semana cultural que realizaremos del 27 de junio al 3 de julio y es muy representativa para nosotros como maestros.<\/p>\n\n\n\n<p>Tambi\u00e9n, en el marco del programa, el Alcalde recibi\u00f3 la visita de una comitiva representativa del Festival de la Guelaguetza, que se realiz\u00f3 en el Parque de la Paz, quienes le agradecieron la oportunidad de contar con un espacio para exponer sus productos y actividades culturales.<\/p>\n\n\n\n<p>Acompa\u00f1ado del Secretario de Participaci\u00f3n Ciudadana, Julio Sauma Castillo y la directora de Atenci\u00f3n Ciudadana, Eira P\u00f3lito Garc\u00eda, Barrera Concha estableci\u00f3 un di\u00e1logo cercano y directo con las y los ciudadanos, para atender sus inquietudes, recibir sus propuestas y felicitaciones por poner nuevamente en marcha este programa que acerca en un mismo lugar a la ciudadan\u00eda con sus autoridades municipales.<\/p>\n\n\n\n<p>En esta edici\u00f3n del Mi\u00e9rcoles Ciudadano que se realiz\u00f3 en el patio central del Centro Cultural Olimpo, se brind\u00f3 atenci\u00f3n a m\u00e1s de 100 personas de las cuales, 20 fueron atendidas por la mesa de la presidencia municipal.<\/p>\n\n\n\n<p>Los temas m\u00e1s recurrentes fueron en torno a servicios p\u00fablicos, infraestructura urbana, eventos culturales, terrenos bald\u00edos, limpieza de calles, construcci\u00f3n de parques, casos jur\u00eddicos, apoyos entre otros.<\/p>\n<div class='share-to-whatsapp-wrapper'><div class='share-on-whsp'>Share on: <\/div><a data-text='Regresan los Mi\u00e9rcoles Ciudadanos a M\u00e9rida' data-link='https:\/\/visionpeninsular.com\/mid\/regresan-los-miercoles-ciudadanos-a-merida\/' class='whatsapp-button whatsapp-share'>WhatsApp<\/a><div class='clear '><\/div><\/div>","protected":false},"excerpt":{"rendered":"<p>M\u00e9rida, Yucat\u00e1n; 16 de marzo de 2022.- Esta ma\u00f1ana el Ayuntamiento de M\u00e9rida llev\u00f3 a cabo la primera edici\u00f3n del programa Mi\u00e9rcoles Ciudadano 2022, donde el Alcalde Ren\u00e1n Barrera Concha refrend\u00f3 nuevamente su compromiso con las y los ciudadanos de encabezar un gobierno sensible y humanista que trabaja por el bienestar de la poblaci\u00f3n. \u201cEste &hellip;<\/p>\n","protected":false},"author":5,"featured_media":152527,"comment_status":"open","ping_status":"open","sticky":false,"template":"","format":"standard","meta":{"_mi_skip_tracking":false},"categories":[49,37],"tags":[13587,403,28077,30557],"_links":{"self":[{"href":"https:\/\/visionpeninsular.com\/mid\/wp-json\/wp\/v2\/posts\/152525"}],"collection":[{"href":"https:\/\/visionpeninsular.com\/mid\/wp-json\/wp\/v2\/posts"}],"about":[{"href":"https:\/\/visionpeninsular.com\/mid\/wp-json\/wp\/v2\/types\/post"}],"author":[{"embeddable":true,"href":"https:\/\/visionpeninsular.com\/mid\/wp-json\/wp\/v2\/users\/5"}],"replies":[{"embeddable":true,"href":"https:\/\/visionpeninsular.com\/mid\/wp-json\/wp\/v2\/comments?post=152525"}],"version-history":[{"count":1,"href":"https:\/\/visionpeninsular.com\/mid\/wp-json\/wp\/v2\/posts\/152525\/revisions"}],"predecessor-version":[{"id":152529,"href":"https:\/\/visionpeninsular.com\/mid\/wp-json\/wp\/v2\/posts\/152525\/revisions\/152529"}],"wp:featuredmedia":[{"embeddable":true,"href":"https:\/\/visionpeninsular.com\/mid\/wp-json\/wp\/v2\/media\/152527"}],"wp:attachment":[{"href":"https:\/\/visionpeninsular.com\/mid\/wp-json\/wp\/v2\/media?parent=152525"}],"wp:term":[{"taxonomy":"category","embeddable":true,"href":"https:\/\/visionpeninsular.com\/mid\/wp-json\/wp\/v2\/categories?post=152525"},{"taxonomy":"post_tag","embeddable":true,"href":"https:\/\/visionpeninsular.com\/mid\/wp-json\/wp\/v2\/tags?post=152525"}],"curies":[{"name":"wp","href":"https:\/\/api.w.org\/{rel}","templated":true}]}}