{"id":15217,"date":"2016-10-24T11:32:18","date_gmt":"2016-10-24T16:32:18","guid":{"rendered":"http:\/\/visionpeninsular.com\/mid\/?p=15217"},"modified":"2016-10-24T11:32:18","modified_gmt":"2016-10-24T16:32:18","slug":"taxistas-preparan-paro-nacional-24-hrs-sino-se-retira-uber-del-pais","status":"publish","type":"post","link":"https:\/\/visionpeninsular.com\/mid\/taxistas-preparan-paro-nacional-24-hrs-sino-se-retira-uber-del-pais\/","title":{"rendered":"Taxistas preparan paro nacional de 24 hrs sino se retira Uber del Pa\u00eds"},"content":{"rendered":"<p>(ACOM).-Ser\u00e1 en unos d\u00edas cuando representantes del Movimiento Nacional de Taxistas acuda a la Secretar\u00eda de Gobernaci\u00f3n a solicitar respuesta a su petici\u00f3n de negar el funcionamiento de plataformas tecnol\u00f3gicas de transporte como Uber y Cabify.<\/p>\n<p>H\u00e9ctor Fern\u00e1ndez Zapata, secretario general del Frente \u00danico de Trabajadores del Volante (FUTV), se\u00f1al\u00f3 que dicha solicitud se efectu\u00f3 el 12 de octubre pasado, cuando miles de taxistas hicieron un paro en la Ciudad de M\u00e9xico, como parte de una campa\u00f1a para \u201csacar\u201d a las aplicaciones, pues afirman que estas les restan ingresos.<\/p>\n<p>Empero, advirti\u00f3 que con una respuesta negativa al manifiesto o si no se responde con claridad, los taxistas efectuar\u00e1n un paro nacional por 24 horas en la primera quincena de noviembre pr\u00f3ximo, en busca de obtener una respuesta favorable de las autoridades federales.<\/p>\n<p>\u201cAlgunos l\u00edderes sugirieron un paro indefinido pero no podemos dejar sin sustento diario a los compa\u00f1eros que son ruleteros y viven al d\u00eda\u201d, dijo.<\/p>\n<p>\u201cEl FUTV se sumar\u00e1 a ese movimiento pero no todos sus operadores que necesitan trabajar para ganarse la vida\u201d, agreg\u00f3.<\/p>\n<p>Cabe recordar que los taxistas han manifestado que la presencia de Uber ha generado p\u00e9rdidas de hasta un 50 por ciento en sus ingresos, adem\u00e1s de que ha fomentado una campa\u00f1a negativa en su contra.<\/p>\n<p>En el caso de Yucat\u00e1n, la funcionalidad de esta y otras plataformas ha sido regulada por la Ley de Transporte, aunque estas tienen hasta diciembre para ajustarse a sus lineamientos.<\/p>\n<div class='share-to-whatsapp-wrapper'><div class='share-on-whsp'>Share on: <\/div><a data-text='Taxistas preparan paro nacional de 24 hrs sino se retira Uber del Pa\u00eds' data-link='https:\/\/visionpeninsular.com\/mid\/taxistas-preparan-paro-nacional-24-hrs-sino-se-retira-uber-del-pais\/' class='whatsapp-button whatsapp-share'>WhatsApp<\/a><div class='clear '><\/div><\/div>","protected":false},"excerpt":{"rendered":"<p>(ACOM).-Ser\u00e1 en unos d\u00edas cuando representantes del Movimiento Nacional de Taxistas acuda a la Secretar\u00eda de Gobernaci\u00f3n a solicitar respuesta a su petici\u00f3n de negar el funcionamiento de plataformas tecnol\u00f3gicas de transporte como Uber y Cabify. H\u00e9ctor Fern\u00e1ndez Zapata, secretario general del Frente \u00danico de Trabajadores del Volante (FUTV), se\u00f1al\u00f3 que dicha solicitud se efectu\u00f3 &hellip;<\/p>\n","protected":false},"author":1,"featured_media":15218,"comment_status":"open","ping_status":"open","sticky":false,"template":"","format":"standard","meta":{"_mi_skip_tracking":false},"categories":[49],"tags":[3377,2851,207],"_links":{"self":[{"href":"https:\/\/visionpeninsular.com\/mid\/wp-json\/wp\/v2\/posts\/15217"}],"collection":[{"href":"https:\/\/visionpeninsular.com\/mid\/wp-json\/wp\/v2\/posts"}],"about":[{"href":"https:\/\/visionpeninsular.com\/mid\/wp-json\/wp\/v2\/types\/post"}],"author":[{"embeddable":true,"href":"https:\/\/visionpeninsular.com\/mid\/wp-json\/wp\/v2\/users\/1"}],"replies":[{"embeddable":true,"href":"https:\/\/visionpeninsular.com\/mid\/wp-json\/wp\/v2\/comments?post=15217"}],"version-history":[{"count":1,"href":"https:\/\/visionpeninsular.com\/mid\/wp-json\/wp\/v2\/posts\/15217\/revisions"}],"predecessor-version":[{"id":15219,"href":"https:\/\/visionpeninsular.com\/mid\/wp-json\/wp\/v2\/posts\/15217\/revisions\/15219"}],"wp:featuredmedia":[{"embeddable":true,"href":"https:\/\/visionpeninsular.com\/mid\/wp-json\/wp\/v2\/media\/15218"}],"wp:attachment":[{"href":"https:\/\/visionpeninsular.com\/mid\/wp-json\/wp\/v2\/media?parent=15217"}],"wp:term":[{"taxonomy":"category","embeddable":true,"href":"https:\/\/visionpeninsular.com\/mid\/wp-json\/wp\/v2\/categories?post=15217"},{"taxonomy":"post_tag","embeddable":true,"href":"https:\/\/visionpeninsular.com\/mid\/wp-json\/wp\/v2\/tags?post=15217"}],"curies":[{"name":"wp","href":"https:\/\/api.w.org\/{rel}","templated":true}]}}