{"id":152117,"date":"2022-03-05T11:34:06","date_gmt":"2022-03-05T17:34:06","guid":{"rendered":"https:\/\/visionpeninsular.com\/mid\/?p=152117"},"modified":"2022-03-05T11:34:14","modified_gmt":"2022-03-05T17:34:14","slug":"tentativa-de-feminicidio-en-ticul","status":"publish","type":"post","link":"https:\/\/visionpeninsular.com\/mid\/tentativa-de-feminicidio-en-ticul\/","title":{"rendered":"Tentativa de feminicidio en Ticul"},"content":{"rendered":"\n<p>Ticul, Yucat\u00e1n; 4 de marzo de 2022.- Una cortada profunda en la cabeza sufri\u00f3 una mujer&nbsp; al ser agredida por su marido con un machete, tras una fuerte discusi\u00f3n ocurrida en la colonia San Juan del municipio de Ticul, por lo que fue trasladada de emergencia a un Centro de Salud.<\/p>\n\n\n\n<p>El agresor fue detenido y turnado al Ministerio P\u00fablico.<\/p>\n\n\n\n<p>Los hechos ocurrieron en el domicilio de la pareja ubicado en &nbsp;la calle 16 por 31 cuando comenz\u00f3 &nbsp;la discusi\u00f3n y en un arranque de ira el hombre, quien tom\u00f3 un machete y agredi\u00f3 a su mujer.&nbsp;<\/p>\n\n\n\n<p>Presuntamente, el sujeto de quien no se proporcion\u00f3 el nombre, padece de sus facultades mentales.<\/p>\n\n\n\n<p>Elementos de la polic\u00eda municipal y de la Secretar\u00eda de Seguridad P\u00fablica (SSP), lograron la detenci\u00f3n del agresor quien, tras los hechos, sali\u00f3 a sentarse en la calle.<\/p>\n<div class='share-to-whatsapp-wrapper'><div class='share-on-whsp'>Share on: <\/div><a data-text='Tentativa de feminicidio en Ticul' data-link='https:\/\/visionpeninsular.com\/mid\/tentativa-de-feminicidio-en-ticul\/' class='whatsapp-button whatsapp-share'>WhatsApp<\/a><div class='clear '><\/div><\/div>","protected":false},"excerpt":{"rendered":"<p>Ticul, Yucat\u00e1n; 4 de marzo de 2022.- Una cortada profunda en la cabeza sufri\u00f3 una mujer&nbsp; al ser agredida por su marido con un machete, tras una fuerte discusi\u00f3n ocurrida en la colonia San Juan del municipio de Ticul, por lo que fue trasladada de emergencia a un Centro de Salud. El agresor fue detenido &hellip;<\/p>\n","protected":false},"author":5,"featured_media":152119,"comment_status":"open","ping_status":"open","sticky":false,"template":"","format":"standard","meta":{"_mi_skip_tracking":false},"categories":[50,37],"tags":[30414,30413,30412,7272],"_links":{"self":[{"href":"https:\/\/visionpeninsular.com\/mid\/wp-json\/wp\/v2\/posts\/152117"}],"collection":[{"href":"https:\/\/visionpeninsular.com\/mid\/wp-json\/wp\/v2\/posts"}],"about":[{"href":"https:\/\/visionpeninsular.com\/mid\/wp-json\/wp\/v2\/types\/post"}],"author":[{"embeddable":true,"href":"https:\/\/visionpeninsular.com\/mid\/wp-json\/wp\/v2\/users\/5"}],"replies":[{"embeddable":true,"href":"https:\/\/visionpeninsular.com\/mid\/wp-json\/wp\/v2\/comments?post=152117"}],"version-history":[{"count":1,"href":"https:\/\/visionpeninsular.com\/mid\/wp-json\/wp\/v2\/posts\/152117\/revisions"}],"predecessor-version":[{"id":152120,"href":"https:\/\/visionpeninsular.com\/mid\/wp-json\/wp\/v2\/posts\/152117\/revisions\/152120"}],"wp:featuredmedia":[{"embeddable":true,"href":"https:\/\/visionpeninsular.com\/mid\/wp-json\/wp\/v2\/media\/152119"}],"wp:attachment":[{"href":"https:\/\/visionpeninsular.com\/mid\/wp-json\/wp\/v2\/media?parent=152117"}],"wp:term":[{"taxonomy":"category","embeddable":true,"href":"https:\/\/visionpeninsular.com\/mid\/wp-json\/wp\/v2\/categories?post=152117"},{"taxonomy":"post_tag","embeddable":true,"href":"https:\/\/visionpeninsular.com\/mid\/wp-json\/wp\/v2\/tags?post=152117"}],"curies":[{"name":"wp","href":"https:\/\/api.w.org\/{rel}","templated":true}]}}