{"id":152036,"date":"2022-03-03T11:20:30","date_gmt":"2022-03-03T17:20:30","guid":{"rendered":"https:\/\/visionpeninsular.com\/mid\/?p=152036"},"modified":"2022-03-03T11:20:35","modified_gmt":"2022-03-03T17:20:35","slug":"8-de-marzo-nada-respecto-a-nosotras-sin-nosotras","status":"publish","type":"post","link":"https:\/\/visionpeninsular.com\/mid\/8-de-marzo-nada-respecto-a-nosotras-sin-nosotras\/","title":{"rendered":"8 de marzo: Nada respecto a nosotras sin nosotras"},"content":{"rendered":"\n<p>* <strong><em>Exigimos dignidad, libertad, integridad, autonom\u00eda, trabajo decente libre de acoso y hostigamiento sexual<\/em><\/strong><\/p>\n\n\n\n<p><strong><em>* En medios 6 % de los contenidos destacan temas respecto a la igualdad de g\u00e9nero<\/em><\/strong><\/p>\n\n\n\n<p>Redacci\u00f3n<\/p>\n\n\n\n<p>SemM\u00e9xico, Cd. de M\u00e9xico, 1 de marzo, 2022.- La Red Lucerna emiti\u00f3 un pronunciamiento en el que se une a todas las trabajadoras latinoamericanas que acompa\u00f1an para exigir: igualdad en el trabajo; trabajo docente, digno y respetuoso; seguridad en el trabajo; erradicaci\u00f3n del acoso, el hostigamiento y violencia laboral y sexual en el trabajo y en las escuelas.<\/p>\n\n\n\n<p>El pronunciamiento dirigido a los gobiernos de Latinoam\u00e9rica y el Caribe, a<\/p>\n\n\n\n<p>las mujeres trabajadoras de Am\u00e9rica Latina y a las organizaciones sociales y defensoras de los derechos humanos es un sentido llamado al 8 de marzo en el que plantean que las decisiones que afectan la vida de las mujeres deben ser lideradas por mujeres. Nada respecto a nosotras sin nosotras.<\/p>\n\n\n\n<p>En el pronunciamiento se\u00f1alan que las mujeres de todo el continente nos convocamos a exigir la dignidad, la libertad, la integridad, la autonom\u00eda, la posibilidad real de un trabajo decente y seguro, donde se nos garantice un espacio libre de acoso, de hostigamiento, de violencia sexual en el lugar de trabajo.<\/p>\n\n\n\n<p>\u201cVenimos de atr\u00e1s, de donde nadie escucha, donde permanece sorda la exigencia del trabajo digno, de la seguridad laboral. Las mujeres no somos vistas como seres humanos que merecen respeto en el ejercicio de nuestra labor como estudiantes y trabajadoras, d\u00eda con d\u00eda, hora tras hora, las mujeres soportamos m\u00faltiples cargas sociales y culturales. Subsistimos entre la violencia simb\u00f3lica y el feminicidio\u201d.<\/p>\n\n\n\n<p>Los medios, como reflejo cultural de las sociedades, encontramos que la desigualdad prevalece entre mujeres y hombres desde las noticias, prensa, radio y televisi\u00f3n.<\/p>\n\n\n\n<p>Solo el seis por ciento de los contenidos destacan temas respecto a la igualdad de g\u00e9nero, el porcentaje se eleva a un 46 por ciento en cuanto a historias que refuerzan estereotipos sexistas.<\/p>\n\n\n\n<p>En esta pandemia de violencia, se\u00f1alan, se nos oprime dos veces y m\u00e1s, y a ella se suma la pandemia por la COVID, que gener\u00f3 un retroceso de m\u00e1s de una d\u00e9cada en los niveles de participaci\u00f3n laboral de las mujeres en la regi\u00f3n de acuerdo con datos de la CEPAL, 2021.<\/p>\n\n\n\n<p>\u201cMillones de mujeres se han visto desprovistas de Seguridad Humana, de la seguridad personal, de la seguridad laboral y hemos tenido que padecer la precarizaci\u00f3n de nuestra propia vida y la de nuestras familias\u201d.<\/p>\n\n\n\n<p>En ese sentido, refieren que las mujeres ocupan el 27 por ciento de los puestos de alta direcci\u00f3n en organizaciones de medios de comunicaci\u00f3n. Carecemos de derechos laborales, de un salario igual, de condiciones de seguridad integral, de derechos sociales, vivimos en el permanente chantaje y la continua violencia machista institucionalizada.<\/p>\n\n\n\n<p>Y apuntan que, en la industria del Cine, la desigualdad tiene sexo: 79 por ciento son hombres, frente a un 21 por ciento de mujeres.<\/p>\n\n\n\n<p>Hemos visto a todo lo largo de la regi\u00f3n latinoamericana pisos, techos de cristal, y c\u00f3mo se ha borrado e impedido a las mujeres el ejercicio de la toma decisiones p\u00fablicas, hemos visto los retrocesos en materia social, econ\u00f3mica y pol\u00edtica que permiten el adelgazamiento del Estado, de sus instituciones y con ellos de los avances que durante a\u00f1os de lucha se impulsaron en Am\u00e9rica Latina y el mundo para garantizar los derechos de las mujeres trabajadoras.<\/p>\n\n\n\n<p>Trabajo y en las escuelas.<\/p>\n\n\n\n<p>Compartimos convocatoria de las mujeres cineastas latinoamericanas<\/p>\n\n\n\n<p>\u2734 Suscribe por la Ratificaci\u00f3n del Convenio 190 de la OIT. Es el primer Convenio contra el acoso y la violencia en el mundo del trabajo:<\/p>\n\n\n\n<figure class=\"wp-block-embed\"><div class=\"wp-block-embed__wrapper\">\nhttps:\/\/docs.google.com\/forms\/d\/e\/1FAIpQLSfm-SaIucHfHyZk7ynTEWoJY_r9aJmFpVmIgLgPHpNv0CELPQ\/viewform?usp=sf_link\n<\/div><\/figure>\n\n\n\n<p>SEM\/sj<\/p>\n<div class='share-to-whatsapp-wrapper'><div class='share-on-whsp'>Share on: <\/div><a data-text='8 de marzo: Nada respecto a nosotras sin nosotras' data-link='https:\/\/visionpeninsular.com\/mid\/8-de-marzo-nada-respecto-a-nosotras-sin-nosotras\/' class='whatsapp-button whatsapp-share'>WhatsApp<\/a><div class='clear '><\/div><\/div>","protected":false},"excerpt":{"rendered":"<p>* Exigimos dignidad, libertad, integridad, autonom\u00eda, trabajo decente libre de acoso y hostigamiento sexual * En medios 6 % de los contenidos destacan temas respecto a la igualdad de g\u00e9nero Redacci\u00f3n SemM\u00e9xico, Cd. de M\u00e9xico, 1 de marzo, 2022.- La Red Lucerna emiti\u00f3 un pronunciamiento en el que se une a todas las trabajadoras latinoamericanas &hellip;<\/p>\n","protected":false},"author":5,"featured_media":152038,"comment_status":"open","ping_status":"open","sticky":false,"template":"","format":"standard","meta":{"_mi_skip_tracking":false},"categories":[19567],"tags":[5540,30392,1397],"_links":{"self":[{"href":"https:\/\/visionpeninsular.com\/mid\/wp-json\/wp\/v2\/posts\/152036"}],"collection":[{"href":"https:\/\/visionpeninsular.com\/mid\/wp-json\/wp\/v2\/posts"}],"about":[{"href":"https:\/\/visionpeninsular.com\/mid\/wp-json\/wp\/v2\/types\/post"}],"author":[{"embeddable":true,"href":"https:\/\/visionpeninsular.com\/mid\/wp-json\/wp\/v2\/users\/5"}],"replies":[{"embeddable":true,"href":"https:\/\/visionpeninsular.com\/mid\/wp-json\/wp\/v2\/comments?post=152036"}],"version-history":[{"count":1,"href":"https:\/\/visionpeninsular.com\/mid\/wp-json\/wp\/v2\/posts\/152036\/revisions"}],"predecessor-version":[{"id":152039,"href":"https:\/\/visionpeninsular.com\/mid\/wp-json\/wp\/v2\/posts\/152036\/revisions\/152039"}],"wp:featuredmedia":[{"embeddable":true,"href":"https:\/\/visionpeninsular.com\/mid\/wp-json\/wp\/v2\/media\/152038"}],"wp:attachment":[{"href":"https:\/\/visionpeninsular.com\/mid\/wp-json\/wp\/v2\/media?parent=152036"}],"wp:term":[{"taxonomy":"category","embeddable":true,"href":"https:\/\/visionpeninsular.com\/mid\/wp-json\/wp\/v2\/categories?post=152036"},{"taxonomy":"post_tag","embeddable":true,"href":"https:\/\/visionpeninsular.com\/mid\/wp-json\/wp\/v2\/tags?post=152036"}],"curies":[{"name":"wp","href":"https:\/\/api.w.org\/{rel}","templated":true}]}}