{"id":152028,"date":"2022-03-03T10:33:18","date_gmt":"2022-03-03T16:33:18","guid":{"rendered":"https:\/\/visionpeninsular.com\/mid\/?p=152028"},"modified":"2022-03-03T10:33:20","modified_gmt":"2022-03-03T16:33:20","slug":"nueva-reunion-de-la-goan-en-la-secretaria-de-gobernacion","status":"publish","type":"post","link":"https:\/\/visionpeninsular.com\/mid\/nueva-reunion-de-la-goan-en-la-secretaria-de-gobernacion\/","title":{"rendered":"Nueva reuni\u00f3n de la GOAN en la Secretar\u00eda de Gobernaci\u00f3n"},"content":{"rendered":"\n<p>Ciudad de M\u00e9xico, 2 de marzo de 2022.- El gobernador Mauricio Vila Dosal, en su calidad de presidente de la Asociaci\u00f3n de Gobernadores de Acci\u00f3n Nacional (GOAN), se reuni\u00f3 con el titular de la Secretar\u00eda de Gobernaci\u00f3n (Segob), Ad\u00e1n Augusto L\u00f3pez Hern\u00e1ndez, con quien acord\u00f3 seguir sumando esfuerzos brindar atenci\u00f3n y seguimiento a temas prioritarios que contribuyan al bienestar de las familias, no solo de los estados que conforman este organismo, sino de todo el pa\u00eds.<\/p>\n\n\n\n<p>Durante este encuentro, Vila Dosal, acompa\u00f1ado de los Gobernadores de Tamaulipas, Francisco Javier Garc\u00eda Cabeza de Vaca, Guanajuato, Diego Sinhu\u00e9 Rodr\u00edguez Vallejo, Quer\u00e9taro, Mauricio Kuri Gonz\u00e1lez, Durango, Jos\u00e9 Rosas Aispuro Torres, y Quintana Roo, Carlos Joaqu\u00edn Gonz\u00e1lez, revis\u00f3 junto con L\u00f3pez Hern\u00e1ndez los diversos proyectos estrat\u00e9gicos y de infraestructura que se realizan en la entidad y las dem\u00e1s entidades representadas dentro de la GOAN, para detonar su desarrollo.<\/p>\n\n\n\n<figure class=\"wp-block-image size-full\"><img loading=\"lazy\" width=\"768\" height=\"470\" src=\"https:\/\/visionpeninsular.com\/mid\/wp-content\/uploads\/2022\/03\/GOAN_SEGOB_VILA-2.jpeg\" alt=\"\" class=\"wp-image-152031\" srcset=\"https:\/\/visionpeninsular.com\/mid\/wp-content\/uploads\/2022\/03\/GOAN_SEGOB_VILA-2.jpeg 768w, https:\/\/visionpeninsular.com\/mid\/wp-content\/uploads\/2022\/03\/GOAN_SEGOB_VILA-2-300x184.jpeg 300w\" sizes=\"(max-width: 768px) 100vw, 768px\" \/><\/figure>\n\n\n\n<p>Por su parte, el gobernador expuso los importantes proyectos que, en coordinaci\u00f3n con el Gobierno Federal, se realizan para el desarrollo del estado, tales como la modernizaci\u00f3n y ampliaci\u00f3n de Puerto Progreso y la llegada de la gigante naval Fincantieri, los cuales los cuales impulsar\u00e1n el crecimiento econ\u00f3mico y la generaci\u00f3n de empleos para los yucatecos.<\/p>\n\n\n\n<p>En ese sentido, Vila Dosal y el funcionario federal reiteraron su disposici\u00f3n de mantener un di\u00e1logo permanente y el compromiso continuar impulsando juntos planes y acciones que contribuyan el desarrollo del pa\u00eds y a la mejora de la calidad de vida de las familias mexicanas.<\/p>\n\n\n\n<p>Ante esto, el mandatario yucateco enfatiz\u00f3 la necesidad de promover estrategias que permitan reactivar la econom\u00eda en M\u00e9xico a trav\u00e9s de la llegada de m\u00e1s proyectos de inversi\u00f3n, por lo que invit\u00f3 a continuar implementando acciones coordinadas entre los estados de la Asociaci\u00f3n y el Gobierno Federal, especialmente, en materia de seguridad y la certeza jur\u00eddica.<\/p>\n\n\n\n<p>En ese marco, Vila Dosal afirm\u00f3 que los estados que pertenecen a la GOAN refrendaron con la Federaci\u00f3n su colaboraci\u00f3n para defender la libertad y fortalecer la democracia en el pa\u00eds.<\/p>\n\n\n\n<p>Finalmente, el Gobernador y el titular de la Segob refrendaron el trabajo conjunto para seguir avanzando en temas y planes que permitan atender de manera oportuna las necesidades de los yucatecos y pobladores los territorios ah\u00ed representados.<\/p>\n<div class='share-to-whatsapp-wrapper'><div class='share-on-whsp'>Share on: <\/div><a data-text='Nueva reuni\u00f3n de la GOAN en la Secretar\u00eda de Gobernaci\u00f3n' data-link='https:\/\/visionpeninsular.com\/mid\/nueva-reunion-de-la-goan-en-la-secretaria-de-gobernacion\/' class='whatsapp-button whatsapp-share'>WhatsApp<\/a><div class='clear '><\/div><\/div>","protected":false},"excerpt":{"rendered":"<p>Ciudad de M\u00e9xico, 2 de marzo de 2022.- El gobernador Mauricio Vila Dosal, en su calidad de presidente de la Asociaci\u00f3n de Gobernadores de Acci\u00f3n Nacional (GOAN), se reuni\u00f3 con el titular de la Secretar\u00eda de Gobernaci\u00f3n (Segob), Ad\u00e1n Augusto L\u00f3pez Hern\u00e1ndez, con quien acord\u00f3 seguir sumando esfuerzos brindar atenci\u00f3n y seguimiento a temas prioritarios &hellip;<\/p>\n","protected":false},"author":5,"featured_media":152030,"comment_status":"open","ping_status":"open","sticky":false,"template":"","format":"standard","meta":{"_mi_skip_tracking":false},"categories":[49,37],"tags":[30390,30389,1235],"_links":{"self":[{"href":"https:\/\/visionpeninsular.com\/mid\/wp-json\/wp\/v2\/posts\/152028"}],"collection":[{"href":"https:\/\/visionpeninsular.com\/mid\/wp-json\/wp\/v2\/posts"}],"about":[{"href":"https:\/\/visionpeninsular.com\/mid\/wp-json\/wp\/v2\/types\/post"}],"author":[{"embeddable":true,"href":"https:\/\/visionpeninsular.com\/mid\/wp-json\/wp\/v2\/users\/5"}],"replies":[{"embeddable":true,"href":"https:\/\/visionpeninsular.com\/mid\/wp-json\/wp\/v2\/comments?post=152028"}],"version-history":[{"count":1,"href":"https:\/\/visionpeninsular.com\/mid\/wp-json\/wp\/v2\/posts\/152028\/revisions"}],"predecessor-version":[{"id":152032,"href":"https:\/\/visionpeninsular.com\/mid\/wp-json\/wp\/v2\/posts\/152028\/revisions\/152032"}],"wp:featuredmedia":[{"embeddable":true,"href":"https:\/\/visionpeninsular.com\/mid\/wp-json\/wp\/v2\/media\/152030"}],"wp:attachment":[{"href":"https:\/\/visionpeninsular.com\/mid\/wp-json\/wp\/v2\/media?parent=152028"}],"wp:term":[{"taxonomy":"category","embeddable":true,"href":"https:\/\/visionpeninsular.com\/mid\/wp-json\/wp\/v2\/categories?post=152028"},{"taxonomy":"post_tag","embeddable":true,"href":"https:\/\/visionpeninsular.com\/mid\/wp-json\/wp\/v2\/tags?post=152028"}],"curies":[{"name":"wp","href":"https:\/\/api.w.org\/{rel}","templated":true}]}}