{"id":151900,"date":"2022-02-28T10:34:35","date_gmt":"2022-02-28T16:34:35","guid":{"rendered":"https:\/\/visionpeninsular.com\/mid\/?p=151900"},"modified":"2022-02-28T10:34:38","modified_gmt":"2022-02-28T16:34:38","slug":"amisy-mueve-montanas-con-su-iniciativa-3-de-3","status":"publish","type":"post","link":"https:\/\/visionpeninsular.com\/mid\/amisy-mueve-montanas-con-su-iniciativa-3-de-3\/","title":{"rendered":"AMISY MUEVE MONTA\u00d1AS CON SU INICIATIVA &#8220;3 DE 3&#8221;"},"content":{"rendered":"\n<p>Fuente: Sumario Yucat\u00e1n<\/p>\n\n\n\n<p>\u00bfQu\u00e9 es una iniciativa ciudadana? Es, a grandes rasgos, una forma de \u201cmover monta\u00f1as\u201d. As\u00ed lo vemos en Sumario Yucat\u00e1n y as\u00ed lo demuestran el grupo de mujeres que forman la Agenda de las Mujeres por la Igualdad Sustantiva en Yucat\u00e1n (AMISY), yucatecas y activistas todas, profesionistas, acad\u00e9micas, empresarias, mam\u00e1s, abuelas y ahora con la incorporaci\u00f3n de una estudiante universitaria: todas diversas y sororas.<\/p>\n\n\n\n<figure class=\"wp-block-image size-full\"><img loading=\"lazy\" width=\"400\" height=\"373\" src=\"https:\/\/visionpeninsular.com\/mid\/wp-content\/uploads\/2022\/02\/ligia-amisy.jpg\" alt=\"\" class=\"wp-image-151903\" srcset=\"https:\/\/visionpeninsular.com\/mid\/wp-content\/uploads\/2022\/02\/ligia-amisy.jpg 400w, https:\/\/visionpeninsular.com\/mid\/wp-content\/uploads\/2022\/02\/ligia-amisy-300x280.jpg 300w\" sizes=\"(max-width: 400px) 100vw, 400px\" \/><\/figure>\n\n\n\n<p>&nbsp;Las mujeres de Amisy presentaron el 25 de noviembre \u2013D\u00eda Mundial de la No Violencia Contra las Mujeres- una iniciativa de ley en el Congreso Yucat\u00e1n que se llama \u201c3 de 3\u201d y persigue a rajatabla que sean p\u00fablicas las declaraciones de intereses fiscales y patrimoniales de los servidores p\u00fablicos y quienes aspiren a cargos, que las conductas de estas personas no est\u00e9n en tela de juicio y que ning\u00fan aspirante a cargo p\u00fablico tenga antecedentes de denuncia o sentencia (de violencia sexual, adeudo de pensi\u00f3n alimentaria ni violencia pol\u00edtica).<\/p>\n\n\n\n<p>Estas mujeres nos cuentan hoy que la iniciativa de ley fue bien recibida por los diputados y se analiza en la Comisi\u00f3n de Puntos Constitucionales e Igualdad de G\u00e9nero. El martes pr\u00f3ximo, la abogada Patricia Olamendi \u2013eminencia en la lucha a favor de la igualdad de g\u00e9nero- vendr\u00e1 al Congreso a \u201cexplicar y desmenuzar\u201d la iniciativa de ley. En un estado como el nuestro con 853 sentencias emitidas s\u00f3lo en 2021 por pensi\u00f3n de alimentos y guarda y custodia con fechas algunas de hace 20 a\u00f1os, las mujeres de Amisy esperan que le Ley 3 de 3 sea una realidad para toda la sociedad el 8 de marzo pr\u00f3ximo, D\u00eda Internacional de la Mujer.<\/p>\n\n\n\n<figure class=\"wp-block-image size-full\"><img loading=\"lazy\" width=\"300\" height=\"331\" src=\"https:\/\/visionpeninsular.com\/mid\/wp-content\/uploads\/2022\/02\/rosa-pech.jpg\" alt=\"\" class=\"wp-image-151904\" srcset=\"https:\/\/visionpeninsular.com\/mid\/wp-content\/uploads\/2022\/02\/rosa-pech.jpg 300w, https:\/\/visionpeninsular.com\/mid\/wp-content\/uploads\/2022\/02\/rosa-pech-272x300.jpg 272w\" sizes=\"(max-width: 300px) 100vw, 300px\" \/><\/figure>\n\n\n\n<p>Apoy\u00e9mosla por el bien de todas y todos. Amisy es una iniciativa ciudadana que funciona gracias a sus integrantes. Ellas hoy d\u00eda apoyan a mujeres en situaci\u00f3n de vulnerabilidad, sobre todo en casos de violencia dom\u00e9stica. Puedes contactarlas en su FB: @AmisYuc .- CGO.<\/p>\n\n\n\n<p>AMISY &#8211; Agenda de las Mujeres por la Igualdad Sustantiva en Yucat\u00e1n<\/p>\n\n\n\n<p>Ligia Vera<\/p>\n\n\n\n<p>Maria Eugenia N\u00fa\u00f1ez Zapata<\/p>\n\n\n\n<p>Cruz Pech Rosa<\/p>\n\n\n\n<p>Sandra Peniche<\/p>\n\n\n\n<p>Patricia Olamendi Torres<\/p>\n\n\n\n<p>Congreso Yucat\u00e1n<\/p>\n\n\n\n<p>Gobierno del Estado de Yucat\u00e1n<\/p>\n\n\n\n<p>Secretar\u00eda de las Mujeres Yucat\u00e1n<\/p>\n\n\n\n<p>Instituto de la Mujer M\u00e9rida<\/p>\n\n\n\n<p>#IniciativaDeLey<\/p>\n\n\n\n<p>#3de3<\/p>\n\n\n\n<p>#investigar<\/p>\n\n\n\n<p>#CARGOSPUBLICOS<\/p>\n\n\n\n<p>#justicia<\/p>\n\n\n\n<p>#cultura<\/p>\n<div class='share-to-whatsapp-wrapper'><div class='share-on-whsp'>Share on: <\/div><a data-text='AMISY MUEVE MONTA\u00d1AS CON SU INICIATIVA \"3 DE 3\"' data-link='https:\/\/visionpeninsular.com\/mid\/amisy-mueve-montanas-con-su-iniciativa-3-de-3\/' class='whatsapp-button whatsapp-share'>WhatsApp<\/a><div class='clear '><\/div><\/div>","protected":false},"excerpt":{"rendered":"<p>Fuente: Sumario Yucat\u00e1n \u00bfQu\u00e9 es una iniciativa ciudadana? Es, a grandes rasgos, una forma de \u201cmover monta\u00f1as\u201d. As\u00ed lo vemos en Sumario Yucat\u00e1n y as\u00ed lo demuestran el grupo de mujeres que forman la Agenda de las Mujeres por la Igualdad Sustantiva en Yucat\u00e1n (AMISY), yucatecas y activistas todas, profesionistas, acad\u00e9micas, empresarias, mam\u00e1s, abuelas y &hellip;<\/p>\n","protected":false},"author":5,"featured_media":151902,"comment_status":"open","ping_status":"open","sticky":false,"template":"","format":"standard","meta":{"_mi_skip_tracking":false},"categories":[49,37],"tags":[12920,30343,30345,30344],"_links":{"self":[{"href":"https:\/\/visionpeninsular.com\/mid\/wp-json\/wp\/v2\/posts\/151900"}],"collection":[{"href":"https:\/\/visionpeninsular.com\/mid\/wp-json\/wp\/v2\/posts"}],"about":[{"href":"https:\/\/visionpeninsular.com\/mid\/wp-json\/wp\/v2\/types\/post"}],"author":[{"embeddable":true,"href":"https:\/\/visionpeninsular.com\/mid\/wp-json\/wp\/v2\/users\/5"}],"replies":[{"embeddable":true,"href":"https:\/\/visionpeninsular.com\/mid\/wp-json\/wp\/v2\/comments?post=151900"}],"version-history":[{"count":1,"href":"https:\/\/visionpeninsular.com\/mid\/wp-json\/wp\/v2\/posts\/151900\/revisions"}],"predecessor-version":[{"id":151905,"href":"https:\/\/visionpeninsular.com\/mid\/wp-json\/wp\/v2\/posts\/151900\/revisions\/151905"}],"wp:featuredmedia":[{"embeddable":true,"href":"https:\/\/visionpeninsular.com\/mid\/wp-json\/wp\/v2\/media\/151902"}],"wp:attachment":[{"href":"https:\/\/visionpeninsular.com\/mid\/wp-json\/wp\/v2\/media?parent=151900"}],"wp:term":[{"taxonomy":"category","embeddable":true,"href":"https:\/\/visionpeninsular.com\/mid\/wp-json\/wp\/v2\/categories?post=151900"},{"taxonomy":"post_tag","embeddable":true,"href":"https:\/\/visionpeninsular.com\/mid\/wp-json\/wp\/v2\/tags?post=151900"}],"curies":[{"name":"wp","href":"https:\/\/api.w.org\/{rel}","templated":true}]}}