{"id":151848,"date":"2022-02-25T12:02:05","date_gmt":"2022-02-25T18:02:05","guid":{"rendered":"https:\/\/visionpeninsular.com\/mid\/?p=151848"},"modified":"2022-02-25T12:02:06","modified_gmt":"2022-02-25T18:02:06","slug":"presidente-de-la-codhey-rinde-su-informe-de-actividades-ante-la-lxiii-legislatura","status":"publish","type":"post","link":"https:\/\/visionpeninsular.com\/mid\/presidente-de-la-codhey-rinde-su-informe-de-actividades-ante-la-lxiii-legislatura\/","title":{"rendered":"Presidente de la CODHEY rinde su informe de actividades ante la LXIII legislatura"},"content":{"rendered":"\n<p>En Sesi\u00f3n Ordinaria, los diputados de la LXIII Legislatura atestiguaron la presentaci\u00f3n del informe de actividades correspondientes al 2021 del presidente de la Comisi\u00f3n de Derechos Humanos del Estado de Yucat\u00e1n (CODHEY), Miguel Sabido Santana.<\/p>\n\n\n\n<p>En su mensaje, el presidente inform\u00f3 a las y los diputados que, desde el momento en que ocup\u00f3 el cargo como Ombudsman, se ha llevado a cabo un proceso de cambio, transformaci\u00f3n, mejora continua y profesionalizaci\u00f3n en la Codhey, permitiendo dar mejores resultados a las y los ciudadanos, pese a las adversidades presentadas por la pandemia.<\/p>\n\n\n\n<p>En tres a\u00f1os, detall\u00f3, se realiz\u00f3 el cambio de oficinas principales a la colonia M\u00e9xico con espacios m\u00e1s amplios y mejores instalaciones, se reinaugur\u00f3 la oficina de enlace en las instalaciones de la Fiscal\u00eda General del Estado, en un espacio con mejor ubicaci\u00f3n y accesibilidad.<\/p>\n\n\n\n<p>-Tambi\u00e9n se inaugur\u00f3 una nueva oficina de atenci\u00f3n en el sur de la ciudad, espec\u00edficamente en San Jos\u00e9 Tecoh, con lo cual se ampl\u00edan los servicios de la Comisi\u00f3n a todas las personas que viven en colonias y fraccionamientos del sur, y en donde se atender\u00e1 los asuntos que se presenten en los Centros de Reinserci\u00f3n Social Varonil y Femenil-, agreg\u00f3.<\/p>\n\n\n\n<p>Se\u00f1al\u00f3 que, entre los avances, est\u00e1 la reubicaci\u00f3n de la Oficina Delegacional de Tekax a una zona de mayor afluencia, formando parte ahora del Centro \u201cRosa Elena Escalante\u201d. Se adquiri\u00f3 mediante donaci\u00f3n, luego de diversas gestiones, un terreno en \u201cLos H\u00e9roes\u201d para la edificaci\u00f3n de un espacio accesible y sustentable.<\/p>\n\n\n\n<p>Asimismo, se han adquirido nuevos equipos de c\u00f3mputo, y en el pr\u00f3ximo a\u00f1o se implementar\u00e1 el nuevo Sistema Integral de Gesti\u00f3n de Informaci\u00f3n, que permitir\u00e1 tener expedientes electr\u00f3nicos. \u201cNo puedo dejar pasar la oportunidad de informar que, durante mi gesti\u00f3n se ha brindado constante capacitaci\u00f3n al personal, pues le apostamos a la profesionalizaci\u00f3n de nuestros servicios\u201d, agreg\u00f3.<\/p>\n\n\n\n<p>-Estas, son algunas de las acciones que hemos desarrollado para sentar las bases de nuestro proyecto, para generar \u201cUna Comisi\u00f3n de Derechos Humanos con un rostro humano\u201d, qu\u00e9 en t\u00e9rminos muy concretos, significa brindar servicios de excelencia, poniendo al centro a las personas y sus necesidades, atendiendo a la protecci\u00f3n y defensa de sus derechos, siempre anteponiendo los principios de justicia e igualdad-, continu\u00f3.<\/p>\n\n\n\n<p>Asegur\u00f3, que se seguir\u00e1 insistiendo en temas de alta importancia como son la legalidad y la seguridad jur\u00eddica, el ejercicio de las libertades, la igualdad, la mejora en las condiciones de vida y el combate a la marginaci\u00f3n y la pobreza, el cuidado de nuestro ambiente, as\u00ed como en la protecci\u00f3n de los derechos de los grupos m\u00e1s vulnerables y aqu\u00e9llos que hist\u00f3ricamente han sufrido discriminaci\u00f3n y marginaci\u00f3n, lo que los pone en desventaja para acceder a un nivel de vida digna.<\/p>\n\n\n\n<p>\u201cHoy, nuestro compromiso es m\u00e1s fuerte y se redobla para superar la crisis y la adversidad. Exhorto a que sigamos trabajando de la mano en pro de nuestra sociedad y de los ideales m\u00e1s altos de libertad e igualdad\u201d, finaliz\u00f3.<\/p>\n\n\n\n<p>Al t\u00e9rmino, el presidente de la Codhey hizo entrega a la Mesa Directiva del Congreso del Estado, el informe correspondiente al 2021.<\/p>\n\n\n\n<p>Posteriormente, los diputados aprobaron por unanimidad la celebraci\u00f3n de la siguiente Sesi\u00f3n Ordinaria para el martes 1 de marzo a las 11 horas.<\/p>\n<div class='share-to-whatsapp-wrapper'><div class='share-on-whsp'>Share on: <\/div><a data-text='Presidente de la CODHEY rinde su informe de actividades ante la LXIII legislatura' data-link='https:\/\/visionpeninsular.com\/mid\/presidente-de-la-codhey-rinde-su-informe-de-actividades-ante-la-lxiii-legislatura\/' class='whatsapp-button whatsapp-share'>WhatsApp<\/a><div class='clear '><\/div><\/div>","protected":false},"excerpt":{"rendered":"<p>En Sesi\u00f3n Ordinaria, los diputados de la LXIII Legislatura atestiguaron la presentaci\u00f3n del informe de actividades correspondientes al 2021 del presidente de la Comisi\u00f3n de Derechos Humanos del Estado de Yucat\u00e1n (CODHEY), Miguel Sabido Santana. En su mensaje, el presidente inform\u00f3 a las y los diputados que, desde el momento en que ocup\u00f3 el cargo &hellip;<\/p>\n","protected":false},"author":5,"featured_media":151850,"comment_status":"open","ping_status":"open","sticky":false,"template":"","format":"standard","meta":{"_mi_skip_tracking":false},"categories":[50,37],"tags":[468,30318],"_links":{"self":[{"href":"https:\/\/visionpeninsular.com\/mid\/wp-json\/wp\/v2\/posts\/151848"}],"collection":[{"href":"https:\/\/visionpeninsular.com\/mid\/wp-json\/wp\/v2\/posts"}],"about":[{"href":"https:\/\/visionpeninsular.com\/mid\/wp-json\/wp\/v2\/types\/post"}],"author":[{"embeddable":true,"href":"https:\/\/visionpeninsular.com\/mid\/wp-json\/wp\/v2\/users\/5"}],"replies":[{"embeddable":true,"href":"https:\/\/visionpeninsular.com\/mid\/wp-json\/wp\/v2\/comments?post=151848"}],"version-history":[{"count":1,"href":"https:\/\/visionpeninsular.com\/mid\/wp-json\/wp\/v2\/posts\/151848\/revisions"}],"predecessor-version":[{"id":151851,"href":"https:\/\/visionpeninsular.com\/mid\/wp-json\/wp\/v2\/posts\/151848\/revisions\/151851"}],"wp:featuredmedia":[{"embeddable":true,"href":"https:\/\/visionpeninsular.com\/mid\/wp-json\/wp\/v2\/media\/151850"}],"wp:attachment":[{"href":"https:\/\/visionpeninsular.com\/mid\/wp-json\/wp\/v2\/media?parent=151848"}],"wp:term":[{"taxonomy":"category","embeddable":true,"href":"https:\/\/visionpeninsular.com\/mid\/wp-json\/wp\/v2\/categories?post=151848"},{"taxonomy":"post_tag","embeddable":true,"href":"https:\/\/visionpeninsular.com\/mid\/wp-json\/wp\/v2\/tags?post=151848"}],"curies":[{"name":"wp","href":"https:\/\/api.w.org\/{rel}","templated":true}]}}