{"id":151484,"date":"2022-02-15T11:57:47","date_gmt":"2022-02-15T17:57:47","guid":{"rendered":"https:\/\/visionpeninsular.com\/mid\/?p=151484"},"modified":"2022-02-15T11:57:50","modified_gmt":"2022-02-15T17:57:50","slug":"reconocen-a-brillantes-jovenes-matematicas-yucatecas","status":"publish","type":"post","link":"https:\/\/visionpeninsular.com\/mid\/reconocen-a-brillantes-jovenes-matematicas-yucatecas\/","title":{"rendered":"Reconocen a brillantes j\u00f3venes matem\u00e1ticas yucatecas"},"content":{"rendered":"\n<p>M\u00e9rida, Yucat\u00e1n, 14 de febrero de 2022.- J\u00f3venes yucatecas colocaron a la entidad en el cuarto lugar del pa\u00eds, por puntuaci\u00f3n general, en el primer Concurso Femenil de la Olimpiada de Matem\u00e1ticas, en el cual obtuvieron una medalla de oro, otra de plata y 2 de bronce, esfuerzo que el Gobernador Mauricio Vila Dosal reconoci\u00f3 y agradeci\u00f3, al promover el inter\u00e9s de las ni\u00f1as en las ciencias para disminuir la brecha de g\u00e9nero en la formaci\u00f3n de vocaciones cient\u00edficas.<\/p>\n\n\n\n<p>Desde el Sal\u00f3n de los Retratos en Palacio de Gobierno, acompa\u00f1ado del rector de la Universidad Aut\u00f3noma de Yucat\u00e1n (UADY), Jos\u00e9 de Jes\u00fas Williams, Vila Dosal se reuni\u00f3 con las 5 estudiantes de secundaria y preparatoria, de quienes destac\u00f3 el esfuerzo de sus madres y padres, y las invit\u00f3 a seguir desarrollando su talento, pues \u201cmuchas ni\u00f1as se inspirar\u00e1n en ustedes y decidir\u00e1n estudiar las matem\u00e1ticas, as\u00ed como lo est\u00e1n haciendo\u201d.<\/p>\n\n\n\n<figure class=\"wp-block-image size-full\"><img loading=\"lazy\" width=\"768\" height=\"432\" src=\"https:\/\/visionpeninsular.com\/mid\/wp-content\/uploads\/2022\/02\/matematicas-3-scaled-1.jpeg\" alt=\"\" class=\"wp-image-151487\" srcset=\"https:\/\/visionpeninsular.com\/mid\/wp-content\/uploads\/2022\/02\/matematicas-3-scaled-1.jpeg 768w, https:\/\/visionpeninsular.com\/mid\/wp-content\/uploads\/2022\/02\/matematicas-3-scaled-1-300x169.jpeg 300w\" sizes=\"(max-width: 768px) 100vw, 768px\" \/><\/figure>\n\n\n\n<p>Las participantes de dicho certamen que, por primera vez, se realiz\u00f3 exclusivamente para mujeres, son Mar\u00eda Fernanda L\u00f3pez Tuyub, de la Preparatoria 2 UADY, que obtuvo presea de oro; Susan Vera Basora, del Centro de Estudios de las Am\u00e9ricas (CELA), que gan\u00f3 plata; Valeria Ruz Gonz\u00e1lez, de la secundaria Piaget, y Mizar Gamboa Pino, de la Preparatoria 2 UADY, quienes consiguieron bronce, y Dana Medina Gonz\u00e1lez, que tambi\u00e9n compiti\u00f3 como parte de su preparaci\u00f3n.<\/p>\n\n\n\n<p>Junto con el titular de la Secretar\u00eda de Educaci\u00f3n del Estado (Segey), Liborio Vidal Aguilar, Vila Dosal escuch\u00f3 de cada una de ellas su experiencia en el Concurso, el cual se llev\u00f3 a cabo del 31 de enero al 6 de febrero; las yucatecas tuvieron que pasar por diferentes ejercicios, entre ellos, resolver 3 problemas de alta dificultad, en un tiempo de 4 horas y media, reto que lograron con \u00e9xito.<\/p>\n\n\n\n<figure class=\"wp-block-image size-full\"><img loading=\"lazy\" width=\"768\" height=\"432\" src=\"https:\/\/visionpeninsular.com\/mid\/wp-content\/uploads\/2022\/02\/matematicas-4-scaled-1.jpeg\" alt=\"\" class=\"wp-image-151488\" srcset=\"https:\/\/visionpeninsular.com\/mid\/wp-content\/uploads\/2022\/02\/matematicas-4-scaled-1.jpeg 768w, https:\/\/visionpeninsular.com\/mid\/wp-content\/uploads\/2022\/02\/matematicas-4-scaled-1-300x169.jpeg 300w\" sizes=\"(max-width: 768px) 100vw, 768px\" \/><\/figure>\n\n\n\n<p>En ese marco, el director de la Facultad de Matem\u00e1ticas de la UADY destac\u00f3 la importancia de impulsar el estudio de esta ciencia entre las j\u00f3venes, pues es un \u00e1rea de oportunidad para que demuestren que tienen las capacidades e incrementar la presencia de mujeres, en carreras como las ingenier\u00edas, en que predominan los hombres.<\/p>\n\n\n\n<figure class=\"wp-block-image size-full\"><img loading=\"lazy\" width=\"768\" height=\"431\" src=\"https:\/\/visionpeninsular.com\/mid\/wp-content\/uploads\/2022\/02\/matematicas-5-scaled-1.jpeg\" alt=\"\" class=\"wp-image-151489\" srcset=\"https:\/\/visionpeninsular.com\/mid\/wp-content\/uploads\/2022\/02\/matematicas-5-scaled-1.jpeg 768w, https:\/\/visionpeninsular.com\/mid\/wp-content\/uploads\/2022\/02\/matematicas-5-scaled-1-300x168.jpeg 300w\" sizes=\"(max-width: 768px) 100vw, 768px\" \/><\/figure>\n\n\n\n<p>A su vez, el Gobernador instruy\u00f3 a Vidal Aguilar que trabaje en coordinaci\u00f3n con la UADY, para impartir capacitaci\u00f3n a docentes sobre habilidades y m\u00e9todos de la Olimpiada, con tal de actualizar los modelos de ense\u00f1anza de esta materia, bajo un contexto en el que no sea tan complicada y genere mayor inter\u00e9s entre el alumnado; los talleres se desarrollar\u00edan en M\u00e9rida, el oriente y sur del estado.<\/p>\n\n\n\n<p>\u201cDe esta forma, podemos acortar la brecha de conocimiento y la de g\u00e9nero, y obtener una matr\u00edcula equilibrada en las diferentes carreras, pues tambi\u00e9n las empresas que llegan a Yucat\u00e1n a invertir, demandan una plantilla laboral conformada por hombres y mujeres en igual n\u00famero, y tambi\u00e9n, potenciamos el talento que se encuentra en municipios del interior, todo ello para ofrecer un mejor futuro a los j\u00f3venes\u201d, indic\u00f3 Vila Dosal.<\/p>\n\n\n\n<p>Por su parte, el coordinador de la Olimpiada, Pedro David S\u00e1nchez Salazar, record\u00f3 que este es el primer estado que incluye una prueba adicional biling\u00fce, en espa\u00f1ol y maya, en estas competencias, desde el 2016, para captar talentos que tambi\u00e9n viven en demarcaciones maya hablantes, modelo que se replic\u00f3 y, ahora, son 3 entidades en todo el pa\u00eds que lo aplican.<\/p>\n\n\n\n<figure class=\"wp-block-image size-full\"><img loading=\"lazy\" width=\"768\" height=\"432\" src=\"https:\/\/visionpeninsular.com\/mid\/wp-content\/uploads\/2022\/02\/matematicas-6-scaled-1.jpeg\" alt=\"\" class=\"wp-image-151490\" srcset=\"https:\/\/visionpeninsular.com\/mid\/wp-content\/uploads\/2022\/02\/matematicas-6-scaled-1.jpeg 768w, https:\/\/visionpeninsular.com\/mid\/wp-content\/uploads\/2022\/02\/matematicas-6-scaled-1-300x169.jpeg 300w\" sizes=\"(max-width: 768px) 100vw, 768px\" \/><\/figure>\n\n\n\n<p>Desde hace 35 a\u00f1os, la UADY organiza la Olimpiada de Matem\u00e1ticas en 3 niveles, estatal, nacional e internacional, y la Segey coopera con la preselecci\u00f3n de estudiantes, desde cuarto de primaria hasta segundo de bachillerato, con el objetivo de promover el estudio de las matem\u00e1ticas en la sociedad yucateca, de una forma m\u00e1s creativa y menos memor\u00edstica.<\/p>\n\n\n\n<p>Cabe se\u00f1alar que las y los alumnos que ganan los concursos nacionales sobre esta materia, como Mar\u00eda Fernanda L\u00f3pez Tuyub, que obtuvo medalla de oro, entran a una preselecci\u00f3n a nivel pa\u00eds para reunirse con profesores y entrenadores, en distintas sedes de la Rep\u00fablica, de manera que puedan participar en varios cert\u00e1menes en el mundo.<\/p>\n\n\n\n<p>Finalmente, en reconocimiento a su esfuerzo, el Gobernador entreg\u00f3 a cada una de estas j\u00f3venes una tableta electr\u00f3nica, con el fin de que cuenten con las herramientas digitales necesarias para seguir nutriendo sus conocimientos y dejando en alto el nombre de Yucat\u00e1n.<\/p>\n<div class='share-to-whatsapp-wrapper'><div class='share-on-whsp'>Share on: <\/div><a data-text='Reconocen a brillantes j\u00f3venes matem\u00e1ticas yucatecas' data-link='https:\/\/visionpeninsular.com\/mid\/reconocen-a-brillantes-jovenes-matematicas-yucatecas\/' class='whatsapp-button whatsapp-share'>WhatsApp<\/a><div class='clear '><\/div><\/div>","protected":false},"excerpt":{"rendered":"<p>M\u00e9rida, Yucat\u00e1n, 14 de febrero de 2022.- J\u00f3venes yucatecas colocaron a la entidad en el cuarto lugar del pa\u00eds, por puntuaci\u00f3n general, en el primer Concurso Femenil de la Olimpiada de Matem\u00e1ticas, en el cual obtuvieron una medalla de oro, otra de plata y 2 de bronce, esfuerzo que el Gobernador Mauricio Vila Dosal reconoci\u00f3 &hellip;<\/p>\n","protected":false},"author":5,"featured_media":151486,"comment_status":"open","ping_status":"open","sticky":false,"template":"","format":"standard","meta":{"_mi_skip_tracking":false},"categories":[49,37],"tags":[30182,20970,3861,30183,448],"_links":{"self":[{"href":"https:\/\/visionpeninsular.com\/mid\/wp-json\/wp\/v2\/posts\/151484"}],"collection":[{"href":"https:\/\/visionpeninsular.com\/mid\/wp-json\/wp\/v2\/posts"}],"about":[{"href":"https:\/\/visionpeninsular.com\/mid\/wp-json\/wp\/v2\/types\/post"}],"author":[{"embeddable":true,"href":"https:\/\/visionpeninsular.com\/mid\/wp-json\/wp\/v2\/users\/5"}],"replies":[{"embeddable":true,"href":"https:\/\/visionpeninsular.com\/mid\/wp-json\/wp\/v2\/comments?post=151484"}],"version-history":[{"count":1,"href":"https:\/\/visionpeninsular.com\/mid\/wp-json\/wp\/v2\/posts\/151484\/revisions"}],"predecessor-version":[{"id":151491,"href":"https:\/\/visionpeninsular.com\/mid\/wp-json\/wp\/v2\/posts\/151484\/revisions\/151491"}],"wp:featuredmedia":[{"embeddable":true,"href":"https:\/\/visionpeninsular.com\/mid\/wp-json\/wp\/v2\/media\/151486"}],"wp:attachment":[{"href":"https:\/\/visionpeninsular.com\/mid\/wp-json\/wp\/v2\/media?parent=151484"}],"wp:term":[{"taxonomy":"category","embeddable":true,"href":"https:\/\/visionpeninsular.com\/mid\/wp-json\/wp\/v2\/categories?post=151484"},{"taxonomy":"post_tag","embeddable":true,"href":"https:\/\/visionpeninsular.com\/mid\/wp-json\/wp\/v2\/tags?post=151484"}],"curies":[{"name":"wp","href":"https:\/\/api.w.org\/{rel}","templated":true}]}}