{"id":151349,"date":"2022-02-10T11:42:48","date_gmt":"2022-02-10T17:42:48","guid":{"rendered":"https:\/\/visionpeninsular.com\/mid\/?p=151349"},"modified":"2022-02-10T11:42:57","modified_gmt":"2022-02-10T17:42:57","slug":"el-municipio-agradece-a-la-comunidad-artistica-y-la-ciudadania-por-participar-en-el-merida-fest","status":"publish","type":"post","link":"https:\/\/visionpeninsular.com\/mid\/el-municipio-agradece-a-la-comunidad-artistica-y-la-ciudadania-por-participar-en-el-merida-fest\/","title":{"rendered":"El Municipio agradece a la comunidad art\u00edstica y la ciudadan\u00eda por participar en el M\u00e9rida Fest"},"content":{"rendered":"\n<p><strong>&nbsp;<em>El Ayuntamiento de M\u00e9rida presenta a los galardonados de la convocatoria de Interpretaci\u00f3n Gastron\u00f3mica y Composici\u00f3n de Trova<\/em><\/strong><\/p>\n\n\n\n<p>M\u00e9rida, 9 de febrero de 2022.- El Ayuntamiento de M\u00e9rida, a trav\u00e9s de la Direcci\u00f3n de Cultura, present\u00f3 a los ganadores de la segunda edici\u00f3n de Composici\u00f3n de Trova Yucateca del M\u00e9rida Fest 2022 y a los ganadores del Primer del Primer Concurso de Interpretaci\u00f3n Gastron\u00f3mica 2022.<\/p>\n\n\n\n<p>En el evento, que se llev\u00f3 a cabo en la sala audiovisual del Centro Cultural \u201cOlimpo\u201d, el Alcalde Ren\u00e1n Barrera Concha inform\u00f3 que la celebraci\u00f3n del M\u00e9rida Fest 2022 fue un gran paso hacia la nueva normalidad, porque permiti\u00f3 reactivar la econom\u00eda de la comunidad art\u00edstica y que recuperemos la esperanza a trav\u00e9s del arte y la cultura resiliente.<\/p>\n\n\n\n<figure class=\"wp-block-image size-large\"><img loading=\"lazy\" width=\"1024\" height=\"682\" src=\"https:\/\/visionpeninsular.com\/mid\/wp-content\/uploads\/2022\/02\/Merida-Fest-2022-02-09-at-4.44.25-PM-1-1024x682.jpeg\" alt=\"\" class=\"wp-image-151352\" srcset=\"https:\/\/visionpeninsular.com\/mid\/wp-content\/uploads\/2022\/02\/Merida-Fest-2022-02-09-at-4.44.25-PM-1-1024x682.jpeg 1024w, https:\/\/visionpeninsular.com\/mid\/wp-content\/uploads\/2022\/02\/Merida-Fest-2022-02-09-at-4.44.25-PM-1-300x200.jpeg 300w, https:\/\/visionpeninsular.com\/mid\/wp-content\/uploads\/2022\/02\/Merida-Fest-2022-02-09-at-4.44.25-PM-1-768x512.jpeg 768w, https:\/\/visionpeninsular.com\/mid\/wp-content\/uploads\/2022\/02\/Merida-Fest-2022-02-09-at-4.44.25-PM-1-310x205.jpeg 310w, https:\/\/visionpeninsular.com\/mid\/wp-content\/uploads\/2022\/02\/Merida-Fest-2022-02-09-at-4.44.25-PM-1.jpeg 1280w\" sizes=\"(max-width: 1024px) 100vw, 1024px\" \/><\/figure>\n\n\n\n<p>\u201cNo podemos sacrificar la salud por cuidar la econom\u00eda, pero tampoco podemos sacrificar la econom\u00eda por cuidar la salud, porque de una u otra nos vamos a ir deteriorando y por eso nos dimos a la tarea de encontrar el punto de equilibrio de no bajar la guardia al mantener un festival responsable, bien organizado, con protocolos sanitarios, que pudo o no haber sido tan exitoso en la medida que la gente decidiera tambi\u00e9n ser responsable\u201d, expres\u00f3.<\/p>\n\n\n\n<p>Ante la presencia de regidoras y representantes de la comunidad art\u00edstica, Barrera Concha explic\u00f3 que esta reactivaci\u00f3n social permitir\u00e1 avanzar en la recuperaci\u00f3n de los diferentes sectores de la sociedad.<\/p>\n\n\n\n<p>\u201cVamos a seguir impulsando la cultura con todas nuestras capacidades y creatividad para que ustedes sigan teniendo las oportunidades de que su m\u00fasica, sus sabores, el arte y sobre todo la alegr\u00eda y la risa, nos pueda permitir vivir de nuevo una M\u00e9rida al cien por ciento cultural\u201d, precis\u00f3.<\/p>\n\n\n\n<figure class=\"wp-block-image size-large\"><img loading=\"lazy\" width=\"1024\" height=\"682\" src=\"https:\/\/visionpeninsular.com\/mid\/wp-content\/uploads\/2022\/02\/Merida-Fest-2022-02-09-at-4.44.25-PM-2-1024x682.jpeg\" alt=\"\" class=\"wp-image-151353\" srcset=\"https:\/\/visionpeninsular.com\/mid\/wp-content\/uploads\/2022\/02\/Merida-Fest-2022-02-09-at-4.44.25-PM-2-1024x682.jpeg 1024w, https:\/\/visionpeninsular.com\/mid\/wp-content\/uploads\/2022\/02\/Merida-Fest-2022-02-09-at-4.44.25-PM-2-300x200.jpeg 300w, https:\/\/visionpeninsular.com\/mid\/wp-content\/uploads\/2022\/02\/Merida-Fest-2022-02-09-at-4.44.25-PM-2-768x512.jpeg 768w, https:\/\/visionpeninsular.com\/mid\/wp-content\/uploads\/2022\/02\/Merida-Fest-2022-02-09-at-4.44.25-PM-2-310x205.jpeg 310w, https:\/\/visionpeninsular.com\/mid\/wp-content\/uploads\/2022\/02\/Merida-Fest-2022-02-09-at-4.44.25-PM-2.jpeg 1280w\" sizes=\"(max-width: 1024px) 100vw, 1024px\" \/><\/figure>\n\n\n\n<p>En su intervenci\u00f3n Mario Herrera Flores \u201cMario tercero\u201d, actor de teatro regional, indic\u00f3 que con la realizaci\u00f3n del M\u00e9rida Fest 2022 la capital yucateca se consolid\u00f3 como la ciudad con m\u00e1s actividad cultural en nuestro pa\u00eds, porque M\u00e9rida es \u201cla ciudad que sabe\u201d cu\u00e1nta importancia tiene la cultura en el desarrollo de la sociedad.<\/p>\n\n\n\n<p>A su vez, Diana Castillo Castro, directora de la Fundaci\u00f3n Centro Cultural \u201cLa C\u00fapula\u201d reconoci\u00f3 el esfuerzo de la administraci\u00f3n municipal para que la cultura regrese de manera paulatina y responsable a la ciudad de M\u00e9rida.<\/p>\n\n\n\n<p>\u201cCasi dos a\u00f1os despu\u00e9s, gracias al M\u00e9rida Fest, en parte, pero gracias a los esfuerzos de todos, estamos viendo la luz y ha sido un enorme rayo de esperanza poder traer un granito de arena a este festival de la ciudad que mostr\u00f3 que podemos hacer las cosas bien y podemos hacerlas con responsabilidad, tanto por parte de las autoridades, los organizadores, como la responsabilidad individual de cada quien\u201d, destac\u00f3.<\/p>\n\n\n\n<p>En ese sentido, el Presidente Municipal agradeci\u00f3 a las y los artistas que participaron en el M\u00e9rida Fest 2022, porque gracias a su contribuci\u00f3n se logr\u00f3 el \u00e9xito de un Festival que demostr\u00f3 cu\u00e1n importantes son los peque\u00f1os pasos para ir alcanzando poco a poco la normalidad.<\/p>\n\n\n\n<p>\u201cGracias por estar aqu\u00ed y gracias tambi\u00e9n por hacernos vibrar, re\u00edr, llorar y sentir, porque la cultura no se puede vivir si no es entre varios, sino es entre muchos y si no es de forma presencial\u201d, expres\u00f3.<\/p>\n\n\n\n<p>Por su parte, Irving Berl\u00edn Villafa\u00f1a, director de Cultura indic\u00f3 que gracias a que el M\u00e9rida Fest 2022 se dise\u00f1\u00f3 de una manera responsable, fue que los eventos no se pudieron cancelar, ya que se realiz\u00f3 en espacios con aforo controlado y con eventos al aire libre donde no se registraron aglomeraciones de asistentes.<\/p>\n\n\n\n<p>\u201cTuvimos una respuesta positiva de los asistentes, todas y todos actuaron de manera responsable coadyuvando con las medidas sanitarias. Gracias a todo esto fue que pudimos llevar a cabo nuestro M\u00e9rida Fest dise\u00f1ado para que la comunidad art\u00edstica pudiera desplegar su talento y para que tuviera tambi\u00e9n un recurso econ\u00f3mico\u201d, mencion\u00f3.<\/p>\n\n\n\n<p>Los ganadores de la segunda edici\u00f3n de composici\u00f3n de trova yucateca fueron Emmanuel Ayuso Hern\u00e1ndez, del tr\u00edo Trovemia; Mario Canul P\u00e9rez, del tr\u00edo Despertar; Luis Antonio Andrade Castillo, Fabi\u00e1n Cano Baqueiro, Irving Cetz Pacheco, Ricardo Cool Canch\u00e9, Mar\u00eda Graillet Moctezuma y Rilna Maribel Altamira G\u00f3mez.<\/p>\n\n\n\n<p>Los ganadores del primer concurso de interpretaci\u00f3n gastron\u00f3mica 2022 fueron como primer lugar el equipo La Trova, integrado por Manuel Moo Bracamonte, Efr\u00e9n de Jes\u00fas Villanueva y Jorge Carlos Sosa y el segundo lugar el equipo \u201cKukulc\u00e1n\u201d, conformado por Pedro Campos Ku y Adolfo Rodrigo Echeverr\u00eda.<\/p>\n\n\n\n<p>Al evento tambi\u00e9n asistieron las regidoras Mariana Gaber Fern\u00e1ndez Montilla, presidenta de la Comisi\u00f3n Especial de Cultura y Espect\u00e1culos; y Celia Rivas Rodr\u00edguez, Ana Gabriela Aguilar Ruiz y Gloria Valle Ricalde.<\/p>\n<div class='share-to-whatsapp-wrapper'><div class='share-on-whsp'>Share on: <\/div><a data-text='El Municipio agradece a la comunidad art\u00edstica y la ciudadan\u00eda por participar en el M\u00e9rida Fest' data-link='https:\/\/visionpeninsular.com\/mid\/el-municipio-agradece-a-la-comunidad-artistica-y-la-ciudadania-por-participar-en-el-merida-fest\/' class='whatsapp-button whatsapp-share'>WhatsApp<\/a><div class='clear '><\/div><\/div>","protected":false},"excerpt":{"rendered":"<p>&nbsp;El Ayuntamiento de M\u00e9rida presenta a los galardonados de la convocatoria de Interpretaci\u00f3n Gastron\u00f3mica y Composici\u00f3n de Trova M\u00e9rida, 9 de febrero de 2022.- El Ayuntamiento de M\u00e9rida, a trav\u00e9s de la Direcci\u00f3n de Cultura, present\u00f3 a los ganadores de la segunda edici\u00f3n de Composici\u00f3n de Trova Yucateca del M\u00e9rida Fest 2022 y a los &hellip;<\/p>\n","protected":false},"author":5,"featured_media":151351,"comment_status":"open","ping_status":"open","sticky":false,"template":"","format":"standard","meta":{"_mi_skip_tracking":false},"categories":[49,37],"tags":[30135,8971],"_links":{"self":[{"href":"https:\/\/visionpeninsular.com\/mid\/wp-json\/wp\/v2\/posts\/151349"}],"collection":[{"href":"https:\/\/visionpeninsular.com\/mid\/wp-json\/wp\/v2\/posts"}],"about":[{"href":"https:\/\/visionpeninsular.com\/mid\/wp-json\/wp\/v2\/types\/post"}],"author":[{"embeddable":true,"href":"https:\/\/visionpeninsular.com\/mid\/wp-json\/wp\/v2\/users\/5"}],"replies":[{"embeddable":true,"href":"https:\/\/visionpeninsular.com\/mid\/wp-json\/wp\/v2\/comments?post=151349"}],"version-history":[{"count":1,"href":"https:\/\/visionpeninsular.com\/mid\/wp-json\/wp\/v2\/posts\/151349\/revisions"}],"predecessor-version":[{"id":151354,"href":"https:\/\/visionpeninsular.com\/mid\/wp-json\/wp\/v2\/posts\/151349\/revisions\/151354"}],"wp:featuredmedia":[{"embeddable":true,"href":"https:\/\/visionpeninsular.com\/mid\/wp-json\/wp\/v2\/media\/151351"}],"wp:attachment":[{"href":"https:\/\/visionpeninsular.com\/mid\/wp-json\/wp\/v2\/media?parent=151349"}],"wp:term":[{"taxonomy":"category","embeddable":true,"href":"https:\/\/visionpeninsular.com\/mid\/wp-json\/wp\/v2\/categories?post=151349"},{"taxonomy":"post_tag","embeddable":true,"href":"https:\/\/visionpeninsular.com\/mid\/wp-json\/wp\/v2\/tags?post=151349"}],"curies":[{"name":"wp","href":"https:\/\/api.w.org\/{rel}","templated":true}]}}