{"id":1508,"date":"2016-04-13T06:34:19","date_gmt":"2016-04-13T11:34:19","guid":{"rendered":"http:\/\/visionpeninsular.com\/mid\/?p=1508"},"modified":"2016-04-13T06:34:34","modified_gmt":"2016-04-13T11:34:34","slug":"1508","status":"publish","type":"post","link":"https:\/\/visionpeninsular.com\/mid\/1508\/","title":{"rendered":"UBER anuncia, a partir de mayo habr\u00e1 nueva f\u00f3rmula de cobro para servicio"},"content":{"rendered":"<p> (Notimex).- Directivos de la empresa Uber M\u00e9xico y el secretario de Movilidad de la Ciudad de M\u00e9xico, H\u00e9ctor Serrano Cort\u00e9s, acordaron que ser\u00e1 a principios de mayo cuando den a conocer una nueva f\u00f3rmula para el cobro del servicio.<\/p>\n<p>En un comunicado, el titular de Movilidad de la Ciudad de M\u00e9xico y directivos de Uber M\u00e9xico informaron que la empresa se comprometi\u00f3 a que usuarios pagar\u00e1n una tarifa m\u00e1xima de 4.9X por viaje, mientras tanto.<\/p>\n<p>En la reuni\u00f3n, coincidieron en que el algoritmo que se utilizar\u00e1 para el cobro de los traslados deber\u00e1 asegurar el equilibrio entre calidad del servicio y el monto justo de la tarifa.<\/p>\n<p>As\u00ed, iniciar\u00e1 la revisi\u00f3n del modelo sistematizado que determina las tarifas, a fin de que los costos por viaje no deriven en montos excesivos.<\/p>\n<p>Ello, luego de que la semana pasada aumentaran las tarifas din\u00e1micas hasta en 9.9X por el \u201cDoble Hoy No Circula\u201d, debido a la mala calidad del aire que ha imperado en la Ciudad de M\u00e9xico y que gener\u00f3 que 40 por ciento de socios no estuvieran disponibles.<\/p>\n<p>El mi\u00e9rcoles 6 de abril se increment\u00f3 de manera desproporcionada la tarifa de la aplicaci\u00f3n de transporte, como resultado del doble Hoy No Circula decretado por la Comisi\u00f3n Ambiental de la Megal\u00f3polis (Came).<\/p>\n<p>En su momento, la firma especializada en transporte privado expuso que la tarifa del servicio se comporta de acuerdo con la oferta y demanda.<\/p>\n<div class='share-to-whatsapp-wrapper'><div class='share-on-whsp'>Share on: <\/div><a data-text='UBER anuncia, a partir de mayo habr\u00e1 nueva f\u00f3rmula de cobro para servicio' data-link='https:\/\/visionpeninsular.com\/mid\/1508\/' class='whatsapp-button whatsapp-share'>WhatsApp<\/a><div class='clear '><\/div><\/div>","protected":false},"excerpt":{"rendered":"<p>(Notimex).- Directivos de la empresa Uber M\u00e9xico y el secretario de Movilidad de la Ciudad de M\u00e9xico, H\u00e9ctor Serrano Cort\u00e9s, acordaron que ser\u00e1 a principios de mayo cuando den a conocer una nueva f\u00f3rmula para el cobro del servicio. En un comunicado, el titular de Movilidad de la Ciudad de M\u00e9xico y directivos de Uber &hellip;<\/p>\n","protected":false},"author":1,"featured_media":1509,"comment_status":"open","ping_status":"closed","sticky":false,"template":"","format":"standard","meta":{"_mi_skip_tracking":false},"categories":[50,37],"tags":[208,207],"_links":{"self":[{"href":"https:\/\/visionpeninsular.com\/mid\/wp-json\/wp\/v2\/posts\/1508"}],"collection":[{"href":"https:\/\/visionpeninsular.com\/mid\/wp-json\/wp\/v2\/posts"}],"about":[{"href":"https:\/\/visionpeninsular.com\/mid\/wp-json\/wp\/v2\/types\/post"}],"author":[{"embeddable":true,"href":"https:\/\/visionpeninsular.com\/mid\/wp-json\/wp\/v2\/users\/1"}],"replies":[{"embeddable":true,"href":"https:\/\/visionpeninsular.com\/mid\/wp-json\/wp\/v2\/comments?post=1508"}],"version-history":[{"count":2,"href":"https:\/\/visionpeninsular.com\/mid\/wp-json\/wp\/v2\/posts\/1508\/revisions"}],"predecessor-version":[{"id":1511,"href":"https:\/\/visionpeninsular.com\/mid\/wp-json\/wp\/v2\/posts\/1508\/revisions\/1511"}],"wp:featuredmedia":[{"embeddable":true,"href":"https:\/\/visionpeninsular.com\/mid\/wp-json\/wp\/v2\/media\/1509"}],"wp:attachment":[{"href":"https:\/\/visionpeninsular.com\/mid\/wp-json\/wp\/v2\/media?parent=1508"}],"wp:term":[{"taxonomy":"category","embeddable":true,"href":"https:\/\/visionpeninsular.com\/mid\/wp-json\/wp\/v2\/categories?post=1508"},{"taxonomy":"post_tag","embeddable":true,"href":"https:\/\/visionpeninsular.com\/mid\/wp-json\/wp\/v2\/tags?post=1508"}],"curies":[{"name":"wp","href":"https:\/\/api.w.org\/{rel}","templated":true}]}}