{"id":15013,"date":"2016-10-21T08:16:47","date_gmt":"2016-10-21T13:16:47","guid":{"rendered":"http:\/\/visionpeninsular.com\/mid\/?p=15013"},"modified":"2016-10-21T08:16:47","modified_gmt":"2016-10-21T13:16:47","slug":"amc-entrega-premio-campeche-2016-a-dr-rodrigo-alvarez","status":"publish","type":"post","link":"https:\/\/visionpeninsular.com\/mid\/amc-entrega-premio-campeche-2016-a-dr-rodrigo-alvarez\/","title":{"rendered":"AMC entrega Premio Campeche 2016 a Dr. Rodrigo \u00c1lvarez"},"content":{"rendered":"<p>El gobernador del Estado, Alejandro Moreno C\u00e1rdenas, entreg\u00f3 el Premio Campeche 2016 al doctor cubano Rodrigo \u00c1lvarez Cambras, a quien reconoci\u00f3 como un aliado y amigo de los campechanos.<\/p>\n<p>\u201cHombre de pensamiento liberal, de excepcional calidad humana e \u00edntimamente ligado a las acciones para mejorar los servicios de salud en la entidad\u201d, expres\u00f3 el mandatario al referirse al homenajeado.<\/p>\n<p>Ante cientos de personas que se dieron cita en el Circo Teatro Renacimiento, entre ellos el c\u00f3nsul general de la Rep\u00fablica de Cuba, Mario Jorge Garc\u00eda Cecilia, Moreno C\u00e1rdenas expres\u00f3 que al galardonado no s\u00f3lo le antecede una prestigiada trayectoria profesional internacional, sino tambi\u00e9n lo une un profundo sentimiento de afecto con Campeche, de permanente amistad, cari\u00f1o y trabajo compartido, siempre pensando en ayudar a quien m\u00e1s lo necesita.<\/p>\n<p>\u201cEl doctor \u00c1lvarez Cambras es el embajador de la buena voluntad, de la excelencia y calidad m\u00e9dica. Este premio lo distingue por sus valiosas contribuciones al servicio humanitario, no s\u00f3lo de su natal pa\u00eds, sino de otras naciones hermanas como M\u00e9xico y es muestra clara de que vive en el coraz\u00f3n de muchos ciudadanos que con su ayuda m\u00e9dica especializada han podido recuperar su salud, fortalecer la movilidad f\u00edsica y tener mejor calidad de vida\u201d, agreg\u00f3.<\/p>\n<p>Moreno C\u00e1rdenas recalc\u00f3 que \u00c1lvarez Cambras es un m\u00e9dico extraordinario, hombre \u00edntegro y ciudadano ejemplar del mundo, que representa todo el prestigio de la medicina y de la hermana Rep\u00fablica de Cuba. \u201cS\u00e9 de su valor civil, del poder de su fe en la humanidad y fortaleza de sus convicciones sociales, pero ante todo, del gran amor que le profesa a su pueblo y a los de todo el mundo\u201d.<\/p>\n<p>El mandatario reconoci\u00f3 que por el ejemplo creador de grandes personajes como el del galardonado, en Campeche se est\u00e1 impulsando una gran visi\u00f3n transformadora para que la gente tenga un mayor acceso y mejores servicios de salud, pues no s\u00f3lo se gestionan mayores inversiones para protegerla, sino se trabaja en el cuidado y la construcci\u00f3n de una mentalidad de servicio renovado, donde prevalezca el compromiso de contribuir al bienestar de todos.<\/p>\n<p>Al respecto, indic\u00f3 que con el respaldo del presidente de la Rep\u00fablica Enrique Pe\u00f1a Nieto se est\u00e1 consolidando una mayor infraestructura y servicios de calidad, que est\u00e9 siempre a disposici\u00f3n del pueblo campechano.<\/p>\n<p>En tanto, al hacer uso de la palabra, el galardonado, quien hace cuatro meses y medio fue operado del coraz\u00f3n, dijo que retorna a esta entidad con el mismo cari\u00f1o, sentimiento de amistad y de fervor con el que siempre ha llegado a Campeche.<\/p>\n<p>\u201cMe siento en identificaci\u00f3n con este pueblo que es similar al m\u00edo, que siente igual que mi pueblo y que estamos tan cerca\u201d.<\/p>\n<p><strong>Galard\u00f3n Gratitud<\/strong><\/p>\n<p>El doctor cubano Rodrigo \u00c1lvarez Cambras agradeci\u00f3 el Premio Campeche 2016.<\/p>\n<p><strong>Cari\u00f1o especial<\/strong><\/p>\n<p>Emocionado, subray\u00f3 que Cuba siente un cari\u00f1o muy especial por M\u00e9xico porque desde aqu\u00ed se cont\u00f3 con el apoyo del pueblo para formar expediciones que luchar\u00edan, primero contra el yugo espa\u00f1ol en la \u00e9poca colonial y despu\u00e9s en la Revoluci\u00f3n Cubana. Y fue el \u00fanico pa\u00eds latinoamericano que no rompi\u00f3 relaciones con la isla.<\/p>\n<div class='share-to-whatsapp-wrapper'><div class='share-on-whsp'>Share on: <\/div><a data-text='AMC entrega Premio Campeche 2016 a Dr. Rodrigo \u00c1lvarez' data-link='https:\/\/visionpeninsular.com\/mid\/amc-entrega-premio-campeche-2016-a-dr-rodrigo-alvarez\/' class='whatsapp-button whatsapp-share'>WhatsApp<\/a><div class='clear '><\/div><\/div>","protected":false},"excerpt":{"rendered":"<p>El gobernador del Estado, Alejandro Moreno C\u00e1rdenas, entreg\u00f3 el Premio Campeche 2016 al doctor cubano Rodrigo \u00c1lvarez Cambras, a quien reconoci\u00f3 como un aliado y amigo de los campechanos. \u201cHombre de pensamiento liberal, de excepcional calidad humana e \u00edntimamente ligado a las acciones para mejorar los servicios de salud en la entidad\u201d, expres\u00f3 el mandatario &hellip;<\/p>\n","protected":false},"author":1,"featured_media":15014,"comment_status":"open","ping_status":"open","sticky":false,"template":"","format":"standard","meta":{"_mi_skip_tracking":false},"categories":[46],"tags":[3324],"_links":{"self":[{"href":"https:\/\/visionpeninsular.com\/mid\/wp-json\/wp\/v2\/posts\/15013"}],"collection":[{"href":"https:\/\/visionpeninsular.com\/mid\/wp-json\/wp\/v2\/posts"}],"about":[{"href":"https:\/\/visionpeninsular.com\/mid\/wp-json\/wp\/v2\/types\/post"}],"author":[{"embeddable":true,"href":"https:\/\/visionpeninsular.com\/mid\/wp-json\/wp\/v2\/users\/1"}],"replies":[{"embeddable":true,"href":"https:\/\/visionpeninsular.com\/mid\/wp-json\/wp\/v2\/comments?post=15013"}],"version-history":[{"count":1,"href":"https:\/\/visionpeninsular.com\/mid\/wp-json\/wp\/v2\/posts\/15013\/revisions"}],"predecessor-version":[{"id":15015,"href":"https:\/\/visionpeninsular.com\/mid\/wp-json\/wp\/v2\/posts\/15013\/revisions\/15015"}],"wp:featuredmedia":[{"embeddable":true,"href":"https:\/\/visionpeninsular.com\/mid\/wp-json\/wp\/v2\/media\/15014"}],"wp:attachment":[{"href":"https:\/\/visionpeninsular.com\/mid\/wp-json\/wp\/v2\/media?parent=15013"}],"wp:term":[{"taxonomy":"category","embeddable":true,"href":"https:\/\/visionpeninsular.com\/mid\/wp-json\/wp\/v2\/categories?post=15013"},{"taxonomy":"post_tag","embeddable":true,"href":"https:\/\/visionpeninsular.com\/mid\/wp-json\/wp\/v2\/tags?post=15013"}],"curies":[{"name":"wp","href":"https:\/\/api.w.org\/{rel}","templated":true}]}}