{"id":149445,"date":"2021-12-18T10:40:22","date_gmt":"2021-12-18T16:40:22","guid":{"rendered":"https:\/\/visionpeninsular.com\/mid\/?p=149445"},"modified":"2021-12-18T10:40:29","modified_gmt":"2021-12-18T16:40:29","slug":"premian-a-ganadores-del-concurso-de-fotografia-de-la-codhey","status":"publish","type":"post","link":"https:\/\/visionpeninsular.com\/mid\/premian-a-ganadores-del-concurso-de-fotografia-de-la-codhey\/","title":{"rendered":"Premian a ganadores del concurso de fotograf\u00eda de la Codhey"},"content":{"rendered":"\n<p>M\u00e9rida, Yucat\u00e1n; 17 de diciembre de 2021.- Con la imagen \u201cSalud, equidad e igualdad\u201d, Dulce Alejandra Balam Espa\u00f1a fue la ganadora del 6\u00ba Concurso Estatal de Fotograf\u00eda en Derechos Humanos \u201cLos derechos de los pueblos y comunidades ind\u00edgenas\u201d y se hizo acreedora a un premio de 10 mil pesos en efectivo.<\/p>\n\n\n\n<p>En su sexta edici\u00f3n, la Comisi\u00f3n Estatal de Derechos Humanos del Estado de Yucat\u00e1n (CODHEY) realiz\u00f3 el certamen en coordinaci\u00f3n con el Instituto para el Desarrollo de la Cultura Maya del Estado de Yucat\u00e1n (INDEMAYA).<\/p>\n\n\n\n<figure class=\"wp-block-image size-full\"><img loading=\"lazy\" width=\"512\" height=\"768\" src=\"https:\/\/visionpeninsular.com\/mid\/wp-content\/uploads\/2021\/12\/CONCURSO-FOTOGRAFIA-scaled-1.jpg\" alt=\"\" class=\"wp-image-149448\" srcset=\"https:\/\/visionpeninsular.com\/mid\/wp-content\/uploads\/2021\/12\/CONCURSO-FOTOGRAFIA-scaled-1.jpg 512w, https:\/\/visionpeninsular.com\/mid\/wp-content\/uploads\/2021\/12\/CONCURSO-FOTOGRAFIA-scaled-1-200x300.jpg 200w\" sizes=\"(max-width: 512px) 100vw, 512px\" \/><\/figure>\n\n\n\n<p>En la ceremonia, realizada en la Sala Yucat\u00e1n 92.9FM del Instituto Mexicano de la Radio (IMER), se galardon\u00f3 tambi\u00e9n a Daniel Jes\u00fas Dzib Cauich, quien obtuvo el segundo lugar y seis mil pesos por su fotograf\u00eda \u201cOtra tarde en el taller de costura; as\u00ed como a Alejandro Isael Jim\u00e9nez Soberanis, quien gan\u00f3 el tercer sitio y cuatro mil pesos con su trabajo titulado \u201cSobada para nacer II\u201d.<\/p>\n\n\n\n<p>Adem\u00e1s de los tres primeros lugares, obtuvieron menciones honor\u00edficas Lorenzo Carlos Hern\u00e1ndez P\u00e9rez por su trabajo \u201cTekax\u201d; Daniel Jes\u00fas Dzib Cauich con \u201cLa riqueza del campo\u201d; Miguel \u00c1ngel Cetina Mu\u00f1oz, con \u201cEducaci\u00f3n\u201d; y Rodolfo Valent\u00edn Cauich Vela, con la foto \u201cTejido en cuevas\u201d.<\/p>\n\n\n\n<figure class=\"wp-block-image size-full\"><img loading=\"lazy\" width=\"768\" height=\"513\" src=\"https:\/\/visionpeninsular.com\/mid\/wp-content\/uploads\/2021\/12\/SEGUNDO-LUGAR-CHEQUE-scaled-1.jpg\" alt=\"\" class=\"wp-image-149449\" srcset=\"https:\/\/visionpeninsular.com\/mid\/wp-content\/uploads\/2021\/12\/SEGUNDO-LUGAR-CHEQUE-scaled-1.jpg 768w, https:\/\/visionpeninsular.com\/mid\/wp-content\/uploads\/2021\/12\/SEGUNDO-LUGAR-CHEQUE-scaled-1-300x200.jpg 300w\" sizes=\"(max-width: 768px) 100vw, 768px\" \/><\/figure>\n\n\n\n<p>La ceremonia fue encabezada por Presidente de la Comisi\u00f3n de Derechos Humanos del Estado de Yucat\u00e1n, Miguel \u00d3scar Sabido Santana; el Director General del Instituto para el Desarrollo de la Cultura Maya del Estado de Yucat\u00e1n (INDEMAYA), Eric Eber Villanueva Mukul; el Gerente de Yucat\u00e1n 92.9 FM, Julio C\u00e9sar Mar\u00edn Rivas; y la Jefa del Departamento de Lengua y Cultura Maya del INDEMAYA e integrante del jurado calificador, Graciela Yamily Tec Chan.<\/p>\n\n\n\n<p>En su mensaje, el Presidente de la CODHEY, destac\u00f3 la calidad de las im\u00e1genes y el valor que tienen, ya que se cumple el objetivo de visibilizar e invitar a la reflexi\u00f3n sobre los derechos humanos de los pueblos originarios, como es el maya.<\/p>\n\n\n\n<p>Record\u00f3 que, con la premiaci\u00f3n de las personas ganadoras del concurso de fotograf\u00eda, finalizan las Jornadas por los Derechos Humanos 2021 que consisti\u00f3 en m\u00e1s de 17 d\u00edas de actividades realizadas en el marco del D\u00eda Internacional de los Derechos Humanos que se celebra el 10 de diciembre.<\/p>\n\n\n\n<p>En su oportunidad el Gerente de Yucat\u00e1n 92.9 FM reiter\u00f3 la colaboraci\u00f3n y compromiso de trabajo con la CODHEY en la promoci\u00f3n y difusi\u00f3n de los derechos humanos a trav\u00e9s del programa Sentido Humano Radio, que tiene m\u00e1s de 11 a\u00f1os al aire y ahora a trav\u00e9s de la exposici\u00f3n de las fotograf\u00edas ganadoras que estar\u00e1n hasta el 15 de enero de 2021.<\/p>\n\n\n\n<p>La Jefa del Departamento de Lengua y Cultura Maya del INDEMAYA e integrante del jurado calificador record\u00f3 que en d\u00edas pasados sesionaron para elegir a los ganadores del concurso, trabajo dif\u00edcil por la calidad de las im\u00e1genes que presentaron y felicit\u00f3 a todos los participantes, en particular, a los ganadores.<\/p>\n\n\n\n<p>Por su parte, el Director General del Indemaya dijo que cada una de las im\u00e1genes expuestas adem\u00e1s de su belleza, reflejan una realidad de las comunidades mayas y hacerlas visibles es otra manera de hacer valer sus derechos.<\/p>\n\n\n\n<p>\u201cHacer estos eventos significa impulsar y reconocer la cultura maya, sobre todo en Yucat\u00e1n m\u00e1s del 63% de las personas se reconocen de origen maya, cerca del 23% reconocen hablar la lengua maya; la cultura maya en Yucat\u00e1n es una cultura viva que seguimos viviendo y reproduciendo con nuestra forma de vida\u201d, precis\u00f3.<\/p>\n\n\n\n<p>El objetivo del Concurso Estatal de Fotograf\u00eda en Derechos Humanos es promover y visibilizar los derechos de la sociedad por medio de las artes visuales. En esta edici\u00f3n participaron 87 personas con 232 fotograf\u00edas. De ese total, el jurado seleccion\u00f3 un total de 22 im\u00e1genes: los primeros tres lugares, cuatro menciones honor\u00edficas y 15 trabajos m\u00e1s que formar\u00e1n parte de la exposici\u00f3n itinerante de la CODHEY, que permanecer\u00e1 abierta al p\u00fablico hasta el 15 de enero en la Sala Yucat\u00e1n 92.9 FM, ubicada en el edificio del Ex Hospital O\u2019Hor\u00e1n.<\/p>\n\n\n\n<p>El jurado calificador estuvo integrado por la artista visual Socorro Chabl\u00e9 Gonz\u00e1lez; el titular del Taller de Fotograf\u00eda de la Escuela Superior de Artes de Yucat\u00e1n (ESAY), Omar Said Charruf; la Jefa del Departamento de Lengua y Cultura del INDEMAYA, Graciela Tec Chan, el capacitador de la Delegaci\u00f3n Tekax de la CODHEY, Marcelino Carrillo Uc as\u00ed como Ignacio Rivero Bulnes, de la Oficina de Atenci\u00f3n a Migrantes del INDEMAYA.<\/p>\n<div class='share-to-whatsapp-wrapper'><div class='share-on-whsp'>Share on: <\/div><a data-text='Premian a ganadores del concurso de fotograf\u00eda de la Codhey' data-link='https:\/\/visionpeninsular.com\/mid\/premian-a-ganadores-del-concurso-de-fotografia-de-la-codhey\/' class='whatsapp-button whatsapp-share'>WhatsApp<\/a><div class='clear '><\/div><\/div>","protected":false},"excerpt":{"rendered":"<p>M\u00e9rida, Yucat\u00e1n; 17 de diciembre de 2021.- Con la imagen \u201cSalud, equidad e igualdad\u201d, Dulce Alejandra Balam Espa\u00f1a fue la ganadora del 6\u00ba Concurso Estatal de Fotograf\u00eda en Derechos Humanos \u201cLos derechos de los pueblos y comunidades ind\u00edgenas\u201d y se hizo acreedora a un premio de 10 mil pesos en efectivo. En su sexta edici\u00f3n, &hellip;<\/p>\n","protected":false},"author":5,"featured_media":149447,"comment_status":"open","ping_status":"open","sticky":false,"template":"","format":"standard","meta":{"_mi_skip_tracking":false},"categories":[49,37],"tags":[468,29585],"_links":{"self":[{"href":"https:\/\/visionpeninsular.com\/mid\/wp-json\/wp\/v2\/posts\/149445"}],"collection":[{"href":"https:\/\/visionpeninsular.com\/mid\/wp-json\/wp\/v2\/posts"}],"about":[{"href":"https:\/\/visionpeninsular.com\/mid\/wp-json\/wp\/v2\/types\/post"}],"author":[{"embeddable":true,"href":"https:\/\/visionpeninsular.com\/mid\/wp-json\/wp\/v2\/users\/5"}],"replies":[{"embeddable":true,"href":"https:\/\/visionpeninsular.com\/mid\/wp-json\/wp\/v2\/comments?post=149445"}],"version-history":[{"count":1,"href":"https:\/\/visionpeninsular.com\/mid\/wp-json\/wp\/v2\/posts\/149445\/revisions"}],"predecessor-version":[{"id":149450,"href":"https:\/\/visionpeninsular.com\/mid\/wp-json\/wp\/v2\/posts\/149445\/revisions\/149450"}],"wp:featuredmedia":[{"embeddable":true,"href":"https:\/\/visionpeninsular.com\/mid\/wp-json\/wp\/v2\/media\/149447"}],"wp:attachment":[{"href":"https:\/\/visionpeninsular.com\/mid\/wp-json\/wp\/v2\/media?parent=149445"}],"wp:term":[{"taxonomy":"category","embeddable":true,"href":"https:\/\/visionpeninsular.com\/mid\/wp-json\/wp\/v2\/categories?post=149445"},{"taxonomy":"post_tag","embeddable":true,"href":"https:\/\/visionpeninsular.com\/mid\/wp-json\/wp\/v2\/tags?post=149445"}],"curies":[{"name":"wp","href":"https:\/\/api.w.org\/{rel}","templated":true}]}}