{"id":148402,"date":"2021-11-22T13:18:30","date_gmt":"2021-11-22T19:18:30","guid":{"rendered":"https:\/\/visionpeninsular.com\/mid\/?p=148402"},"modified":"2021-11-22T13:18:33","modified_gmt":"2021-11-22T19:18:33","slug":"anuncia-semujeres-actividades-por-el-dia-internacional-de-la-eliminacion-de-la-violencia-contra-las-mujeres","status":"publish","type":"post","link":"https:\/\/visionpeninsular.com\/mid\/anuncia-semujeres-actividades-por-el-dia-internacional-de-la-eliminacion-de-la-violencia-contra-las-mujeres\/","title":{"rendered":"Anuncia Semujeres actividades por el D\u00eda Internacional de la Eliminaci\u00f3n de la Violencia contra las Mujeres"},"content":{"rendered":"\n<p><em>-Del 22 de noviembre al 10 de diciembre, realizar\u00e1 m\u00e1s de 60 acciones, en 30 municipios.<\/em><\/p>\n\n\n\n<p><em>-Habr\u00e1 opciones recreativas, comunitarias, preventivas, deportivas, culturales e informativas.<\/em><\/p>\n\n\n\n<p>M\u00e9rida, Yucat\u00e1n, 21 de noviembre de 2021.- Con motivo del D\u00eda Internacional de la Eliminaci\u00f3n de la Violencia contra las Mujeres, que se conmemora el 25 de este mes, la Secretar\u00eda de las Mujeres (Semujeres) pondr\u00e1 en marcha la campa\u00f1a \u201cVivir sin violencia es\u201d y m\u00e1s de 60 actividades de prevenci\u00f3n, en 30 municipios, del 22 de noviembre al 10 de diciembre pr\u00f3ximos.<\/p>\n\n\n\n<p>La titular de la dependencia, Mar\u00eda Cristina Castillo Espinosa, se\u00f1al\u00f3 que es prioridad del Gobernador Mauricio Vila Dosal seguir avanzando con estrategias para garantizar la seguridad y el bienestar integral de las yucatecas. \u201cQueremos mandar un mensaje firme y claro: la prevenci\u00f3n de la violencia es tarea de todas las personas; por eso, desde el Gobierno del Estado, estamos redoblando las acciones\u201d, agreg\u00f3.<\/p>\n\n\n\n<p>Indic\u00f3 que, aunque son diarias las labores de prevenci\u00f3n, atenci\u00f3n, sanci\u00f3n y erradicaci\u00f3n del problema, durante esas fechas, se fortalecer\u00e1 la presencia de la Semujeres, tanto en M\u00e9rida como en el interior de la entidad, con una amplia agenda que contiene actividades comunitarias, recreativas, culturales, deportivas, talleres, conferencias y un concurso de fotograf\u00eda.<\/p>\n\n\n\n<figure class=\"wp-block-image size-full\"><a href=\"https:\/\/visionpeninsular.com\/mid\/wp-content\/uploads\/2021\/11\/asesoras-sem.jpg\"><img loading=\"lazy\" width=\"600\" height=\"399\" src=\"https:\/\/visionpeninsular.com\/mid\/wp-content\/uploads\/2021\/11\/asesoras-sem.jpg\" alt=\"\" class=\"wp-image-148405\" srcset=\"https:\/\/visionpeninsular.com\/mid\/wp-content\/uploads\/2021\/11\/asesoras-sem.jpg 600w, https:\/\/visionpeninsular.com\/mid\/wp-content\/uploads\/2021\/11\/asesoras-sem-300x200.jpg 300w, https:\/\/visionpeninsular.com\/mid\/wp-content\/uploads\/2021\/11\/asesoras-sem-310x205.jpg 310w\" sizes=\"(max-width: 600px) 100vw, 600px\" \/><\/a><\/figure>\n\n\n\n<p>Con la campa\u00f1a de sensibilizaci\u00f3n \u201cVivir sin violencia es\u201d, se busca empoderar a mujeres y ni\u00f1as, de manera que tengan acceso pleno a sus Derechos Humanos y a una mejor calidad de vida; a trav\u00e9s de medios tradicionales y digitales, se mostrar\u00e1 a varias figuras que, desde diferentes \u00e1mbitos, se dedican a construir un futuro mejor para todas.<\/p>\n\n\n\n<p>Se incluir\u00e1 a Emmy Puerto Arteaga, activista y fundadora del Proyecto \u201cIn lak\u2019ech\u201d; Asherat Ceja Pliego, campeona nacional de gimnasia r\u00edtmica; Hamairany Fr\u00edas Ch\u00e1vez, mec\u00e1nica automotriz; Geysi Peraza Chab, emprendedora de Mayap\u00e1n, y Nicole Medina Guevara, estudiante de primaria, que ejemplifican c\u00f3mo es vivir sin violencia en lo cotidiano.<\/p>\n\n\n\n<figure class=\"wp-block-image size-full\"><a href=\"https:\/\/visionpeninsular.com\/mid\/wp-content\/uploads\/2021\/11\/talleristas.jpg\"><img loading=\"lazy\" width=\"600\" height=\"399\" src=\"https:\/\/visionpeninsular.com\/mid\/wp-content\/uploads\/2021\/11\/talleristas.jpg\" alt=\"\" class=\"wp-image-148411\" srcset=\"https:\/\/visionpeninsular.com\/mid\/wp-content\/uploads\/2021\/11\/talleristas.jpg 600w, https:\/\/visionpeninsular.com\/mid\/wp-content\/uploads\/2021\/11\/talleristas-300x200.jpg 300w, https:\/\/visionpeninsular.com\/mid\/wp-content\/uploads\/2021\/11\/talleristas-310x205.jpg 310w\" sizes=\"(max-width: 600px) 100vw, 600px\" \/><\/a><\/figure>\n\n\n\n<p>La cartelera de actividades arrancar\u00e1 este lunes 22, con la puesta en marcha de las Brigadas Violeta, donde personal de la Secretar\u00eda llevar\u00e1, a la colonia Emiliano Zapata Sur II de M\u00e9rida, informaci\u00f3n oportuna y \u00fatil sobre los servicios integrales que ofrece y c\u00f3mo acceder a ellos; tambi\u00e9n, estar\u00e1n en Teya, Progreso y R\u00edo Lagartos, en coordinaci\u00f3n con las instancias municipales del ramo.<\/p>\n\n\n\n<figure class=\"wp-block-image size-full\"><a href=\"https:\/\/visionpeninsular.com\/mid\/wp-content\/uploads\/2021\/11\/la-iolencia.jpg\"><img loading=\"lazy\" width=\"600\" height=\"399\" src=\"https:\/\/visionpeninsular.com\/mid\/wp-content\/uploads\/2021\/11\/la-iolencia.jpg\" alt=\"\" class=\"wp-image-148406\" srcset=\"https:\/\/visionpeninsular.com\/mid\/wp-content\/uploads\/2021\/11\/la-iolencia.jpg 600w, https:\/\/visionpeninsular.com\/mid\/wp-content\/uploads\/2021\/11\/la-iolencia-300x200.jpg 300w, https:\/\/visionpeninsular.com\/mid\/wp-content\/uploads\/2021\/11\/la-iolencia-310x205.jpg 310w\" sizes=\"(max-width: 600px) 100vw, 600px\" \/><\/a><\/figure>\n\n\n\n<p>En Temax y Akil, se realizar\u00e1 la Jornada Comunitaria de la Paz, a lo largo de 3 d\u00edas, resultado de la suma de esfuerzos con otras dependencias y asociaciones civiles; contar\u00e1 con varias actividades art\u00edsticas, recreativas y culturales, bolsa de empleo, un espacio de comercializaci\u00f3n para artesan\u00edas locales y estands informativos, tanto de prevenci\u00f3n de la violencia como sobre los servicios del Ejecutivo.<\/p>\n\n\n\n<p>Tambi\u00e9n, habr\u00e1 10 conferencias virtuales, con temas como Feminismo de datos, prevenci\u00f3n de la violencia digital; Acciones de atenci\u00f3n y prevenci\u00f3n de la violencia, a trav\u00e9s de los Centros Regionales Violeta; Presentaci\u00f3n del Protocolo de Actuaci\u00f3n ante Situaciones de Violencia contra Ni\u00f1as, Ni\u00f1os y Adolescentes, y Prevenci\u00f3n y detecci\u00f3n de los delitos contra las mujeres.<\/p>\n\n\n\n<figure class=\"wp-block-image size-full\"><a href=\"https:\/\/visionpeninsular.com\/mid\/wp-content\/uploads\/2021\/11\/caedeales.jpg\"><img loading=\"lazy\" width=\"600\" height=\"399\" src=\"https:\/\/visionpeninsular.com\/mid\/wp-content\/uploads\/2021\/11\/caedeales.jpg\" alt=\"\" class=\"wp-image-148407\" srcset=\"https:\/\/visionpeninsular.com\/mid\/wp-content\/uploads\/2021\/11\/caedeales.jpg 600w, https:\/\/visionpeninsular.com\/mid\/wp-content\/uploads\/2021\/11\/caedeales-300x200.jpg 300w, https:\/\/visionpeninsular.com\/mid\/wp-content\/uploads\/2021\/11\/caedeales-310x205.jpg 310w\" sizes=\"(max-width: 600px) 100vw, 600px\" \/><\/a><\/figure>\n\n\n\n<p>De igual manera, Presentaci\u00f3n del Manual de las Rutas de Atenci\u00f3n de Delitos contra Ni\u00f1as con Discapacidad; Causas y consecuencias de la violencia de g\u00e9nero; Mujeres con discapacidad trabajando por la inclusi\u00f3n; Micromachismos, y Derechos Humanos de las mujeres, entre otros t\u00f3picos.<\/p>\n\n\n\n<p>Asimismo, se impartir\u00e1 clases de defensa personal y yoga, caminatas, rodadas y rallys para personas de diferentes edades, en Conkal, Valladolid, Dzemul, Celest\u00fan y Tizim\u00edn, as\u00ed como actividades culturales, entre las que destacan cineforos, muestras art\u00edsticas y elaboraci\u00f3n de murales alusivos.<\/p>\n\n\n\n<figure class=\"wp-block-image size-full\"><a href=\"https:\/\/visionpeninsular.com\/mid\/wp-content\/uploads\/2021\/11\/sieuena.jpg\"><img loading=\"lazy\" width=\"600\" height=\"336\" src=\"https:\/\/visionpeninsular.com\/mid\/wp-content\/uploads\/2021\/11\/sieuena.jpg\" alt=\"\" class=\"wp-image-148408\" srcset=\"https:\/\/visionpeninsular.com\/mid\/wp-content\/uploads\/2021\/11\/sieuena.jpg 600w, https:\/\/visionpeninsular.com\/mid\/wp-content\/uploads\/2021\/11\/sieuena-300x168.jpg 300w\" sizes=\"(max-width: 600px) 100vw, 600px\" \/><\/a><\/figure>\n\n\n\n<p>Para la infancia, a las 11:00 horas del s\u00e1bado 27, se ofrecer\u00e1 el taller \u201cNi princesas ni pr\u00edncipes\u201d, en la Biblioteca &#8220;Manuel Cepeda Peraza\u201d; a trav\u00e9s de cuentos con finales alternativos, se promover\u00e1 el empoderamiento de las mujeres y la prevenci\u00f3n de los distintos tipos de violencia.<\/p>\n\n\n\n<p>Mediante el Observatorio de Participaci\u00f3n Pol\u00edtica de las Mujeres en Yucat\u00e1n, en coordinaci\u00f3n con la Junta Local del Instituto Nacional Electoral (INE) y el Electoral y de Participaci\u00f3n Ciudadana (Iepac), se lanzar\u00e1 el I Concurso Estatal de Fotograf\u00eda \u201c\u00bfC\u00f3mo se vive la sororidad?\u201d, cuya convocatoria puede consultarse en la p\u00e1gina observatoriopoliticomujeresyucatan.mx.<\/p>\n\n\n\n<figure class=\"wp-block-image size-full\"><a href=\"https:\/\/visionpeninsular.com\/mid\/wp-content\/uploads\/2021\/11\/los-omfprmes.jpg\"><img loading=\"lazy\" width=\"600\" height=\"336\" src=\"https:\/\/visionpeninsular.com\/mid\/wp-content\/uploads\/2021\/11\/los-omfprmes.jpg\" alt=\"\" class=\"wp-image-148409\" srcset=\"https:\/\/visionpeninsular.com\/mid\/wp-content\/uploads\/2021\/11\/los-omfprmes.jpg 600w, https:\/\/visionpeninsular.com\/mid\/wp-content\/uploads\/2021\/11\/los-omfprmes-300x168.jpg 300w\" sizes=\"(max-width: 600px) 100vw, 600px\" \/><\/a><\/figure>\n\n\n\n<p>Igual con el Observatorio, se prepar\u00f3 la conferencia \u201cLiderazgo y empoderamiento pol\u00edtico de las mujeres en Yucat\u00e1n, el conversatorio \u201cMujeres ind\u00edgenas, retos y perspectivas en la participaci\u00f3n pol\u00edtica\u201d y la mesa panel \u201cAtenci\u00f3n a la violencia pol\u00edtica contra las mujeres en raz\u00f3n de g\u00e9nero\u201d.<\/p>\n\n\n\n<p>Las actividades tambi\u00e9n llegar\u00e1n a preparatorias y universidades p\u00fablicas, con el taller \u201c\u00a1Hablemos con equidad! Uso del lenguaje no violento para j\u00f3venes\u201d, en el Plantel Hunucm\u00e1 del Colegio de Bachilleres (Cobay), y la charla \u201cSum\u00e9monos en la prevenci\u00f3n del acoso callejero\u201d, en la Universidad Tecnol\u00f3gica Metropolitana (UTM) de M\u00e9rida y el Instituto Tecnol\u00f3gico Superior del Sur (Itssy) en Oxkutzcab.<\/p>\n\n\n\n<figure class=\"wp-block-image size-full\"><a href=\"https:\/\/visionpeninsular.com\/mid\/wp-content\/uploads\/2021\/11\/sistema-dif.jpg\"><img loading=\"lazy\" width=\"600\" height=\"399\" src=\"https:\/\/visionpeninsular.com\/mid\/wp-content\/uploads\/2021\/11\/sistema-dif.jpg\" alt=\"\" class=\"wp-image-148410\" srcset=\"https:\/\/visionpeninsular.com\/mid\/wp-content\/uploads\/2021\/11\/sistema-dif.jpg 600w, https:\/\/visionpeninsular.com\/mid\/wp-content\/uploads\/2021\/11\/sistema-dif-300x200.jpg 300w, https:\/\/visionpeninsular.com\/mid\/wp-content\/uploads\/2021\/11\/sistema-dif-310x205.jpg 310w\" sizes=\"(max-width: 600px) 100vw, 600px\" \/><\/a><\/figure>\n\n\n\n<p>Para cerrar con broche de oro las actividades, el 8 de diciembre, a las 18:00, se presentar\u00e1 el concierto gratuito \u201cTodas por una voz\u201d, de la cantante yucateca Emma Alcocer, en el Palacio de la M\u00fasica- Centro Nacional de la M\u00fasica Mexicana, ubicado en la capital; se aplicar\u00e1 todas las medidas de higiene y habr\u00e1 aforo controlado.<\/p>\n\n\n\n<p>Con estas acciones, el Gobierno del Estado, a trav\u00e9s de la Semujeres, sigue construyendo comunidades de paz y trabajando por la defensa de los derechos del sector, para asegurar el acceso a una vida libre de violencia para ellas y sus familias. El calendario completo de actividades, con sedes, fechas y horarios, est\u00e1 disponible en la p\u00e1gina mujeres.yucatan.gob.mx.<\/p>\n<div class='share-to-whatsapp-wrapper'><div class='share-on-whsp'>Share on: <\/div><a data-text='Anuncia Semujeres actividades por el D\u00eda Internacional de la Eliminaci\u00f3n de la Violencia contra las Mujeres' data-link='https:\/\/visionpeninsular.com\/mid\/anuncia-semujeres-actividades-por-el-dia-internacional-de-la-eliminacion-de-la-violencia-contra-las-mujeres\/' class='whatsapp-button whatsapp-share'>WhatsApp<\/a><div class='clear '><\/div><\/div>","protected":false},"excerpt":{"rendered":"<p>-Del 22 de noviembre al 10 de diciembre, realizar\u00e1 m\u00e1s de 60 acciones, en 30 municipios. -Habr\u00e1 opciones recreativas, comunitarias, preventivas, deportivas, culturales e informativas. M\u00e9rida, Yucat\u00e1n, 21 de noviembre de 2021.- Con motivo del D\u00eda Internacional de la Eliminaci\u00f3n de la Violencia contra las Mujeres, que se conmemora el 25 de este mes, la &hellip;<\/p>\n","protected":false},"author":5,"featured_media":148404,"comment_status":"open","ping_status":"open","sticky":false,"template":"","format":"standard","meta":{"_mi_skip_tracking":false},"categories":[49,37],"tags":[29291,29290,15140],"_links":{"self":[{"href":"https:\/\/visionpeninsular.com\/mid\/wp-json\/wp\/v2\/posts\/148402"}],"collection":[{"href":"https:\/\/visionpeninsular.com\/mid\/wp-json\/wp\/v2\/posts"}],"about":[{"href":"https:\/\/visionpeninsular.com\/mid\/wp-json\/wp\/v2\/types\/post"}],"author":[{"embeddable":true,"href":"https:\/\/visionpeninsular.com\/mid\/wp-json\/wp\/v2\/users\/5"}],"replies":[{"embeddable":true,"href":"https:\/\/visionpeninsular.com\/mid\/wp-json\/wp\/v2\/comments?post=148402"}],"version-history":[{"count":1,"href":"https:\/\/visionpeninsular.com\/mid\/wp-json\/wp\/v2\/posts\/148402\/revisions"}],"predecessor-version":[{"id":148412,"href":"https:\/\/visionpeninsular.com\/mid\/wp-json\/wp\/v2\/posts\/148402\/revisions\/148412"}],"wp:featuredmedia":[{"embeddable":true,"href":"https:\/\/visionpeninsular.com\/mid\/wp-json\/wp\/v2\/media\/148404"}],"wp:attachment":[{"href":"https:\/\/visionpeninsular.com\/mid\/wp-json\/wp\/v2\/media?parent=148402"}],"wp:term":[{"taxonomy":"category","embeddable":true,"href":"https:\/\/visionpeninsular.com\/mid\/wp-json\/wp\/v2\/categories?post=148402"},{"taxonomy":"post_tag","embeddable":true,"href":"https:\/\/visionpeninsular.com\/mid\/wp-json\/wp\/v2\/tags?post=148402"}],"curies":[{"name":"wp","href":"https:\/\/api.w.org\/{rel}","templated":true}]}}